{"id":1915,"date":"2022-07-14T14:00:43","date_gmt":"2022-07-14T14:00:43","guid":{"rendered":"http:\/\/samanoticiasdurango.com\/?p=1915"},"modified":"2022-07-14T14:00:46","modified_gmt":"2022-07-14T14:00:46","slug":"orfandad-por-covid-y-violencia","status":"publish","type":"post","link":"https:\/\/samanoticiasdurango.com\/index.php\/2022\/07\/14\/orfandad-por-covid-y-violencia\/","title":{"rendered":"Orfandad por Covid y violencia"},"content":{"rendered":"\n<p>El manto de invisibilidad de las ma\u00f1aneras no pudo ocultar m\u00e1s el drama de los menores en desamparo: al menos&nbsp;<strong>326 mil menores de edad han quedado en la orfandad<\/strong>&nbsp;y sin ning\u00fan tipo de apoyo por parte del gobierno federal.<\/p>\n\n\n\n<p>Para la bancada del PAN en la Comisi\u00f3n Permanente del Congreso de la Uni\u00f3n ello se debe a la pandemia, violencia familiar y otro tipo de violencias.<\/p>\n\n\n\n<p>Ello sin contra los siete ni\u00f1os que son asesinados en M\u00e9xico todos los d\u00edas.<\/p>\n\n\n\n<p>En rueda de prensa, la senadora Kenia&nbsp;<strong>L\u00f3pez Rabad\u00e1n<\/strong>&nbsp;exhort\u00f3 a la Comisi\u00f3n Ejecutiva de Atenci\u00f3n a V\u00edctimas (CEAV) a que emita las medidas de ayuda, protecci\u00f3n, atenci\u00f3n, asistencia y reparaci\u00f3n integral a las que tienen derecho las y los menores de edad en estado de orfandad.<\/p>\n\n\n\n<p>\u201c<strong>Desde la llegada de Morena al gobierno federal, 328 mil 266 ni\u00f1as y ni\u00f1os han perdido a su mam\u00e1, a su pap\u00e1 o ambos<\/strong>, muchos de ellos se encuentran en total desamparo y el Estado los est\u00e1 dejando en una vulnerabilidad muy, muy lamentable\u201d, indic\u00f3 L\u00f3pez Rabad\u00e1n.<\/p>\n\n\n\n<p>Desafortunadamente, contin\u00fao, muchas de esas ausencias pudieron haberse evitado \u201cde no haber sido por la incompetencia, insensibilidad, omisi\u00f3n o irresponsabilidad de Morena\u201d.<\/p>\n\n\n\n<p>\u201cMuchas de estas p\u00e9rdidas, de estas ausencias se pudieron haber evitado&nbsp;<strong>si se hubieran tomado las medidas necesarias, si los hospitales hubieran estado preparados con personal, equipo y medicinas suficientes<\/strong>\u201d, consider\u00f3.<\/p>\n\n\n\n<p>En un punto de acuerdo registrado en la Gaceta Parlamentaria ante la Comisi\u00f3n Permanente, la legisladora destac\u00f3 que en el reciente informe del Comit\u00e9 contra la Desaparici\u00f3n Forzada de las Naciones Unidas sobre su visita en noviembre de 2021 al Estado mexicano, precis\u00f3 que M\u00e9xico enfrenta una grave crisis en materia de desapariciones forzadas.<\/p>\n\n\n\n<p>\u201cEn nuestro pa\u00eds, la Comisi\u00f3n Ejecutiva de Atenci\u00f3n a V\u00edctimas tiene la obligaci\u00f3n legal de emitir las medidas necesarias y suficientes para proteger y garantizar los derechos de las v\u00edctimas indirectas de los delitos de desaparici\u00f3n forzada en nuestro pa\u00eds, especialmente, velar por aquellos menores de edad en estado de orfandad\u201d, indic\u00f3.<\/p>\n\n\n\n<p>De acuerdo con datos oficiales de la Comisi\u00f3n Nacional de B\u00fasqueda, desde el 15 de marzo de 1964 a la fecha, se han registrado&nbsp;<strong>101 mil 85 personas desaparecidas y no localizadas en nuestro pa\u00eds<\/strong>.<\/p>\n\n\n\n<p>Tan s\u00f3lo en el actual sexenio, se han contabilizado 32 mil 438, es decir,&nbsp;<strong>tres de cada 10 personas que se encuentran dentro del Registro Nacional de Personas Desaparecidas y no Localizadas, han desaparecido durante la administraci\u00f3n del presidente L\u00f3pez Obrador<\/strong>.<\/p>\n\n\n\n<p>Con informaci\u00f3n de&nbsp;<em>El Universal<\/em>.<\/p>\n","protected":false},"excerpt":{"rendered":"<p>El manto de invisibilidad de las ma\u00f1aneras no pudo ocultar m\u00e1s el drama de los<\/p>\n","protected":false},"author":1,"featured_media":1916,"comment_status":"open","ping_status":"open","sticky":false,"template":"","format":"standard","meta":{"om_disable_all_campaigns":false,"_monsterinsights_skip_tracking":false,"_monsterinsights_sitenote_active":false,"_monsterinsights_sitenote_note":"","_monsterinsights_sitenote_category":0,"_jetpack_memberships_contains_paid_content":false,"footnotes":"","jetpack_publicize_message":"","jetpack_publicize_feature_enabled":true,"jetpack_social_post_already_shared":false,"jetpack_social_options":{"image_generator_settings":{"template":"highway","enabled":false},"version":2}},"categories":[5],"tags":[],"class_list":["post-1915","post","type-post","status-publish","format-standard","has-post-thumbnail","hentry","category-nacional"],"jetpack_publicize_connections":[],"aioseo_notices":[],"jetpack_featured_media_url":"https:\/\/samanoticiasdurango.com\/wp-content\/uploads\/2022\/07\/nota-82886982122.jpg","featured_image_urls":{"full":["https:\/\/samanoticiasdurango.com\/wp-content\/uploads\/2022\/07\/nota-82886982122.jpg",780,500,false],"thumbnail":["https:\/\/samanoticiasdurango.com\/wp-content\/uploads\/2022\/07\/nota-82886982122-150x150.jpg",150,150,true],"medium":["https:\/\/samanoticiasdurango.com\/wp-content\/uploads\/2022\/07\/nota-82886982122-300x192.jpg",300,192,true],"medium_large":["https:\/\/samanoticiasdurango.com\/wp-content\/uploads\/2022\/07\/nota-82886982122-768x492.jpg",640,410,true],"large":["https:\/\/samanoticiasdurango.com\/wp-content\/uploads\/2022\/07\/nota-82886982122.jpg",640,410,false],"1536x1536":["https:\/\/samanoticiasdurango.com\/wp-content\/uploads\/2022\/07\/nota-82886982122.jpg",780,500,false],"2048x2048":["https:\/\/samanoticiasdurango.com\/wp-content\/uploads\/2022\/07\/nota-82886982122.jpg",780,500,false],"chromenews-featured":["https:\/\/samanoticiasdurango.com\/wp-content\/uploads\/2022\/07\/nota-82886982122.jpg",780,500,false],"chromenews-large":["https:\/\/samanoticiasdurango.com\/wp-content\/uploads\/2022\/07\/nota-82886982122.jpg",780,500,false],"chromenews-medium":["https:\/\/samanoticiasdurango.com\/wp-content\/uploads\/2022\/07\/nota-82886982122-590x410.jpg",590,410,true]},"author_info":{"display_name":"Redacci\u00f3n","author_link":"https:\/\/samanoticiasdurango.com\/index.php\/author\/jjsama13gmail-com\/"},"category_info":"<a href=\"https:\/\/samanoticiasdurango.com\/index.php\/category\/nacional\/\" rel=\"category tag\">NACIONAL<\/a>","tag_info":"NACIONAL","comment_count":"0","jetpack_sharing_enabled":true,"_links":{"self":[{"href":"https:\/\/samanoticiasdurango.com\/index.php\/wp-json\/wp\/v2\/posts\/1915","targetHints":{"allow":["GET"]}}],"collection":[{"href":"https:\/\/samanoticiasdurango.com\/index.php\/wp-json\/wp\/v2\/posts"}],"about":[{"href":"https:\/\/samanoticiasdurango.com\/index.php\/wp-json\/wp\/v2\/types\/post"}],"author":[{"embeddable":true,"href":"https:\/\/samanoticiasdurango.com\/index.php\/wp-json\/wp\/v2\/users\/1"}],"replies":[{"embeddable":true,"href":"https:\/\/samanoticiasdurango.com\/index.php\/wp-json\/wp\/v2\/comments?post=1915"}],"version-history":[{"count":1,"href":"https:\/\/samanoticiasdurango.com\/index.php\/wp-json\/wp\/v2\/posts\/1915\/revisions"}],"predecessor-version":[{"id":1917,"href":"https:\/\/samanoticiasdurango.com\/index.php\/wp-json\/wp\/v2\/posts\/1915\/revisions\/1917"}],"wp:featuredmedia":[{"embeddable":true,"href":"https:\/\/samanoticiasdurango.com\/index.php\/wp-json\/wp\/v2\/media\/1916"}],"wp:attachment":[{"href":"https:\/\/samanoticiasdurango.com\/index.php\/wp-json\/wp\/v2\/media?parent=1915"}],"wp:term":[{"taxonomy":"category","embeddable":true,"href":"https:\/\/samanoticiasdurango.com\/index.php\/wp-json\/wp\/v2\/categories?post=1915"},{"taxonomy":"post_tag","embeddable":true,"href":"https:\/\/samanoticiasdurango.com\/index.php\/wp-json\/wp\/v2\/tags?post=1915"}],"curies":[{"name":"wp","href":"https:\/\/api.w.org\/{rel}","templated":true}]}}