{"id":1944,"date":"2022-07-16T14:27:50","date_gmt":"2022-07-16T14:27:50","guid":{"rendered":"http:\/\/samanoticiasdurango.com\/?p=1944"},"modified":"2022-07-16T14:27:54","modified_gmt":"2022-07-16T14:27:54","slug":"mueren-14-marinos-en-desplome-de-helicoptero-en-los-mochis","status":"publish","type":"post","link":"https:\/\/samanoticiasdurango.com\/index.php\/2022\/07\/16\/mueren-14-marinos-en-desplome-de-helicoptero-en-los-mochis\/","title":{"rendered":"Mueren 14 marinos en desplome de helic\u00f3ptero en Los Mochis"},"content":{"rendered":"\n<p>Un helic\u00f3ptero tipo Black Hawk propiedad de la Secretar\u00eda de la Marina (Semar) se desplom\u00f3 en Los Mochis, Sinaloa, lo que ocasion\u00f3 la muerte a 14 elementos de la dependencia.<br><br>Al respecto, jefe del Ejecutivo Federal Andr\u00e9s Manuel L\u00f3pez Obrador confirm\u00f3 que las v\u00edctimas respaldaban a los agentes que ejecutaron la orden de aprehensi\u00f3n en contra de Rafael Caro Quintero.<br><br>El presidente lament\u00f3 el deceso de los elementos de la Semar y explic\u00f3 que el accidente ocurri\u00f3 cuando las 15 v\u00edctimas viajaban en la aeronave que estaba por aterrizar en Los Mochis, tras cumplir con la misi\u00f3n de respaldar a quienes ejecutaron la orden de aprehensi\u00f3n en contra del narcotraficante, en la comunidad de San Sim\u00f3n del municipio de Choix.<br>https:\/\/platform.twitter.com\/embed\/Tweet.html?creatorScreenName=The%20Bunker%20Noticias&amp;dnt=false&amp;embedId=twitter-widget-0&amp;features=eyJ0ZndfdHdlZXRfZWRpdF9iYWNrZW5kIjp7ImJ1Y2tldCI6Im9mZiIsInZlcnNpb24iOm51bGx9LCJ0ZndfcmVmc3JjX3Nlc3Npb24iOnsiYnVja2V0Ijoib2ZmIiwidmVyc2lvbiI6bnVsbH0sInRmd190d2VldF9yZXN1bHRfbWlncmF0aW9uXzEzOTc5Ijp7ImJ1Y2tldCI6InR3ZWV0X3Jlc3VsdCIsInZlcnNpb24iOm51bGx9LCJ0Zndfc2Vuc2l0aXZlX21lZGlhX2ludGVyc3RpdGlhbF8xMzk2MyI6eyJidWNrZXQiOiJpbnRlcnN0aXRpYWwiLCJ2ZXJzaW9uIjpudWxsfSwidGZ3X2V4cGVyaW1lbnRzX2Nvb2tpZV9leHBpcmF0aW9uIjp7ImJ1Y2tldCI6MTIwOTYwMCwidmVyc2lvbiI6bnVsbH0sInRmd19kdXBsaWNhdGVfc2NyaWJlc190b19zZXR0aW5ncyI6eyJidWNrZXQiOiJvZmYiLCJ2ZXJzaW9uIjpudWxsfSwidGZ3X3VzZXJfZm9sbG93X2ludGVudF8xNDQwNiI6eyJidWNrZXQiOiJmb2xsb3ciLCJ2ZXJzaW9uIjpudWxsfSwidGZ3X3R3ZWV0X2VkaXRfZnJvbnRlbmQiOnsiYnVja2V0Ijoib2ZmIiwidmVyc2lvbiI6bnVsbH19&amp;frame=false&amp;hideCard=false&amp;hideThread=false&amp;id=1548131559001051136&amp;lang=es&amp;origin=https%3A%2F%2Fthebunker.mx%2F6821%2FMueren-14-marinos-en-desplome-de-helic%25C3%25B3ptero-en-Los-Mochis&amp;sessionId=845db5959316ecb8ab7e9bf30947c386414e1dc1&amp;siteScreenName=TheBunkerMex&amp;theme=light&amp;widgetsVersion=3235bd17138fa%3A1657578976990&amp;width=550px<br>\u201cLamento mucho la p\u00e9rdida de 14 elementos de la Armada de M\u00e9xico y deseo que se recupere el oficial que est\u00e1 herido de gravedad. Env\u00edo mi m\u00e1s sincero p\u00e9same y abrazo a sus familiares, compa\u00f1eros y amigos\u201d, escribi\u00f3 L\u00f3pez Obrador.<\/p>\n\n\n\n<p>En ese sentido, L\u00f3pez Obrador asegur\u00f3 que el titular de la secretar\u00eda, Jos\u00e9 Rafael Ojeda Dur\u00e1n, ordenar\u00e1 una investigaci\u00f3n para conocer las causas del desplome del veh\u00edculo a\u00e9reo en el cual viajaban en total 15 personas.<\/p>\n\n\n\n<p>No obstante el mensaje del mandatario federal, pocas horas antes del posteo la Semar emiti\u00f3 un comunicado se\u00f1alando que no hab\u00eda informaci\u00f3n de que el accidente a\u00e9reo estuviera relacionado con la detenci\u00f3n del narcotraficante.<\/p>\n","protected":false},"excerpt":{"rendered":"<p>Un helic\u00f3ptero tipo Black Hawk propiedad de la Secretar\u00eda de la Marina (Semar) se desplom\u00f3<\/p>\n","protected":false},"author":1,"featured_media":1945,"comment_status":"open","ping_status":"open","sticky":false,"template":"","format":"standard","meta":{"om_disable_all_campaigns":false,"_monsterinsights_skip_tracking":false,"_monsterinsights_sitenote_active":false,"_monsterinsights_sitenote_note":"","_monsterinsights_sitenote_category":0,"_jetpack_memberships_contains_paid_content":false,"footnotes":"","jetpack_publicize_message":"","jetpack_publicize_feature_enabled":true,"jetpack_social_post_already_shared":false,"jetpack_social_options":{"image_generator_settings":{"template":"highway","enabled":false},"version":2}},"categories":[5],"tags":[],"class_list":["post-1944","post","type-post","status-publish","format-standard","has-post-thumbnail","hentry","category-nacional"],"jetpack_publicize_connections":[],"aioseo_notices":[],"jetpack_featured_media_url":"https:\/\/samanoticiasdurango.com\/wp-content\/uploads\/2022\/07\/nota-2352552202979.jpg","featured_image_urls":{"full":["https:\/\/samanoticiasdurango.com\/wp-content\/uploads\/2022\/07\/nota-2352552202979.jpg",780,500,false],"thumbnail":["https:\/\/samanoticiasdurango.com\/wp-content\/uploads\/2022\/07\/nota-2352552202979-150x150.jpg",150,150,true],"medium":["https:\/\/samanoticiasdurango.com\/wp-content\/uploads\/2022\/07\/nota-2352552202979-300x192.jpg",300,192,true],"medium_large":["https:\/\/samanoticiasdurango.com\/wp-content\/uploads\/2022\/07\/nota-2352552202979-768x492.jpg",640,410,true],"large":["https:\/\/samanoticiasdurango.com\/wp-content\/uploads\/2022\/07\/nota-2352552202979.jpg",640,410,false],"1536x1536":["https:\/\/samanoticiasdurango.com\/wp-content\/uploads\/2022\/07\/nota-2352552202979.jpg",780,500,false],"2048x2048":["https:\/\/samanoticiasdurango.com\/wp-content\/uploads\/2022\/07\/nota-2352552202979.jpg",780,500,false],"chromenews-featured":["https:\/\/samanoticiasdurango.com\/wp-content\/uploads\/2022\/07\/nota-2352552202979.jpg",780,500,false],"chromenews-large":["https:\/\/samanoticiasdurango.com\/wp-content\/uploads\/2022\/07\/nota-2352552202979.jpg",780,500,false],"chromenews-medium":["https:\/\/samanoticiasdurango.com\/wp-content\/uploads\/2022\/07\/nota-2352552202979-590x410.jpg",590,410,true]},"author_info":{"display_name":"Redacci\u00f3n","author_link":"https:\/\/samanoticiasdurango.com\/index.php\/author\/jjsama13gmail-com\/"},"category_info":"<a href=\"https:\/\/samanoticiasdurango.com\/index.php\/category\/nacional\/\" rel=\"category tag\">NACIONAL<\/a>","tag_info":"NACIONAL","comment_count":"0","jetpack_sharing_enabled":true,"_links":{"self":[{"href":"https:\/\/samanoticiasdurango.com\/index.php\/wp-json\/wp\/v2\/posts\/1944","targetHints":{"allow":["GET"]}}],"collection":[{"href":"https:\/\/samanoticiasdurango.com\/index.php\/wp-json\/wp\/v2\/posts"}],"about":[{"href":"https:\/\/samanoticiasdurango.com\/index.php\/wp-json\/wp\/v2\/types\/post"}],"author":[{"embeddable":true,"href":"https:\/\/samanoticiasdurango.com\/index.php\/wp-json\/wp\/v2\/users\/1"}],"replies":[{"embeddable":true,"href":"https:\/\/samanoticiasdurango.com\/index.php\/wp-json\/wp\/v2\/comments?post=1944"}],"version-history":[{"count":1,"href":"https:\/\/samanoticiasdurango.com\/index.php\/wp-json\/wp\/v2\/posts\/1944\/revisions"}],"predecessor-version":[{"id":1946,"href":"https:\/\/samanoticiasdurango.com\/index.php\/wp-json\/wp\/v2\/posts\/1944\/revisions\/1946"}],"wp:featuredmedia":[{"embeddable":true,"href":"https:\/\/samanoticiasdurango.com\/index.php\/wp-json\/wp\/v2\/media\/1945"}],"wp:attachment":[{"href":"https:\/\/samanoticiasdurango.com\/index.php\/wp-json\/wp\/v2\/media?parent=1944"}],"wp:term":[{"taxonomy":"category","embeddable":true,"href":"https:\/\/samanoticiasdurango.com\/index.php\/wp-json\/wp\/v2\/categories?post=1944"},{"taxonomy":"post_tag","embeddable":true,"href":"https:\/\/samanoticiasdurango.com\/index.php\/wp-json\/wp\/v2\/tags?post=1944"}],"curies":[{"name":"wp","href":"https:\/\/api.w.org\/{rel}","templated":true}]}}