{"id":1969,"date":"2022-07-18T16:17:29","date_gmt":"2022-07-18T16:17:29","guid":{"rendered":"http:\/\/samanoticiasdurango.com\/?p=1969"},"modified":"2022-07-18T16:19:18","modified_gmt":"2022-07-18T16:19:18","slug":"denuncian-a-funcionaria-del-municipio-de-durango-por-falsificacion-de-titulo-profesional-por-fernando-miranda","status":"publish","type":"post","link":"https:\/\/samanoticiasdurango.com\/index.php\/2022\/07\/18\/denuncian-a-funcionaria-del-municipio-de-durango-por-falsificacion-de-titulo-profesional-por-fernando-miranda\/","title":{"rendered":"Denuncian a funcionaria del municipio de Durango por falsificaci\u00f3n de t\u00edtulo profesional. Por Fernando Miranda"},"content":{"rendered":"\n<p><strong>De la redacci\u00f3n de razacero.<\/strong><\/p>\n\n\n\n<p>El pasado viernes 15 de julio, el director de nuestro medio informativo, Fernando Miranda Serv\u00edn, se present\u00f3 en la Fiscal\u00eda Especializada en Combate a la Corrupci\u00f3n para presentar una denuncia en contra de la subdirectora de Atenci\u00f3n Ciudadana de Aguas del Municipio de Durango, Mar\u00eda Sara Blanco Medrano, por los delitos de falsificaci\u00f3n de documento, usurpaci\u00f3n de profesi\u00f3n y los que resulten. Lo anterior, derivado de las denuncias p\u00fablicas documentadas que reiteradamente han hecho ciudadanos y algunos medios de comunicaci\u00f3n que desde hace m\u00e1s de un a\u00f1o dieron a conocer este hecho.<\/p>\n\n\n\n<figure class=\"wp-block-image\" id=\"attachment_16860\"><img decoding=\"async\" src=\"https:\/\/razacero.com\/wp-content\/uploads\/2022\/07\/WhatsApp-Image-2022-07-17-at-10.19.50-PM-610x600.jpeg\" alt=\"\" class=\"wp-image-16860\"\/><figcaption>Mar\u00eda Sara Blanco Medrano, subdirectora de Atenci\u00f3n Ciudadana de Aguas del Municipio de Durango, desde 2019 habr\u00eda entregado un t\u00edtulo profesional falsificado para obtener el cargo que ha ostentado.<\/figcaption><\/figure>\n\n\n\n<p>Como se sabe, en las redes sociales fue exhibido el t\u00edtulo profesional de Licenciada en Administraci\u00f3n de Empresas supuestamente emitido por la Universidad Durango Santander (Lobos) que Mar\u00eda Sara Blanco Medrano habr\u00eda entregado a autoridades del municipio de Durango para obtener el cargo que ha ocupado desde 2019. Al solicitar informaci\u00f3n a esta universidad, las autoridades acad\u00e9micas respondieron que esta instituci\u00f3n educativa no imparte esa licenciatura. Por su parte, el Registro Estatal de Profesiones contest\u00f3 que no tiene ning\u00fan registro de t\u00edtulo a nombre de Maria Sara Blanco Medrano.<\/p>\n\n\n\n<figure class=\"wp-block-image\" id=\"attachment_16861\"><img decoding=\"async\" src=\"https:\/\/razacero.com\/wp-content\/uploads\/2022\/07\/WhatsApp-Image-2022-07-17-at-10.23.15-PM-341x600.jpeg\" alt=\"\" class=\"wp-image-16861\"\/><figcaption>La denuncia contra Maria Sara Blanco Medrano qued\u00f3 asentada en la Fiscal\u00eda Especializada en Combate a la Corrupci\u00f3n, bajo el n\u00famero de Carpeta de Investigaci\u00f3n 101\/2022.<\/figcaption><\/figure>\n\n\n\n<p>Al visitar la p\u00e1gina oficial denominada Consulta C\u00e9dula Profesional, del Gobierno de M\u00e9xico, el equipo de razacero pudo constatar que ah\u00ed aparec\u00eda el nombre de Mar\u00eda Sara Blanco Medrano ostentando el n\u00famero de c\u00e9dula 10362864; sin embargo, dicho n\u00famero de c\u00e9dula pertenece al ciudadano Enrique Gonz\u00e1lez Cid De Le\u00f3n, que tiene su licenciatura de Ingenier\u00eda en Comunicaciones y Electr\u00f3nica por el Instituto Polit\u00e9cnico Nacional.<br>Ahora ser\u00e1 la FECCED la que deber\u00e1 realizar las investigaciones correspondientes.<\/p>\n\n\n\n<p>La denuncia fue interpuesta por el director de nuestro medio informativo dada la omisi\u00f3n y marcada indiferencia que al respecto han manifestado las autoridades del municipio de Durango, desde el alcalde panista Jorge Salum, su Secretario del Ayuntamiento, Mario Garza Escobosa; la s\u00edndico, Luz Mar\u00eda Garibay Avitia; la totalidad de los regidores del cabildo y los integrantes del Consejo Directivo de este Organismo P\u00fablico Descentralizado.<\/p>\n","protected":false},"excerpt":{"rendered":"<p>De la redacci\u00f3n de razacero. El pasado viernes 15 de julio, el director de nuestro<\/p>\n","protected":false},"author":1,"featured_media":1972,"comment_status":"open","ping_status":"open","sticky":false,"template":"","format":"standard","meta":{"om_disable_all_campaigns":false,"_monsterinsights_skip_tracking":false,"_monsterinsights_sitenote_active":false,"_monsterinsights_sitenote_note":"","_monsterinsights_sitenote_category":0,"_jetpack_memberships_contains_paid_content":false,"footnotes":"","jetpack_publicize_message":"","jetpack_publicize_feature_enabled":true,"jetpack_social_post_already_shared":false,"jetpack_social_options":{"image_generator_settings":{"template":"highway","enabled":false},"version":2}},"categories":[1],"tags":[],"class_list":["post-1969","post","type-post","status-publish","format-standard","has-post-thumbnail","hentry","category-archivo"],"jetpack_publicize_connections":[],"aioseo_notices":[],"jetpack_featured_media_url":"https:\/\/samanoticiasdurango.com\/wp-content\/uploads\/2022\/07\/saumito.jpg","featured_image_urls":{"full":["https:\/\/samanoticiasdurango.com\/wp-content\/uploads\/2022\/07\/saumito.jpg",780,500,false],"thumbnail":["https:\/\/samanoticiasdurango.com\/wp-content\/uploads\/2022\/07\/saumito-150x150.jpg",150,150,true],"medium":["https:\/\/samanoticiasdurango.com\/wp-content\/uploads\/2022\/07\/saumito-300x192.jpg",300,192,true],"medium_large":["https:\/\/samanoticiasdurango.com\/wp-content\/uploads\/2022\/07\/saumito-768x492.jpg",640,410,true],"large":["https:\/\/samanoticiasdurango.com\/wp-content\/uploads\/2022\/07\/saumito.jpg",640,410,false],"1536x1536":["https:\/\/samanoticiasdurango.com\/wp-content\/uploads\/2022\/07\/saumito.jpg",780,500,false],"2048x2048":["https:\/\/samanoticiasdurango.com\/wp-content\/uploads\/2022\/07\/saumito.jpg",780,500,false],"chromenews-featured":["https:\/\/samanoticiasdurango.com\/wp-content\/uploads\/2022\/07\/saumito.jpg",780,500,false],"chromenews-large":["https:\/\/samanoticiasdurango.com\/wp-content\/uploads\/2022\/07\/saumito.jpg",780,500,false],"chromenews-medium":["https:\/\/samanoticiasdurango.com\/wp-content\/uploads\/2022\/07\/saumito-590x410.jpg",590,410,true]},"author_info":{"display_name":"Redacci\u00f3n","author_link":"https:\/\/samanoticiasdurango.com\/index.php\/author\/jjsama13gmail-com\/"},"category_info":"<a href=\"https:\/\/samanoticiasdurango.com\/index.php\/category\/archivo\/\" rel=\"category tag\">DURANGO<\/a>","tag_info":"DURANGO","comment_count":"0","jetpack_sharing_enabled":true,"_links":{"self":[{"href":"https:\/\/samanoticiasdurango.com\/index.php\/wp-json\/wp\/v2\/posts\/1969","targetHints":{"allow":["GET"]}}],"collection":[{"href":"https:\/\/samanoticiasdurango.com\/index.php\/wp-json\/wp\/v2\/posts"}],"about":[{"href":"https:\/\/samanoticiasdurango.com\/index.php\/wp-json\/wp\/v2\/types\/post"}],"author":[{"embeddable":true,"href":"https:\/\/samanoticiasdurango.com\/index.php\/wp-json\/wp\/v2\/users\/1"}],"replies":[{"embeddable":true,"href":"https:\/\/samanoticiasdurango.com\/index.php\/wp-json\/wp\/v2\/comments?post=1969"}],"version-history":[{"count":1,"href":"https:\/\/samanoticiasdurango.com\/index.php\/wp-json\/wp\/v2\/posts\/1969\/revisions"}],"predecessor-version":[{"id":1971,"href":"https:\/\/samanoticiasdurango.com\/index.php\/wp-json\/wp\/v2\/posts\/1969\/revisions\/1971"}],"wp:featuredmedia":[{"embeddable":true,"href":"https:\/\/samanoticiasdurango.com\/index.php\/wp-json\/wp\/v2\/media\/1972"}],"wp:attachment":[{"href":"https:\/\/samanoticiasdurango.com\/index.php\/wp-json\/wp\/v2\/media?parent=1969"}],"wp:term":[{"taxonomy":"category","embeddable":true,"href":"https:\/\/samanoticiasdurango.com\/index.php\/wp-json\/wp\/v2\/categories?post=1969"},{"taxonomy":"post_tag","embeddable":true,"href":"https:\/\/samanoticiasdurango.com\/index.php\/wp-json\/wp\/v2\/tags?post=1969"}],"curies":[{"name":"wp","href":"https:\/\/api.w.org\/{rel}","templated":true}]}}