{"id":1981,"date":"2022-07-20T13:27:27","date_gmt":"2022-07-20T13:27:27","guid":{"rendered":"http:\/\/samanoticiasdurango.com\/?p=1981"},"modified":"2022-07-20T13:27:31","modified_gmt":"2022-07-20T13:27:31","slug":"en-lo-que-va-de-2022-mas-de-13-mil-delitos-contra-menores-en-mexico","status":"publish","type":"post","link":"https:\/\/samanoticiasdurango.com\/index.php\/2022\/07\/20\/en-lo-que-va-de-2022-mas-de-13-mil-delitos-contra-menores-en-mexico\/","title":{"rendered":"En lo que va de 2022, m\u00e1s de 13 mil delitos contra menores en M\u00e9xico"},"content":{"rendered":"\n<ul class=\"wp-block-list\"><li><a href=\"mailto:?subject=En%20lo%20que%20va%20de%202022,%20m%C3%A1s%20de%2013%20mil%20delitos%20contra%20menores%20en%20M%C3%A9xico&amp;body=https:\/\/lopezdoriga.com\/nacional\/delitos-contra-menores-mexico-2022\/\" target=\"_blank\" rel=\"noreferrer noopener\"><\/a><\/li><\/ul>\n\n\n\n<p>De enero a mayo de 2022, se han registrado 13 mil 273 delitos en contra de ni\u00f1as, ni\u00f1os y adolescentes, de acuerdo con UNICEFJULIO 20, 2022<\/p>\n\n\n\n<p>De enero a mayo de lo que va de 2022, en M\u00e9xico se han registrado&nbsp;<strong>13 mil 273 delitos<\/strong>&nbsp;en contra de ni\u00f1as, ni\u00f1os y adolescentes, de acuerdo con cifras del Fondo de las Naciones Unidas para la Infancia (<strong>UNICEF<\/strong>).<\/p>\n\n\n\n<p><a href=\"https:\/\/www.unicef.org\/mexico\/publicaciones-e-informes\" target=\"_blank\" rel=\"noreferrer noopener\">En un reporte<\/a>, destaca que el Estado de M\u00e9xico es la entidad que m\u00e1s casos acumula, con 2 mil 725, seguido por Nuevo Le\u00f3n, mil 255; la Ciudad de M\u00e9xico, mil 219; Guanajuato, 678, y Quer\u00e9taro 653.<\/p>\n\n\n\n<p>En lo que va del a\u00f1o, se cometieron 451 homicidios de menores de edad, de los cuales 384 eran mujeres, y 64, hombres. Este delito alcanz\u00f3 en 2020 y en 2021 mil 102 y mil 77 casos, respectivamente. Adem\u00e1s, 4 mil 547 ni\u00f1as, ni\u00f1os y adolescentes fueron v\u00edctimas de lesiones dolosas.<\/p>\n\n\n\n<p>Durante los primeros cinco meses de este a\u00f1o, ni\u00f1as y adolescentes mexicanas han sido v\u00edctimas de feminicidio.<\/p>\n\n\n\n<p>En ese periodo tambi\u00e9n se reportaron 2 mil 162 desapariciones de menores de edad, principalmente de ni\u00f1as y adolescentes. De esa cifra, mil 325 fueron localizadas, mientras que de 837 a\u00fan se desconoce su paradero.<\/p>\n\n\n\n<p>La Red por los Derechos de la Infancia en M\u00e9xico (<strong>Redim<\/strong>) expone que aunque en la mayor\u00eda de los casos los menores desaparecidos son localizados, una de cada 100 personas son halladas sin vida y 20 de cada 100 contin\u00faan desaparecidas.<\/p>\n\n\n\n<p>Precisa que hay contextos y razones muy diferentes por los que se presentan las desapariciones, pero dice que existe una constante y se trata de ni\u00f1as y adolescentes de 12 a 17 a\u00f1os, porque los separan de sus familias para cometer actividades con el crimen organizado o como v\u00edctimas de trata de personas.<\/p>\n\n\n\n<p>El organismo civil se\u00f1ala que tan s\u00f3lo en 2021 diariamente 12 ni\u00f1as, ni\u00f1os y adolescentes fueron reportados como desaparecidos o no localizados.<\/p>\n\n\n\n<p>\u201cEsta expresi\u00f3n m\u00e1xima de la violencia, que se materializa con m\u00faltiples violaciones a los derechos humanos, representa una crisis que ya ha sido reconocida por algunas autoridades del Estado mexicano\u201d, dice la ONG en su Balance Anual 2021.<\/p>\n\n\n\n<p>Expone que la gravedad del problema es de tal magnitud que las cifras oficiales que se registran aumentan a medida que pasan las horas.<\/p>\n\n\n\n<p>Destaca que, desde que se tiene registro, 80 mil 344 personas de cero a 17 a\u00f1os han sido reportadas como desaparecidas, no localizadas o localizadas en M\u00e9xico hasta el 20 de diciembre de 2021. De estas ni\u00f1as, ni\u00f1os y adolescentes, 15 mil 818 contin\u00faan desaparecidas o no localizadas a la misma fecha, siendo 8 mil 704 mujeres y 7 mil 82 hombres.<\/p>\n\n\n\n<p>\u201cLas mujeres, por tanto, representan 55% de estos casos, lo que resulta sumamente grave por la expresi\u00f3n de la violencia de g\u00e9nero que representa\u201d, agrega.<\/p>\n\n\n\n<p>Redim sostiene que la desaparici\u00f3n de menores en M\u00e9xico es una \u201cepidemia invisible\u201d. Refiere que el a\u00f1o pasado, el Estado de M\u00e9xico, Tamaulipas y Jalisco reportaron m\u00e1s desapariciones de ni\u00f1as, ni\u00f1os y adolescentes y concentraron 41.6% de los casos a nivel nacional.<\/p>\n\n\n\n<p>La ONG asegura que a partir del sexenio de Felipe Calder\u00f3n \u201cse observa un gran aumento en las desapariciones de ni\u00f1as, ni\u00f1os y adolescentes\u201d.<\/p>\n\n\n\n<p>Con informaci\u00f3n de El Universal<\/p>\n","protected":false},"excerpt":{"rendered":"<p>De enero a mayo de 2022, se han registrado 13 mil 273 delitos en contra<\/p>\n","protected":false},"author":1,"featured_media":1982,"comment_status":"open","ping_status":"open","sticky":false,"template":"","format":"standard","meta":{"om_disable_all_campaigns":false,"_monsterinsights_skip_tracking":false,"_monsterinsights_sitenote_active":false,"_monsterinsights_sitenote_note":"","_monsterinsights_sitenote_category":0,"_jetpack_memberships_contains_paid_content":false,"footnotes":"","jetpack_publicize_message":"","jetpack_publicize_feature_enabled":true,"jetpack_social_post_already_shared":false,"jetpack_social_options":{"image_generator_settings":{"template":"highway","enabled":false},"version":2}},"categories":[5],"tags":[],"class_list":["post-1981","post","type-post","status-publish","format-standard","has-post-thumbnail","hentry","category-nacional"],"jetpack_publicize_connections":[],"aioseo_notices":[],"jetpack_featured_media_url":"https:\/\/samanoticiasdurango.com\/wp-content\/uploads\/2022\/07\/GU6Y2X2SQREF5ADZE7IZZX7ULE.jpeg","featured_image_urls":{"full":["https:\/\/samanoticiasdurango.com\/wp-content\/uploads\/2022\/07\/GU6Y2X2SQREF5ADZE7IZZX7ULE.jpeg",1440,810,false],"thumbnail":["https:\/\/samanoticiasdurango.com\/wp-content\/uploads\/2022\/07\/GU6Y2X2SQREF5ADZE7IZZX7ULE-150x150.jpeg",150,150,true],"medium":["https:\/\/samanoticiasdurango.com\/wp-content\/uploads\/2022\/07\/GU6Y2X2SQREF5ADZE7IZZX7ULE-300x169.jpeg",300,169,true],"medium_large":["https:\/\/samanoticiasdurango.com\/wp-content\/uploads\/2022\/07\/GU6Y2X2SQREF5ADZE7IZZX7ULE-768x432.jpeg",640,360,true],"large":["https:\/\/samanoticiasdurango.com\/wp-content\/uploads\/2022\/07\/GU6Y2X2SQREF5ADZE7IZZX7ULE-1024x576.jpeg",640,360,true],"1536x1536":["https:\/\/samanoticiasdurango.com\/wp-content\/uploads\/2022\/07\/GU6Y2X2SQREF5ADZE7IZZX7ULE.jpeg",1440,810,false],"2048x2048":["https:\/\/samanoticiasdurango.com\/wp-content\/uploads\/2022\/07\/GU6Y2X2SQREF5ADZE7IZZX7ULE.jpeg",1440,810,false],"chromenews-featured":["https:\/\/samanoticiasdurango.com\/wp-content\/uploads\/2022\/07\/GU6Y2X2SQREF5ADZE7IZZX7ULE-1024x576.jpeg",1024,576,true],"chromenews-large":["https:\/\/samanoticiasdurango.com\/wp-content\/uploads\/2022\/07\/GU6Y2X2SQREF5ADZE7IZZX7ULE-825x575.jpeg",825,575,true],"chromenews-medium":["https:\/\/samanoticiasdurango.com\/wp-content\/uploads\/2022\/07\/GU6Y2X2SQREF5ADZE7IZZX7ULE-590x410.jpeg",590,410,true]},"author_info":{"display_name":"Redacci\u00f3n","author_link":"https:\/\/samanoticiasdurango.com\/index.php\/author\/jjsama13gmail-com\/"},"category_info":"<a href=\"https:\/\/samanoticiasdurango.com\/index.php\/category\/nacional\/\" rel=\"category tag\">NACIONAL<\/a>","tag_info":"NACIONAL","comment_count":"0","jetpack_sharing_enabled":true,"_links":{"self":[{"href":"https:\/\/samanoticiasdurango.com\/index.php\/wp-json\/wp\/v2\/posts\/1981","targetHints":{"allow":["GET"]}}],"collection":[{"href":"https:\/\/samanoticiasdurango.com\/index.php\/wp-json\/wp\/v2\/posts"}],"about":[{"href":"https:\/\/samanoticiasdurango.com\/index.php\/wp-json\/wp\/v2\/types\/post"}],"author":[{"embeddable":true,"href":"https:\/\/samanoticiasdurango.com\/index.php\/wp-json\/wp\/v2\/users\/1"}],"replies":[{"embeddable":true,"href":"https:\/\/samanoticiasdurango.com\/index.php\/wp-json\/wp\/v2\/comments?post=1981"}],"version-history":[{"count":1,"href":"https:\/\/samanoticiasdurango.com\/index.php\/wp-json\/wp\/v2\/posts\/1981\/revisions"}],"predecessor-version":[{"id":1983,"href":"https:\/\/samanoticiasdurango.com\/index.php\/wp-json\/wp\/v2\/posts\/1981\/revisions\/1983"}],"wp:featuredmedia":[{"embeddable":true,"href":"https:\/\/samanoticiasdurango.com\/index.php\/wp-json\/wp\/v2\/media\/1982"}],"wp:attachment":[{"href":"https:\/\/samanoticiasdurango.com\/index.php\/wp-json\/wp\/v2\/media?parent=1981"}],"wp:term":[{"taxonomy":"category","embeddable":true,"href":"https:\/\/samanoticiasdurango.com\/index.php\/wp-json\/wp\/v2\/categories?post=1981"},{"taxonomy":"post_tag","embeddable":true,"href":"https:\/\/samanoticiasdurango.com\/index.php\/wp-json\/wp\/v2\/tags?post=1981"}],"curies":[{"name":"wp","href":"https:\/\/api.w.org\/{rel}","templated":true}]}}