{"id":2042,"date":"2022-07-24T15:17:58","date_gmt":"2022-07-24T15:17:58","guid":{"rendered":"http:\/\/samanoticiasdurango.com\/?p=2042"},"modified":"2022-07-24T15:18:01","modified_gmt":"2022-07-24T15:18:01","slug":"quien-profana-nuestro-suelo-por-luis-farias-mackey","status":"publish","type":"post","link":"https:\/\/samanoticiasdurango.com\/index.php\/2022\/07\/24\/quien-profana-nuestro-suelo-por-luis-farias-mackey\/","title":{"rendered":"\u00bfQui\u00e9n profana nuestro suelo? Por  Luis Far\u00edas Mackey"},"content":{"rendered":"\n<p>An\u00edbal buscaba conquistar el imperio romano y lleg\u00f3, desde Iberia por los Alpes, hasta las mismas puertas de Roma, no obstante, lo \u00fanico que logr\u00f3 fue la desaparici\u00f3n de la faz de la tierra de la gran Cartago, su naci\u00f3n. Por eso el or\u00e1culo de Delfos advert\u00eda, ten cuidado con lo que deseas.<\/p>\n\n\n\n<p>Hoy,&nbsp;<strong>L\u00f3pez Obrador desea un conflicto internacional que lo salve de la debacle de su gobierno<\/strong>&nbsp;y concite en \u201cmasiosare\u201d a los mexicanos a aprestar el acero y el brid\u00f3n.<\/p>\n\n\n\n<p>Si bien no media la m\u00e1s m\u00ednima comparaci\u00f3n entre An\u00edbal con el macuspano, estos personajes enfermos de grandeza se creen lo mejor del mundo y no toman en cuenta que son solo&nbsp;<strong>producto de una realidad<\/strong>.<\/p>\n\n\n\n<p>Todos lo somos, sobre nuestros hombros cargamos demasiadas cosas ajenas, dec\u00eda Nietzsche. No obstante, conclu\u00eda: \u201c<strong>Solo el hombre es para s\u00ed mismo una carga pesada<\/strong>\u201d.<\/p>\n\n\n\n<p>Por supuesto que son muchas las condiciones externas que nos limitan, pero debemos preguntarnos por qu\u00e9 en una misma familia cada hermano es diferente, por qu\u00e9 en una generaci\u00f3n marcada por las mismas circunstancias hay pluralidad, por qu\u00e9 tras un accidente los afectados procesan de diferentes maneras y tiempos el suceso.<\/p>\n\n\n\n<p>Lo com\u00fan es o\u00edr que el padre o la madre nos hizo as\u00ed, que los hermanos, que el profesor, que la esposa, que el accidente, que el gobierno, que el mal de ojo. Pero personas con la misma influencia, formaci\u00f3n y circunstancia presentan actitudes diferentes ante la vida.<\/p>\n\n\n\n<p>Y acudimos entonces a un ellos indefinido: si ellos no hubieran hecho, si no hubiesen dicho, si no hubieran tornado. El ellos de moda son los conservadores, neoporfiristas, neoliberales del pasado reciente. Nada m\u00e1s que hablamos de un pasado compartido. As\u00ed que&nbsp;<strong>cuando preguntamos qui\u00e9nes son ellos la respuesta es nosotros<\/strong>, y en particular cada t\u00fa.<\/p>\n\n\n\n<p>Vivimos en sociedad y compartimos tiempo, espacio y circunstancias, pero&nbsp;<strong>cada quien elige las condiciones que lo hacen ser quien es<\/strong>. No son los ellos sino el yo quien toma de la realidad y sociedad lo que lo hace ser como es.<\/p>\n\n\n\n<p>Para uno la vida es triste porque de la vida escogi\u00f3 tristeza. Por qu\u00e9 lo hizo responde a un sinf\u00edn de cuestiones que implican consideraciones qu\u00edmicas, fisiol\u00f3gicas, biol\u00f3gicas, ps\u00edquicas y emocionales de profundo calado. Pero \u00e9l y&nbsp;<strong>solo \u00e9l perfil\u00f3 lo que es<\/strong>. Cada quien forja su actitud y modelo de vida con sus debilidades y fortalezas.<\/p>\n\n\n\n<p>La vida del individuo, siendo en sociedad, es solo suya. Cada quien escoge la moral que mejor lo esclaviza.<\/p>\n\n\n\n<p>En otras palabras, no podemos culpar nuestro fario por circunstancia externas, si bien son externas, solo nosotros las introyectamos, para bien y para mal.<\/p>\n\n\n\n<p>En otras palabras, Calder\u00f3n no le arruin\u00f3 la vida a L\u00f3pez Obrador y, a trav\u00e9s de \u00e9l, a los mexicanos:&nbsp;<strong>L\u00f3pez Obrador escogi\u00f3 a Calder\u00f3n como su personal veneno y yugo<\/strong>, a grado tal que no puede vivir sin \u00e9l y es la yunta que lame.<\/p>\n\n\n\n<p>El mundo no se equivoca,&nbsp;<strong>errar es solo privilegio nuestro<\/strong>.<\/p>\n\n\n\n<p>Por eso Nietzsche escrib\u00eda que \u201c\u00a1Hay mucho en el interior del hombre que se asemeja a una ostra: repugnante y viscoso y dif\u00edcil de agarrar!\u201d<\/p>\n\n\n\n<p>As\u00ed que no le compremos a L\u00f3pez Obrador la venta del \u201c<strong>extra\u00f1o enemigo<\/strong>\u201d.<\/p>\n\n\n\n<p>Porque en su caso, el de su gobierno y el tema de las consultas previas a las sanciones comerciales y econ\u00f3micas de nuestros socios en Norteam\u00e9rica, la m\u00e1s pesada carga es \u00e9l, s\u00f3lo \u00e9l.<\/p>\n\n\n\n<p>No hay a nuestras puertas ning\u00fan An\u00edbal armado, nadie sitia nuestras ciudades, nadie roba nuestro petr\u00f3leo, ninguno cercena nuestro territorio, ni nos imponen rubio emperador; no vemos a Huertas en Palacio ni los monstruos o amenazas que se nos venden como entelequias y molinos de viento, solo vemos&nbsp;<strong>un triste personaje en penoso escenario y enfermiza desesperaci\u00f3n<\/strong>. Ning\u00fan ej\u00e9rcito amenaza con profanar con sus plantas nuestro suelo, al contrario,&nbsp;<strong>quien profana es \u00e9l un acuerdo internacional junto con la dignidad y grandeza de M\u00e9xico<\/strong>.<\/p>\n","protected":false},"excerpt":{"rendered":"<p>An\u00edbal buscaba conquistar el imperio romano y lleg\u00f3, desde Iberia por los Alpes, hasta las<\/p>\n","protected":false},"author":1,"featured_media":2044,"comment_status":"open","ping_status":"open","sticky":false,"template":"","format":"standard","meta":{"om_disable_all_campaigns":false,"_monsterinsights_skip_tracking":false,"_monsterinsights_sitenote_active":false,"_monsterinsights_sitenote_note":"","_monsterinsights_sitenote_category":0,"_jetpack_memberships_contains_paid_content":false,"footnotes":"","jetpack_publicize_message":"","jetpack_publicize_feature_enabled":true,"jetpack_social_post_already_shared":false,"jetpack_social_options":{"image_generator_settings":{"template":"highway","enabled":false},"version":2}},"categories":[1],"tags":[],"class_list":["post-2042","post","type-post","status-publish","format-standard","has-post-thumbnail","hentry","category-archivo"],"jetpack_publicize_connections":[],"aioseo_notices":[],"jetpack_featured_media_url":"https:\/\/samanoticiasdurango.com\/wp-content\/uploads\/2022\/07\/BLANQUAMIENTO-DENTAL.00_00_00_00.Imagen-fija006.png","featured_image_urls":{"full":["https:\/\/samanoticiasdurango.com\/wp-content\/uploads\/2022\/07\/BLANQUAMIENTO-DENTAL.00_00_00_00.Imagen-fija006.png",1200,1200,false],"thumbnail":["https:\/\/samanoticiasdurango.com\/wp-content\/uploads\/2022\/07\/BLANQUAMIENTO-DENTAL.00_00_00_00.Imagen-fija006-150x150.png",150,150,true],"medium":["https:\/\/samanoticiasdurango.com\/wp-content\/uploads\/2022\/07\/BLANQUAMIENTO-DENTAL.00_00_00_00.Imagen-fija006-300x300.png",300,300,true],"medium_large":["https:\/\/samanoticiasdurango.com\/wp-content\/uploads\/2022\/07\/BLANQUAMIENTO-DENTAL.00_00_00_00.Imagen-fija006-768x768.png",640,640,true],"large":["https:\/\/samanoticiasdurango.com\/wp-content\/uploads\/2022\/07\/BLANQUAMIENTO-DENTAL.00_00_00_00.Imagen-fija006-1024x1024.png",640,640,true],"1536x1536":["https:\/\/samanoticiasdurango.com\/wp-content\/uploads\/2022\/07\/BLANQUAMIENTO-DENTAL.00_00_00_00.Imagen-fija006.png",1200,1200,false],"2048x2048":["https:\/\/samanoticiasdurango.com\/wp-content\/uploads\/2022\/07\/BLANQUAMIENTO-DENTAL.00_00_00_00.Imagen-fija006.png",1200,1200,false],"chromenews-featured":["https:\/\/samanoticiasdurango.com\/wp-content\/uploads\/2022\/07\/BLANQUAMIENTO-DENTAL.00_00_00_00.Imagen-fija006-1024x1024.png",1024,1024,true],"chromenews-large":["https:\/\/samanoticiasdurango.com\/wp-content\/uploads\/2022\/07\/BLANQUAMIENTO-DENTAL.00_00_00_00.Imagen-fija006-825x575.png",825,575,true],"chromenews-medium":["https:\/\/samanoticiasdurango.com\/wp-content\/uploads\/2022\/07\/BLANQUAMIENTO-DENTAL.00_00_00_00.Imagen-fija006-590x410.png",590,410,true]},"author_info":{"display_name":"Redacci\u00f3n","author_link":"https:\/\/samanoticiasdurango.com\/index.php\/author\/jjsama13gmail-com\/"},"category_info":"<a href=\"https:\/\/samanoticiasdurango.com\/index.php\/category\/archivo\/\" rel=\"category tag\">DURANGO<\/a>","tag_info":"DURANGO","comment_count":"0","jetpack_sharing_enabled":true,"_links":{"self":[{"href":"https:\/\/samanoticiasdurango.com\/index.php\/wp-json\/wp\/v2\/posts\/2042","targetHints":{"allow":["GET"]}}],"collection":[{"href":"https:\/\/samanoticiasdurango.com\/index.php\/wp-json\/wp\/v2\/posts"}],"about":[{"href":"https:\/\/samanoticiasdurango.com\/index.php\/wp-json\/wp\/v2\/types\/post"}],"author":[{"embeddable":true,"href":"https:\/\/samanoticiasdurango.com\/index.php\/wp-json\/wp\/v2\/users\/1"}],"replies":[{"embeddable":true,"href":"https:\/\/samanoticiasdurango.com\/index.php\/wp-json\/wp\/v2\/comments?post=2042"}],"version-history":[{"count":1,"href":"https:\/\/samanoticiasdurango.com\/index.php\/wp-json\/wp\/v2\/posts\/2042\/revisions"}],"predecessor-version":[{"id":2045,"href":"https:\/\/samanoticiasdurango.com\/index.php\/wp-json\/wp\/v2\/posts\/2042\/revisions\/2045"}],"wp:featuredmedia":[{"embeddable":true,"href":"https:\/\/samanoticiasdurango.com\/index.php\/wp-json\/wp\/v2\/media\/2044"}],"wp:attachment":[{"href":"https:\/\/samanoticiasdurango.com\/index.php\/wp-json\/wp\/v2\/media?parent=2042"}],"wp:term":[{"taxonomy":"category","embeddable":true,"href":"https:\/\/samanoticiasdurango.com\/index.php\/wp-json\/wp\/v2\/categories?post=2042"},{"taxonomy":"post_tag","embeddable":true,"href":"https:\/\/samanoticiasdurango.com\/index.php\/wp-json\/wp\/v2\/tags?post=2042"}],"curies":[{"name":"wp","href":"https:\/\/api.w.org\/{rel}","templated":true}]}}