{"id":2244,"date":"2022-08-05T17:15:20","date_gmt":"2022-08-05T17:15:20","guid":{"rendered":"http:\/\/samanoticiasdurango.com\/?p=2244"},"modified":"2022-08-05T17:15:22","modified_gmt":"2022-08-05T17:15:22","slug":"construye-esteban-alianzas-con-chihuahua","status":"publish","type":"post","link":"https:\/\/samanoticiasdurango.com\/index.php\/2022\/08\/05\/construye-esteban-alianzas-con-chihuahua\/","title":{"rendered":"Construye Esteban Alianzas con Chihuahua"},"content":{"rendered":"\n<p>En gira de trabajo, sostuvo encuentros con la Gobernadora Maru Campos, as\u00ed como con empresarios y la comunidad acad\u00e9mica.<br>\u2022 \u201cEstamos trabajando para atraer inversiones, y fortalecer la coordinaci\u00f3n en materia de salud, seguridad e infraestructura entre Durango y Chihuahua\u201d, EVV.<\/p>\n\n\n\n<p>Chihuahua, Chih.- \u201cDurango requiere y merece trabajo permanente para saliar adelante, por es no estamos descansando para seguir buscando oportunidades que nos ayuden a crecer; y s\u00e9 que tenemos en Chihuahua a un aliado importante para el desarrollo\u201d, se\u00f1al\u00f3 Esteban Villegas Villarreal, Gobernador Electo de Durango, en gira de trabajo por el vecino estado del Norte.<\/p>\n\n\n\n<p>Durante su visita, Villegas Villarreal sostuvo un encuentro con la Gobernadora de Chihuahua, Maru Campos Galv\u00e1n, con quien coincidi\u00f3 en la necesidad de encontrar mecanismo para atender con servicios de salud de calidad, a los ciudadanos que viven en la frontera de ambos estados.<\/p>\n\n\n\n<p>\u201cDebemos contar con cl\u00ednicas bien equipadas, con m\u00e9dicos y medicamentos suficientes para que, los duranguenses y chihuahuenses puedan atenderse en uno u otro estado, dependiendo de qu\u00e9 hospital les queda m\u00e1s cerca, o tiene la infraesctructura que necesitan\u201d, detall\u00f3 Esteban.<\/p>\n\n\n\n<p>De igual forma, explic\u00f3 que ambos mandatarios consideran como prioridad el garantizar la seguridad de la regi\u00f3n, a traves de una coordinaci\u00f3n permanente y puntual en esta materia. \u201cGarantizar la seguridad facilita la atracci\u00f3n de inversi\u00f3n; es fundamental\u201d, dijo.<\/p>\n\n\n\n<p>En esta gira, Esteban visit\u00f3 las intalaciones de Grupo Bafar, que preside y dirige Eugenio Baeza Fares, fundador del grupo, y con quien el Gobernador electo intercambi\u00f3 oportunidades de inversi\u00f3n y expansi\u00f3n en Durango. \u201cEstamos trabajando, desde ya, para atraer crecimiento econ\u00f3mico y empleo para nuestros ciudadanos\u201d.<\/p>\n\n\n\n<p>Adem\u00e1s, el pr\u00f3ximo mandatario estatal se reuni\u00f3n con el rector de la Universidad Aut\u00f3noma de Chihuahua, quien le expuso al ejecutivo entrante de Durango, acciones de formaci\u00f3n acad\u00e9mica para estudiantes y docentes, as\u00ed como oportunidades de cooperaci\u00f3n con el estado.<\/p>\n","protected":false},"excerpt":{"rendered":"<p>En gira de trabajo, sostuvo encuentros con la Gobernadora Maru Campos, as\u00ed como con empresarios<\/p>\n","protected":false},"author":1,"featured_media":2245,"comment_status":"open","ping_status":"open","sticky":false,"template":"","format":"standard","meta":{"om_disable_all_campaigns":false,"_monsterinsights_skip_tracking":false,"_monsterinsights_sitenote_active":false,"_monsterinsights_sitenote_note":"","_monsterinsights_sitenote_category":0,"_jetpack_memberships_contains_paid_content":false,"footnotes":"","jetpack_publicize_message":"","jetpack_publicize_feature_enabled":true,"jetpack_social_post_already_shared":false,"jetpack_social_options":{"image_generator_settings":{"template":"highway","enabled":false},"version":2}},"categories":[1],"tags":[],"class_list":["post-2244","post","type-post","status-publish","format-standard","has-post-thumbnail","hentry","category-archivo"],"jetpack_publicize_connections":[],"aioseo_notices":[],"jetpack_featured_media_url":"https:\/\/samanoticiasdurango.com\/wp-content\/uploads\/2022\/08\/6564a9ed-8356-4f1e-bfde-23b19d22ec11.jpg","featured_image_urls":{"full":["https:\/\/samanoticiasdurango.com\/wp-content\/uploads\/2022\/08\/6564a9ed-8356-4f1e-bfde-23b19d22ec11.jpg",1280,1280,false],"thumbnail":["https:\/\/samanoticiasdurango.com\/wp-content\/uploads\/2022\/08\/6564a9ed-8356-4f1e-bfde-23b19d22ec11-150x150.jpg",150,150,true],"medium":["https:\/\/samanoticiasdurango.com\/wp-content\/uploads\/2022\/08\/6564a9ed-8356-4f1e-bfde-23b19d22ec11-300x300.jpg",300,300,true],"medium_large":["https:\/\/samanoticiasdurango.com\/wp-content\/uploads\/2022\/08\/6564a9ed-8356-4f1e-bfde-23b19d22ec11-768x768.jpg",640,640,true],"large":["https:\/\/samanoticiasdurango.com\/wp-content\/uploads\/2022\/08\/6564a9ed-8356-4f1e-bfde-23b19d22ec11-1024x1024.jpg",640,640,true],"1536x1536":["https:\/\/samanoticiasdurango.com\/wp-content\/uploads\/2022\/08\/6564a9ed-8356-4f1e-bfde-23b19d22ec11.jpg",1280,1280,false],"2048x2048":["https:\/\/samanoticiasdurango.com\/wp-content\/uploads\/2022\/08\/6564a9ed-8356-4f1e-bfde-23b19d22ec11.jpg",1280,1280,false],"chromenews-featured":["https:\/\/samanoticiasdurango.com\/wp-content\/uploads\/2022\/08\/6564a9ed-8356-4f1e-bfde-23b19d22ec11-1024x1024.jpg",1024,1024,true],"chromenews-large":["https:\/\/samanoticiasdurango.com\/wp-content\/uploads\/2022\/08\/6564a9ed-8356-4f1e-bfde-23b19d22ec11-825x575.jpg",825,575,true],"chromenews-medium":["https:\/\/samanoticiasdurango.com\/wp-content\/uploads\/2022\/08\/6564a9ed-8356-4f1e-bfde-23b19d22ec11-590x410.jpg",590,410,true]},"author_info":{"display_name":"Redacci\u00f3n","author_link":"https:\/\/samanoticiasdurango.com\/index.php\/author\/jjsama13gmail-com\/"},"category_info":"<a href=\"https:\/\/samanoticiasdurango.com\/index.php\/category\/archivo\/\" rel=\"category tag\">DURANGO<\/a>","tag_info":"DURANGO","comment_count":"0","jetpack_sharing_enabled":true,"_links":{"self":[{"href":"https:\/\/samanoticiasdurango.com\/index.php\/wp-json\/wp\/v2\/posts\/2244","targetHints":{"allow":["GET"]}}],"collection":[{"href":"https:\/\/samanoticiasdurango.com\/index.php\/wp-json\/wp\/v2\/posts"}],"about":[{"href":"https:\/\/samanoticiasdurango.com\/index.php\/wp-json\/wp\/v2\/types\/post"}],"author":[{"embeddable":true,"href":"https:\/\/samanoticiasdurango.com\/index.php\/wp-json\/wp\/v2\/users\/1"}],"replies":[{"embeddable":true,"href":"https:\/\/samanoticiasdurango.com\/index.php\/wp-json\/wp\/v2\/comments?post=2244"}],"version-history":[{"count":1,"href":"https:\/\/samanoticiasdurango.com\/index.php\/wp-json\/wp\/v2\/posts\/2244\/revisions"}],"predecessor-version":[{"id":2246,"href":"https:\/\/samanoticiasdurango.com\/index.php\/wp-json\/wp\/v2\/posts\/2244\/revisions\/2246"}],"wp:featuredmedia":[{"embeddable":true,"href":"https:\/\/samanoticiasdurango.com\/index.php\/wp-json\/wp\/v2\/media\/2245"}],"wp:attachment":[{"href":"https:\/\/samanoticiasdurango.com\/index.php\/wp-json\/wp\/v2\/media?parent=2244"}],"wp:term":[{"taxonomy":"category","embeddable":true,"href":"https:\/\/samanoticiasdurango.com\/index.php\/wp-json\/wp\/v2\/categories?post=2244"},{"taxonomy":"post_tag","embeddable":true,"href":"https:\/\/samanoticiasdurango.com\/index.php\/wp-json\/wp\/v2\/tags?post=2244"}],"curies":[{"name":"wp","href":"https:\/\/api.w.org\/{rel}","templated":true}]}}