{"id":2352,"date":"2022-08-12T17:59:56","date_gmt":"2022-08-12T17:59:56","guid":{"rendered":"http:\/\/samanoticiasdurango.com\/?p=2352"},"modified":"2022-08-12T18:01:19","modified_gmt":"2022-08-12T18:01:19","slug":"prevalece-pobreza-en-comunidades-indigenas","status":"publish","type":"post","link":"https:\/\/samanoticiasdurango.com\/index.php\/2022\/08\/12\/prevalece-pobreza-en-comunidades-indigenas\/","title":{"rendered":"Prevalece pobreza en comunidades ind\u00edgenas"},"content":{"rendered":"\n<p>La poblaci\u00f3n ind\u00edgena a lo largo de la historia siempre se ha caracterizado por ser un grupo vulnerable, actualmente sigue siendo el m\u00e1s afectado por la pobreza, la falta de oportunidades de educaci\u00f3n, trabajo, donde prevalece la discriminaci\u00f3n, la carencia de servicios b\u00e1sicos e infraestructura, afirm\u00f3 la diputada Sandra Reyes Rodr\u00edguez.<br>\u201cLas comunidades ind\u00edgenas de Durango estamos a la espera de que exista justicia y un progreso real, so\u00f1amos con tener acceso a todos los servicios y sobre todo una vida digna donde nuestras futuras generaciones no tengas que emigrar y dejar sus ra\u00edces para buscar tener una mejor calidad de vida\u201d, resalt\u00f3.<br>En el marco del D\u00eda Internacional de los Pueblos Ind\u00edgenas, la legisladora inform\u00f3 que la zona ind\u00edgena de Durango se encuentra enclavada en las monta\u00f1as de la Sierra Madre Occidental, justo all\u00ed donde domina el hambre y la desnutrici\u00f3n de casi el 40 por ciento de su poblaci\u00f3n.<br>Al respecto, Reyes Rodr\u00edguez, consider\u00f3 que se tienen que redoblar esfuerzos para<br>luchar contra la discriminaci\u00f3n y velar porque se respeten las culturas, identidades e instituciones de estos pueblos para promover su importante contribuci\u00f3n a la diversidad cultural y para proteger sus recursos y herencia.<br>\u201cEn Durango hemos sido testigos de la muerte de varios menores por desnutrici\u00f3n, la situaci\u00f3n de falta de alimento ha recrudecido en los \u00faltimos meses por la falta de apoyos. Necesitamos asumir con seriedad y urgencia esta problem\u00e1tica, erradicar el hambre es posible; pero requiere de compromiso y voluntad pol\u00edtica para definir a esta agenda como una de las prioridades inmediatas del Estado\u201d, resalt\u00f3.<\/p>\n\n\n\n<p>Otra de las complicaciones que mencion\u00f3 es la muerte de personas por falta de atenci\u00f3n m\u00e9dica en las zonas de dif\u00edcil acceso y donde la movilizaci\u00f3n a la capital del Estado resulta un problema por falta de recurso, aunado a las largas horas de traslado q&lt;ue dificultan el acceso a la salud, el cual es un derecho de todas y todos., adem\u00e1s deque son las mujeres el sector m\u00e1s vulnerado, por lo que no debe darse ni un paso atr\u00e1sen aspectos de participaci\u00f3n pol\u00edtica, y acceso a la salud.<\/p>\n","protected":false},"excerpt":{"rendered":"<p>La poblaci\u00f3n ind\u00edgena a lo largo de la historia siempre se ha caracterizado por ser<\/p>\n","protected":false},"author":1,"featured_media":2355,"comment_status":"open","ping_status":"open","sticky":false,"template":"","format":"standard","meta":{"om_disable_all_campaigns":false,"_monsterinsights_skip_tracking":false,"_monsterinsights_sitenote_active":false,"_monsterinsights_sitenote_note":"","_monsterinsights_sitenote_category":0,"_jetpack_memberships_contains_paid_content":false,"footnotes":"","jetpack_publicize_message":"","jetpack_publicize_feature_enabled":true,"jetpack_social_post_already_shared":false,"jetpack_social_options":{"image_generator_settings":{"template":"highway","enabled":false},"version":2}},"categories":[1],"tags":[],"class_list":["post-2352","post","type-post","status-publish","format-standard","has-post-thumbnail","hentry","category-archivo"],"jetpack_publicize_connections":[],"aioseo_notices":[],"jetpack_featured_media_url":"https:\/\/samanoticiasdurango.com\/wp-content\/uploads\/2022\/08\/SANDRA-REYES-55-32.jpg","featured_image_urls":{"full":["https:\/\/samanoticiasdurango.com\/wp-content\/uploads\/2022\/08\/SANDRA-REYES-55-32.jpg",1599,1066,false],"thumbnail":["https:\/\/samanoticiasdurango.com\/wp-content\/uploads\/2022\/08\/SANDRA-REYES-55-32-150x150.jpg",150,150,true],"medium":["https:\/\/samanoticiasdurango.com\/wp-content\/uploads\/2022\/08\/SANDRA-REYES-55-32-300x200.jpg",300,200,true],"medium_large":["https:\/\/samanoticiasdurango.com\/wp-content\/uploads\/2022\/08\/SANDRA-REYES-55-32-768x512.jpg",640,427,true],"large":["https:\/\/samanoticiasdurango.com\/wp-content\/uploads\/2022\/08\/SANDRA-REYES-55-32-1024x683.jpg",640,427,true],"1536x1536":["https:\/\/samanoticiasdurango.com\/wp-content\/uploads\/2022\/08\/SANDRA-REYES-55-32-1536x1024.jpg",1536,1024,true],"2048x2048":["https:\/\/samanoticiasdurango.com\/wp-content\/uploads\/2022\/08\/SANDRA-REYES-55-32.jpg",1599,1066,false],"chromenews-featured":["https:\/\/samanoticiasdurango.com\/wp-content\/uploads\/2022\/08\/SANDRA-REYES-55-32-1024x683.jpg",1024,683,true],"chromenews-large":["https:\/\/samanoticiasdurango.com\/wp-content\/uploads\/2022\/08\/SANDRA-REYES-55-32-825x575.jpg",825,575,true],"chromenews-medium":["https:\/\/samanoticiasdurango.com\/wp-content\/uploads\/2022\/08\/SANDRA-REYES-55-32-590x410.jpg",590,410,true]},"author_info":{"display_name":"Redacci\u00f3n","author_link":"https:\/\/samanoticiasdurango.com\/index.php\/author\/jjsama13gmail-com\/"},"category_info":"<a href=\"https:\/\/samanoticiasdurango.com\/index.php\/category\/archivo\/\" rel=\"category tag\">DURANGO<\/a>","tag_info":"DURANGO","comment_count":"0","jetpack_sharing_enabled":true,"_links":{"self":[{"href":"https:\/\/samanoticiasdurango.com\/index.php\/wp-json\/wp\/v2\/posts\/2352","targetHints":{"allow":["GET"]}}],"collection":[{"href":"https:\/\/samanoticiasdurango.com\/index.php\/wp-json\/wp\/v2\/posts"}],"about":[{"href":"https:\/\/samanoticiasdurango.com\/index.php\/wp-json\/wp\/v2\/types\/post"}],"author":[{"embeddable":true,"href":"https:\/\/samanoticiasdurango.com\/index.php\/wp-json\/wp\/v2\/users\/1"}],"replies":[{"embeddable":true,"href":"https:\/\/samanoticiasdurango.com\/index.php\/wp-json\/wp\/v2\/comments?post=2352"}],"version-history":[{"count":1,"href":"https:\/\/samanoticiasdurango.com\/index.php\/wp-json\/wp\/v2\/posts\/2352\/revisions"}],"predecessor-version":[{"id":2354,"href":"https:\/\/samanoticiasdurango.com\/index.php\/wp-json\/wp\/v2\/posts\/2352\/revisions\/2354"}],"wp:featuredmedia":[{"embeddable":true,"href":"https:\/\/samanoticiasdurango.com\/index.php\/wp-json\/wp\/v2\/media\/2355"}],"wp:attachment":[{"href":"https:\/\/samanoticiasdurango.com\/index.php\/wp-json\/wp\/v2\/media?parent=2352"}],"wp:term":[{"taxonomy":"category","embeddable":true,"href":"https:\/\/samanoticiasdurango.com\/index.php\/wp-json\/wp\/v2\/categories?post=2352"},{"taxonomy":"post_tag","embeddable":true,"href":"https:\/\/samanoticiasdurango.com\/index.php\/wp-json\/wp\/v2\/tags?post=2352"}],"curies":[{"name":"wp","href":"https:\/\/api.w.org\/{rel}","templated":true}]}}