{"id":2478,"date":"2022-08-19T13:39:48","date_gmt":"2022-08-19T13:39:48","guid":{"rendered":"http:\/\/samanoticiasdurango.com\/?p=2478"},"modified":"2022-08-19T13:39:51","modified_gmt":"2022-08-19T13:39:51","slug":"encinas-el-enterrador-de-ayotzinapa-por-luis-farias-mackey","status":"publish","type":"post","link":"https:\/\/samanoticiasdurango.com\/index.php\/2022\/08\/19\/encinas-el-enterrador-de-ayotzinapa-por-luis-farias-mackey\/","title":{"rendered":"Encinas, el enterrador de Ayotzinapa Por:\u00a0Luis Farias Mackey"},"content":{"rendered":"\n<p>La duda no es que, finalmente, el gobierno haya llegado tras cuatro a\u00f1os y vuelo a todo lo alto y reuniones m\u00faltiples en Palacio, a la conclusi\u00f3n de que los&nbsp;<strong>43 normalistas de Ayotzinapa est\u00e1n muertos<\/strong>; sino por qu\u00e9 ahora.<\/p>\n\n\n\n<p>Me explico, sostener contra toda evidencia, que estaban vivos era una bandera pol\u00edtica de alto rendimiento y m\u00faltiples bandas de raja pol\u00edtica: s\u00f3lo el Estado, espec\u00edficamente las Fuerzas Armadas, podr\u00eda tenerlos ocultos en alg\u00fan lugar; no eran, pues, v\u00edctimas del crimen organizado y polic\u00edas municipales corruptos, ni respond\u00eda todo a un problema de trasiego de drogas. Expertos internacionales a sueldo, asesores pol\u00edticos de los padres de los desaparecidos y movilizadores profesionales contaban con razones m\u00e1s que suficientes para sus diversos fines y provechos. Una historia sin fin a la mano para sacarla cada vez que fuese necesario.<\/p>\n\n\n\n<p>En pocas palabras, el \u201cvivos se los llevaron, vivos los queremos\u201d, era la mejor f\u00f3rmula para mantener vivo el tema y su medro econ\u00f3mico y pol\u00edtico.<\/p>\n\n\n\n<p>Por ello la renuencia a mandar a Innsbruck miles de piezas \u00f3seas en poder de la Fiscal\u00eda Especial del caso para su identificaci\u00f3n, no obstante ser una recomendaci\u00f3n de la Comisi\u00f3n Nacional de Derechos Humanos antes de que la convirtieran en una piedra.<\/p>\n\n\n\n<p>Bueno, hasta una subsecretaria le crearon a Encinas para refundirlo en la nada.<\/p>\n\n\n\n<p>Y traer a los padres, mantener a los expertos extranjeros, golpear a las Fuerzas Armadas, tomar casetas de peaje y carreteras, siempre era algo que requer\u00eda apoyos econ\u00f3micos y, en el caso de las casetas, ingresos vast\u00edsimos.<\/p>\n\n\n\n<p>Pues bien, todo ello muri\u00f3 ayer por manos del subsecretario Encinas que, sin pena ni gloria ni luces, cerr\u00f3 ese fil\u00f3n de oro para sus beneficiados que, por supuesto, no son los deudos de los 43 desaparecidos: est\u00e1n, como se dijo desde un principio, muertos y sus restos fueron de alguna manera destruidos y desaparecidos.<\/p>\n\n\n\n<p>No quiere decir que se acabe la mina de oro, pero s\u00ed que le cierran uno de sus grandes filones.<\/p>\n\n\n\n<p>La pregunta es por qu\u00e9 y por qu\u00e9 ahora.<\/p>\n\n\n\n<p>Qu\u00e9 se rompi\u00f3 en esta trama y cofrad\u00eda de zopilotes.<\/p>\n\n\n\n<p>Adem\u00e1s, se da inmerso en la discusi\u00f3n de&nbsp;<strong>militarizar<\/strong>&nbsp;o no la Guardia Nacional y, de paso, la vida nacional.<\/p>\n\n\n\n<p>Y habr\u00e1 que ver si el anuncio es para generar un distractor m\u00e1s y se le da&nbsp;<em>spin<\/em>en la ma\u00f1anera de hoy, o simplemente se le deja pasar. Destaca que en un pa\u00eds donde todo pasa en la ma\u00f1anera, la presentaci\u00f3n del Informe de la Comisi\u00f3n de la Verdad no haya sido bajo la sombra de L\u00f3pez Obrador.<\/p>\n\n\n\n<p>Finalmente, la Comisi\u00f3n de la Verdad cumpli\u00f3 sus veces, que nada tiene que ver con la verdad. Encinas cumpli\u00f3 su papel de reescribir la historia a conveniencia:&nbsp;<a href=\"http:\/\/bit.ly\/2JAqXdL\" target=\"_blank\" rel=\"noreferrer noopener\">psicoan\u00e1lisis a escala pa\u00eds<\/a>, como se\u00f1alamos en su momento.<\/p>\n","protected":false},"excerpt":{"rendered":"<p>La duda no es que, finalmente, el gobierno haya llegado tras cuatro a\u00f1os y vuelo<\/p>\n","protected":false},"author":1,"featured_media":2479,"comment_status":"open","ping_status":"open","sticky":false,"template":"","format":"standard","meta":{"om_disable_all_campaigns":false,"_monsterinsights_skip_tracking":false,"_monsterinsights_sitenote_active":false,"_monsterinsights_sitenote_note":"","_monsterinsights_sitenote_category":0,"_jetpack_memberships_contains_paid_content":false,"footnotes":"","jetpack_publicize_message":"","jetpack_publicize_feature_enabled":true,"jetpack_social_post_already_shared":false,"jetpack_social_options":{"image_generator_settings":{"template":"highway","enabled":false},"version":2}},"categories":[1],"tags":[],"class_list":["post-2478","post","type-post","status-publish","format-standard","has-post-thumbnail","hentry","category-archivo"],"jetpack_publicize_connections":[],"aioseo_notices":[],"jetpack_featured_media_url":"https:\/\/samanoticiasdurango.com\/wp-content\/uploads\/2022\/08\/BORREGOS.00_00_00_15.Imagen-fija003.jpg","featured_image_urls":{"full":["https:\/\/samanoticiasdurango.com\/wp-content\/uploads\/2022\/08\/BORREGOS.00_00_00_15.Imagen-fija003.jpg",1600,900,false],"thumbnail":["https:\/\/samanoticiasdurango.com\/wp-content\/uploads\/2022\/08\/BORREGOS.00_00_00_15.Imagen-fija003-150x150.jpg",150,150,true],"medium":["https:\/\/samanoticiasdurango.com\/wp-content\/uploads\/2022\/08\/BORREGOS.00_00_00_15.Imagen-fija003-300x169.jpg",300,169,true],"medium_large":["https:\/\/samanoticiasdurango.com\/wp-content\/uploads\/2022\/08\/BORREGOS.00_00_00_15.Imagen-fija003-768x432.jpg",640,360,true],"large":["https:\/\/samanoticiasdurango.com\/wp-content\/uploads\/2022\/08\/BORREGOS.00_00_00_15.Imagen-fija003-1024x576.jpg",640,360,true],"1536x1536":["https:\/\/samanoticiasdurango.com\/wp-content\/uploads\/2022\/08\/BORREGOS.00_00_00_15.Imagen-fija003-1536x864.jpg",1536,864,true],"2048x2048":["https:\/\/samanoticiasdurango.com\/wp-content\/uploads\/2022\/08\/BORREGOS.00_00_00_15.Imagen-fija003.jpg",1600,900,false],"chromenews-featured":["https:\/\/samanoticiasdurango.com\/wp-content\/uploads\/2022\/08\/BORREGOS.00_00_00_15.Imagen-fija003-1024x576.jpg",1024,576,true],"chromenews-large":["https:\/\/samanoticiasdurango.com\/wp-content\/uploads\/2022\/08\/BORREGOS.00_00_00_15.Imagen-fija003-825x575.jpg",825,575,true],"chromenews-medium":["https:\/\/samanoticiasdurango.com\/wp-content\/uploads\/2022\/08\/BORREGOS.00_00_00_15.Imagen-fija003-590x410.jpg",590,410,true]},"author_info":{"display_name":"Redacci\u00f3n","author_link":"https:\/\/samanoticiasdurango.com\/index.php\/author\/jjsama13gmail-com\/"},"category_info":"<a href=\"https:\/\/samanoticiasdurango.com\/index.php\/category\/archivo\/\" rel=\"category tag\">DURANGO<\/a>","tag_info":"DURANGO","comment_count":"0","jetpack_sharing_enabled":true,"_links":{"self":[{"href":"https:\/\/samanoticiasdurango.com\/index.php\/wp-json\/wp\/v2\/posts\/2478","targetHints":{"allow":["GET"]}}],"collection":[{"href":"https:\/\/samanoticiasdurango.com\/index.php\/wp-json\/wp\/v2\/posts"}],"about":[{"href":"https:\/\/samanoticiasdurango.com\/index.php\/wp-json\/wp\/v2\/types\/post"}],"author":[{"embeddable":true,"href":"https:\/\/samanoticiasdurango.com\/index.php\/wp-json\/wp\/v2\/users\/1"}],"replies":[{"embeddable":true,"href":"https:\/\/samanoticiasdurango.com\/index.php\/wp-json\/wp\/v2\/comments?post=2478"}],"version-history":[{"count":1,"href":"https:\/\/samanoticiasdurango.com\/index.php\/wp-json\/wp\/v2\/posts\/2478\/revisions"}],"predecessor-version":[{"id":2480,"href":"https:\/\/samanoticiasdurango.com\/index.php\/wp-json\/wp\/v2\/posts\/2478\/revisions\/2480"}],"wp:featuredmedia":[{"embeddable":true,"href":"https:\/\/samanoticiasdurango.com\/index.php\/wp-json\/wp\/v2\/media\/2479"}],"wp:attachment":[{"href":"https:\/\/samanoticiasdurango.com\/index.php\/wp-json\/wp\/v2\/media?parent=2478"}],"wp:term":[{"taxonomy":"category","embeddable":true,"href":"https:\/\/samanoticiasdurango.com\/index.php\/wp-json\/wp\/v2\/categories?post=2478"},{"taxonomy":"post_tag","embeddable":true,"href":"https:\/\/samanoticiasdurango.com\/index.php\/wp-json\/wp\/v2\/tags?post=2478"}],"curies":[{"name":"wp","href":"https:\/\/api.w.org\/{rel}","templated":true}]}}