{"id":2496,"date":"2022-08-20T14:27:04","date_gmt":"2022-08-20T14:27:04","guid":{"rendered":"http:\/\/samanoticiasdurango.com\/?p=2496"},"modified":"2022-08-20T14:27:05","modified_gmt":"2022-08-20T14:27:05","slug":"complicado-regreso-a-clases-colegiaturas-y-utiles-registran-alza-historica","status":"publish","type":"post","link":"https:\/\/samanoticiasdurango.com\/index.php\/2022\/08\/20\/complicado-regreso-a-clases-colegiaturas-y-utiles-registran-alza-historica\/","title":{"rendered":"Complicado regreso a clases; colegiaturas y \u00fatiles registran alza hist\u00f3rica"},"content":{"rendered":"\n<p>Cifras del del Instituto Nacional de Estad\u00edstica y Geograf\u00eda (Inegi) muestran que la educaci\u00f3n privada se encareci\u00f3 en promedio 3.3% en julio, frente al mismo mes de 2021, cuando aument\u00f3 1.2 por ciento.<\/p>\n\n\n\n<p>Las colegiaturas que m\u00e1s subieron son a nivel bachillerato, con un aumento de 4.4%, le siguen las universidades, cuyo incremento fue de 3.5%. Un a\u00f1o atr\u00e1s, las mismas se elevaron 1.4% y 0.4%, en ese orden.<\/p>\n\n\n\n<p>Por la pandemia y el menor ingreso de las familias, hubo una disminuci\u00f3n en la matr\u00edcula de escuelas particulares. Para este ciclo escolar se prev\u00e9 una recuperaci\u00f3n en el n\u00famero de estudiantes inscritos.<\/p>\n\n\n\n<p>La matr\u00edcula en 2021, en comparaci\u00f3n con 2019, baj\u00f3 entre 18% y 22%, pero espera alcanzar 4 millones 300 mil estudiantes este a\u00f1o, explic\u00f3 Mar\u00eda Luisa Flores, presidenta de la Alianza para la Educaci\u00f3n Superior (Alpes)<\/p>\n\n\n\n<p>De las 32 entidades federativas, 28 reportaron una carest\u00eda de colegiaturas el mes pasado, de acuerdo con el Inegi.<\/p>\n\n\n\n<p>Campeche anot\u00f3 un incremento de 6.3%; casi el doble de la media nacional de 3.3 por ciento. Le sigui\u00f3 Nuevo Le\u00f3n, donde las cuotas subieron 6%, y en tercer lugar se encontr\u00f3 Baja California Sur, con 5.4 por ciento.<\/p>\n\n\n\n<p>Por todo lo anterior es por lo que el pr\u00f3ximo regreso a clases ser\u00e1 el m\u00e1s complicado en materia econ\u00f3mica de los \u00faltimos 25 a\u00f1os.<\/p>\n\n\n\n<p>Los \u00fatiles escolares tambi\u00e9n han tenido un alza considerable de hasta 8.15%, lo cual ha provocado que los precios de estos art\u00edculos aumentaran 30% en la primera mitad de julio de este a\u00f1o, en comparaci\u00f3n con el mismo periodo de 2021.<\/p>\n\n\n\n<p>La Alianza Nacional de Peque\u00f1os Comerciantes (Anpec) se\u00f1al\u00f3 que el pr\u00f3ximo 29 de agosto m\u00e1s de 25 millones de ni\u00f1os regresar\u00e1n de manera presencial a las aulas, por lo que los padres de familia se enfrentar\u00e1n a la peor alza de precios desde la segunda quincena de marzo de 1997, de acuerdo con datos Inegi.<\/p>\n\n\n\n<p>De acuerdo con un monitoreo de la Anpec realizado por regiones, los precios en los art\u00edculos b\u00e1sicos respecto a 2021 tuvieron un incremento de 20% en la zona centro del pa\u00eds; de 10% en la zona sur, y de 30% en la zona norte.<\/p>\n\n\n\n<p>De tal manera, el gasto promedio para comprar \u00fatiles escolares en la zona norte es de 426.99 pesos; en la zona centro llega a 492.15 pesos; en la zona sur alcanza los 358.70 pesos. Mientras que por el uniforme escolar los padres de familia deber\u00e1n desembolsar en el norte 3 mil 189 pesos, en el centro 2 mil 828.10 pesos y en sur 2 mil 787.67 pesos.<\/p>\n\n\n\n<p>El presidente de la Anpec, Cuauht\u00e9moc Rivera, declar\u00f3 que de por s\u00ed el regreso a clases provoca una merma econ\u00f3mica para los padres de familia, ahora ser\u00e1 peor por las condiciones econ\u00f3micas.<\/p>\n\n\n\n<p>Para Rivera este escenario de complica a\u00fan m\u00e1s, pues los incrementos van del 10 al 30% de acuerdo con la zona y al gasto de uniformes se suma la compra de tenis, zapatos y mochila.<\/p>\n\n\n\n<p>El l\u00edder de la Anpec destac\u00f3 que, como consecuencia del incremento de los precios, los padres de familia no van a surtir las listas de \u00fatiles escolares completa, consecuencia de los efectos de la pandemia y la inflaci\u00f3n, adem\u00e1s de la nueva promoci\u00f3n de la cultura del reciclaje que m\u00e1s que hacerlo por la cultura se hace por ahorrar.<\/p>\n","protected":false},"excerpt":{"rendered":"<p>Cifras del del Instituto Nacional de Estad\u00edstica y Geograf\u00eda (Inegi) muestran que la educaci\u00f3n privada<\/p>\n","protected":false},"author":1,"featured_media":2497,"comment_status":"open","ping_status":"open","sticky":false,"template":"","format":"standard","meta":{"om_disable_all_campaigns":false,"_monsterinsights_skip_tracking":false,"_monsterinsights_sitenote_active":false,"_monsterinsights_sitenote_note":"","_monsterinsights_sitenote_category":0,"_jetpack_memberships_contains_paid_content":false,"footnotes":"","jetpack_publicize_message":"","jetpack_publicize_feature_enabled":true,"jetpack_social_post_already_shared":false,"jetpack_social_options":{"image_generator_settings":{"template":"highway","enabled":false},"version":2}},"categories":[5],"tags":[],"class_list":["post-2496","post","type-post","status-publish","format-standard","has-post-thumbnail","hentry","category-nacional"],"jetpack_publicize_connections":[],"aioseo_notices":[],"jetpack_featured_media_url":"https:\/\/samanoticiasdurango.com\/wp-content\/uploads\/2022\/08\/BORREGOS.00_00_00_18.Imagen-fija003.jpg","featured_image_urls":{"full":["https:\/\/samanoticiasdurango.com\/wp-content\/uploads\/2022\/08\/BORREGOS.00_00_00_18.Imagen-fija003.jpg",1600,900,false],"thumbnail":["https:\/\/samanoticiasdurango.com\/wp-content\/uploads\/2022\/08\/BORREGOS.00_00_00_18.Imagen-fija003-150x150.jpg",150,150,true],"medium":["https:\/\/samanoticiasdurango.com\/wp-content\/uploads\/2022\/08\/BORREGOS.00_00_00_18.Imagen-fija003-300x169.jpg",300,169,true],"medium_large":["https:\/\/samanoticiasdurango.com\/wp-content\/uploads\/2022\/08\/BORREGOS.00_00_00_18.Imagen-fija003-768x432.jpg",640,360,true],"large":["https:\/\/samanoticiasdurango.com\/wp-content\/uploads\/2022\/08\/BORREGOS.00_00_00_18.Imagen-fija003-1024x576.jpg",640,360,true],"1536x1536":["https:\/\/samanoticiasdurango.com\/wp-content\/uploads\/2022\/08\/BORREGOS.00_00_00_18.Imagen-fija003-1536x864.jpg",1536,864,true],"2048x2048":["https:\/\/samanoticiasdurango.com\/wp-content\/uploads\/2022\/08\/BORREGOS.00_00_00_18.Imagen-fija003.jpg",1600,900,false],"chromenews-featured":["https:\/\/samanoticiasdurango.com\/wp-content\/uploads\/2022\/08\/BORREGOS.00_00_00_18.Imagen-fija003-1024x576.jpg",1024,576,true],"chromenews-large":["https:\/\/samanoticiasdurango.com\/wp-content\/uploads\/2022\/08\/BORREGOS.00_00_00_18.Imagen-fija003-825x575.jpg",825,575,true],"chromenews-medium":["https:\/\/samanoticiasdurango.com\/wp-content\/uploads\/2022\/08\/BORREGOS.00_00_00_18.Imagen-fija003-590x410.jpg",590,410,true]},"author_info":{"display_name":"Redacci\u00f3n","author_link":"https:\/\/samanoticiasdurango.com\/index.php\/author\/jjsama13gmail-com\/"},"category_info":"<a href=\"https:\/\/samanoticiasdurango.com\/index.php\/category\/nacional\/\" rel=\"category tag\">NACIONAL<\/a>","tag_info":"NACIONAL","comment_count":"0","jetpack_sharing_enabled":true,"_links":{"self":[{"href":"https:\/\/samanoticiasdurango.com\/index.php\/wp-json\/wp\/v2\/posts\/2496","targetHints":{"allow":["GET"]}}],"collection":[{"href":"https:\/\/samanoticiasdurango.com\/index.php\/wp-json\/wp\/v2\/posts"}],"about":[{"href":"https:\/\/samanoticiasdurango.com\/index.php\/wp-json\/wp\/v2\/types\/post"}],"author":[{"embeddable":true,"href":"https:\/\/samanoticiasdurango.com\/index.php\/wp-json\/wp\/v2\/users\/1"}],"replies":[{"embeddable":true,"href":"https:\/\/samanoticiasdurango.com\/index.php\/wp-json\/wp\/v2\/comments?post=2496"}],"version-history":[{"count":1,"href":"https:\/\/samanoticiasdurango.com\/index.php\/wp-json\/wp\/v2\/posts\/2496\/revisions"}],"predecessor-version":[{"id":2498,"href":"https:\/\/samanoticiasdurango.com\/index.php\/wp-json\/wp\/v2\/posts\/2496\/revisions\/2498"}],"wp:featuredmedia":[{"embeddable":true,"href":"https:\/\/samanoticiasdurango.com\/index.php\/wp-json\/wp\/v2\/media\/2497"}],"wp:attachment":[{"href":"https:\/\/samanoticiasdurango.com\/index.php\/wp-json\/wp\/v2\/media?parent=2496"}],"wp:term":[{"taxonomy":"category","embeddable":true,"href":"https:\/\/samanoticiasdurango.com\/index.php\/wp-json\/wp\/v2\/categories?post=2496"},{"taxonomy":"post_tag","embeddable":true,"href":"https:\/\/samanoticiasdurango.com\/index.php\/wp-json\/wp\/v2\/tags?post=2496"}],"curies":[{"name":"wp","href":"https:\/\/api.w.org\/{rel}","templated":true}]}}