{"id":2539,"date":"2022-08-21T22:03:38","date_gmt":"2022-08-21T22:03:38","guid":{"rendered":"http:\/\/samanoticiasdurango.com\/?p=2539"},"modified":"2022-08-21T22:05:00","modified_gmt":"2022-08-21T22:05:00","slug":"enterate-los-co-gobernadores-de-este-sexenio-malogrado","status":"publish","type":"post","link":"https:\/\/samanoticiasdurango.com\/index.php\/2022\/08\/21\/enterate-los-co-gobernadores-de-este-sexenio-malogrado\/","title":{"rendered":"#Ent\u00e9rate || Los co-gobernadores de este sexenio malogrado"},"content":{"rendered":"\n<p>Durango, Dgo. (EL CONTRALOR). &#8211; El verano de 2016 la ciudadan\u00eda duranguense vot\u00f3 para elegir Gobernador del Estado de Durango, sin embargo, la poblaci\u00f3n hasta ahora se da cuenta que en las urnas no eligi\u00f3 a un gobernador, sino a varios al mismo tiempo.<\/p>\n\n\n\n<p>Y es que, en teor\u00eda la boleta solo tuvo un nombre postulado por cada partido o coalici\u00f3n, pero, en los hechos, en Durango estos seis a\u00f1os hemos tenido varias figuras que ostentan el poder \u201ctras el trono\u201d cual si fueran el gobernante que elegimos en el 2016.<\/p>\n\n\n\n<p>Sin duda, una de esas personas ha sido la esposa del propio Dr. Jos\u00e9 Rosas Aispuro Torres, la L.A.E. Mar\u00eda Elvira Barrantes Velarde, quien desde la campa\u00f1a y ya en la operaci\u00f3n gubernamental mont\u00f3 un equipo de gobierno alterno y leal a ella, eficaz para hacer realidad todas y cada una de sus peticiones dentro de cada dependencia de la administraci\u00f3n p\u00fablica estatal.<\/p>\n\n\n\n<p>Porque, es sabido por propios y extra\u00f1os que en este sexenio autollamado Gobierno del \u201cDurango para Todos\u2026\u201d hubo dos equipos gubernamentales paralelamente en cada \u00e1rea de influencia de la administraci\u00f3n p\u00fablica del Estado: por un lado, el equipo que pudo nombrar el gobernador Aispuro Torres; y por el otro, el \u201cS\u00faper\u201d Staff que coloc\u00f3 su esposa en cada dependencia como titulares de las Subsecretar\u00edas y Direcciones Generales de Administraci\u00f3n.<\/p>\n\n\n\n<p>Sin embargo, y a pesar de que la ciudadan\u00eda vot\u00f3 solamente por Aispuro, en el sexenio ha habido personajes que se creen titulares del Poder Ejecutivo, y hacen gala de sus influencias y del poder pol\u00edtico que han acumulado durante estos 6 a\u00f1os, sin que el mandatario estatal haga algo para frenar ese tipo de pr\u00e1cticas, pese a que \u00e9l tambi\u00e9n las detect\u00f3.<\/p>\n\n\n\n<p>El Omn\u00edmodo. \u2013<\/p>\n\n\n\n<p>Es el caso del Secretario de Finanzas y Administraci\u00f3n, Jes\u00fas Arturo \u201cEl To-Toy\u201d D\u00edaz Medina, quien se ha comportado peor que el gobernador en la c\u00faspide del poder, ya que el funcionario se olvida que es solo el administrador de los recursos que llegan y capta el Estado, pero no es el due\u00f1o.<\/p>\n\n\n\n<p>As\u00ed, esta semana que transcurri\u00f3 se pudo observar el nivel de prepotencia y desfachatez que asume \u201cEl To-Toy\u201d D\u00edaz Medina, al mantener a casi 15 alcaldes como aut\u00e9nticos pedig\u00fce\u00f1os o cobradores de Elektra a las afueras de la estaci\u00f3n ferrocarril sede de la Secretar\u00eda de Finanzas, esperando a que el Secretario se dignara a recibirlos y, sobre todo, que les resolviera la entrega y les explicara del porqu\u00e9 el jineteo de las participaciones federales que puntualmente env\u00eda la SHCP.<\/p>\n\n\n\n<p>Cual, si fueran limosneros, as\u00ed ha sido el trato que les ofrece el gobierno de Aispuro Torres a los presidentes municipales, a pesar de que les prometi\u00f3 ser un gobernador municipalista, porque al igual que ellos, fue tambi\u00e9n presidente municipal de Durango.<\/p>\n\n\n\n<p>&nbsp;As\u00ed como lo oye, los alcaldes han tenido que hacer horas y horas de espera individual y ahora ya en forma colectiva, para que los pueda recibir Jes\u00fas Arturo \u201cEl To-Toy\u201d D\u00edaz Medina, y al final, suponiendo que los reciba, terminan despach\u00e1ndolos por la puerta de atr\u00e1s, con una mano adelante y otra atr\u00e1s, ment\u00e1ndoles las ma\u00f1anitas a sus progenitoras.<\/p>\n\n\n\n<p>Semejante a la escena de la pel\u00edcula: \u201cEl \u00e1guila descalza\u201d. Sin nada pues.<\/p>\n\n\n\n<p>Y, por si fuera poco, la actitud asumida de \u201cperdona vidas\u201d hacia los otros dos poderes del estado, y de forma muy revelada hacia el H. Congreso del Estado, y como prueba se tiene la reciente declaraci\u00f3n del pasado viernes 12 de agosto del diputado Enrique Ben\u00edtez Ojeda ante los medios de comunicaci\u00f3n, en su entrevista banquetera en la que afirm\u00f3 que el actual gobierno del estado va a terminar con una deuda de 23 mil millones de pesos, muy superior a la cifra que al inicio la actual administraci\u00f3n del autollamado Gobierno \u201cDurango para Todos\u2026\u201d manifest\u00f3 haber heredado de la administraci\u00f3n del C.P. Jorge Herrera Caldera, sobre un monto de 16 mil millones de pesos, (monto que a\u00fan no ha sido totalmente demostrado); lo interesante es que es un estimado, porque el \u201cs\u00faper\u201d Secretario de Finanzas y de Administraci\u00f3n nunca les inform\u00f3 ni compareci\u00f3 cuando las se\u00f1oras y se\u00f1ores diputados de la LXIX Legislatura del H. Congreso del Estado se lo pidieron, seg\u00fan lo afirm\u00f3 el Dip. Ben\u00edtez. GRAV\u00cdSIMA la aseveraci\u00f3n del Dip. Ben\u00edtez en torno al actuar tan desde\u00f1osa del Secretario de Finanzas.<\/p>\n\n\n\n<p>Pas\u00e1ndose por el arco del triunfo el Art\u00edculo 82, fracci\u00f3n II, inciso d) de la Constituci\u00f3n Pol\u00edtica del Estado Libre y Soberano de Durango, que a la letra dice:<\/p>\n\n\n\n<p><em>ART\u00cdCULO 82.- El Congreso del Estado tiene facultades para legislar en todo aquello que no est\u00e9 expresamente establecido como atribuci\u00f3n del Congreso de la Uni\u00f3n o alguna de sus c\u00e1maras; adem\u00e1s tiene las siguientes:<\/em><\/p>\n\n\n\n<p><em>II. De fiscalizaci\u00f3n, vigilancia y combate a la corrupci\u00f3n:<\/em><\/p>\n\n\n\n<p><em>d) Para citar a las personas titulares de las Secretarias de Despacho del Ejecutivo, a la persona titular de la Fiscal\u00eda General del Estado, a las personas titulares de las entidades de la administraci\u00f3n p\u00fablica estatal o municipal, a las personas titulares de los organismos constitucionales aut\u00f3nomos y dem\u00e1s servidores p\u00fablicos previstos en esta Constituci\u00f3n, para que emitan opini\u00f3n cuando se discuta una ley o informen cuando se estudie cualquier asunto concerniente a sus respectivos ramos.<\/em><\/p>\n\n\n\n<p>Lo cual lo hace susceptible al juicio pol\u00edtico establecido en el Art\u00edculo 177 de la misma Constituci\u00f3n Pol\u00edtica del Estado Libre y Soberano de Durango:<\/p>\n\n\n\n<p><em>ART\u00cdCULO 177.- Los servidores p\u00fablicos del Estado y de los municipios ser\u00e1n responsables pol\u00edtica, administrativa, penal y civilmente de los actos u omisiones en el ejercicio de sus funciones.&nbsp; El juicio pol\u00edtico proceder\u00e1 contra el Gobernador del Estado, las y los diputados, titulares de las secretar\u00edas del Poder Ejecutivo, de los organismos de la administraci\u00f3n p\u00fablica paraestatal; las y los magistrados, consejeros de la judicatura y jueces del Poder Judicial del Estado; las y los consejeros o comisionados de los \u00f3rganos constitucionales aut\u00f3nomos, y las y los presidentes municipales, regidores, s\u00edndicos, la o el secretario y la o el tesorero de los ayuntamientos y, en su caso, concejales municipales, por actos u omisiones que redunden en perjuicio de los intereses p\u00fablicos fundamentales o de su buen despacho, de acuerdo a las siguientes prevenciones:<\/em><\/p>\n\n\n\n<ol class=\"wp-block-list\" type=\"I\"><li><em>El juicio pol\u00edtico s\u00f3lo podr\u00e1 iniciarse en el tiempo que el servidor p\u00fablico se encuentre en funciones y dentro de un a\u00f1o despu\u00e9s. Este procedimiento no tendr\u00e1 una duraci\u00f3n mayor de seis meses.<\/em><\/li><li><em>No procede juicio pol\u00edtico por la mera expresi\u00f3n de ideas.<\/em><\/li><li><em>Podr\u00e1n tramitarse conjuntamente el juicio pol\u00edtico y el de declaratoria de procedencia.<\/em><\/li><li><em>A trav\u00e9s del juicio pol\u00edtico se impondr\u00e1n las sanciones de destituci\u00f3n y de inhabilitaci\u00f3n para desempe\u00f1ar alg\u00fan empleo, cargo o comisi\u00f3n en el servicio p\u00fablico por el t\u00e9rmino que se\u00f1ale la ley.&nbsp;<\/em><\/li><li><em>El Congreso del Estado aplicar\u00e1 la sanci\u00f3n correspondiente mediante resoluci\u00f3n de la mayor\u00eda absoluta de los miembros presentes en sesi\u00f3n, una vez practicadas las diligencias correspondientes y con audiencia del acusado.&nbsp;<\/em><\/li><\/ol>\n\n\n\n<p><em>Las resoluciones del procedimiento de juicio pol\u00edtico son definitivas e inatacables.&nbsp;<\/em><\/p>\n\n\n\n<p><em>La comisi\u00f3n de delitos por parte de cualquier servidor p\u00fablico, ser\u00e1 investigada y sancionada en los t\u00e9rminos de las leyes.&nbsp;<\/em><\/p>\n\n\n\n<p><em>Se sancionar\u00e1 administrativamente a los servidores p\u00fablicos por los actos u omisiones que afecten la legalidad, honradez, imparcialidad y eficiencia que deben observar en el desempe\u00f1o de su empleo, cargo o comisi\u00f3n.<\/em><\/p>\n\n\n\n<p>Ante esto, les manifestamos a las se\u00f1oras y se\u00f1ores diputados de la LXIX Legislatura del H. Congreso del Estado que a\u00fan est\u00e1n en tiempo de iniciar el proceso contundente ante el desacato hecho por el actual Secretario de Finanzas y de Administraci\u00f3n, C.P. D\u00edaz Medina, manifestado p\u00fablicamente por el Dip. Enrique Ben\u00edtez.<\/p>\n\n\n\n<p>Desde\u00f1oso hasta con sus pares. \u2013<\/p>\n\n\n\n<p>\u201cEl To-Toy\u201d ha sido se\u00f1alado incluso por los propios compa\u00f1eros del gabinete, como el funcionario m\u00e1s dif\u00edcil de localizar, el m\u00e1s complicado para hacer una gesti\u00f3n, y el m\u00e1s escurridizo, \u201ccual pez enjabonado en el mar\u201d, cuando se trata de pagar a medios de comunicaci\u00f3n, proveedores, constructores, maestros, bur\u00f3cratas, aseguradoras, financieras y dem\u00e1s.<\/p>\n\n\n\n<p>De lectora de noticias a la \u201cChucky\u201d Terrones. \u2013<\/p>\n\n\n\n<p>Sin embargo, otro de los perfiles aispuristas que act\u00fao como si tuviera una extensi\u00f3n del nombramiento del pueblo hacia Aispuro Torres, es tambi\u00e9n la Directora General de Comunicaci\u00f3n Social y Regidora Ver\u00f3nica Terrones Romero, quien no solo ha llevado mal la relaci\u00f3n con los diferentes medios de comunicaci\u00f3n, sino que ha asumido atribuciones que est\u00e1n muy lejos de lo que es su deber como ente vinculante entre la relaci\u00f3n del poder ejecutivo del estado hacia los medios de comunicaci\u00f3n de la entidad.<\/p>\n\n\n\n<p>Ver\u00f3nica se ha convertido en el poder junto al poder, ante la mirada de un Aispuro que lo tolera o incluso lo fomenta, pero quien no se da cuenta que el gran error de su gobierno es y ser\u00e1 la falta de coordinaci\u00f3n que genera tener tantos generales, y un general aut\u00e9ntico que no se la cree y delega poder a diestra y siniestra, sin medir consecuencias.<\/p>\n\n\n\n<p>Antes, en los primeros dos a\u00f1os del sexenio, el gobernador en paralelo que tuvo Aispuro Torres se llam\u00f3 Juan Carlos Maturino Manzanera, quien se sinti\u00f3 vice gobernador desde el primer cargo que tuvo en la Coordinaci\u00f3n General de Gabinete, un puesto que por cierto se invent\u00f3 Aispuro ya que no existe en la Ley Org\u00e1nica que le da vida a la administraci\u00f3n p\u00fablica estatal.<\/p>\n\n\n\n<p>Jos\u00e9 Rosas cometi\u00f3 el error de que le dio entrada y facultades a Maturino en la operaci\u00f3n pol\u00edtica y social, incluso en parte las definiciones financieras o presupuestales, las de tipo judicial o de cualquier otra \u00edndole.<\/p>\n\n\n\n<p>Es decir, el de Tamazula ha ca\u00eddo en el error de compartir el poder con su familia y subalternos, al grado que cada uno de los beneficiarios de la confianza de Aispuro han asumido ese pedazo del pastel que les otorga el gobernante, y en la mayor\u00eda de los casos han cometido el error de extralimitarse con ese poder y esas influencias que les concedi\u00f3 el mandatario.<\/p>\n\n\n\n<p>Hoy, Aispuro tiene un pie fuera del gobierno pues se le acaba la gesti\u00f3n el 14 de septiembre y entregar\u00e1 las riendas al d\u00eda siguiente, el d\u00eda 15 de septiembre, y la existencia de tantos cuasi gobernadores no result\u00f3 como lo esperaba el gobernante, ya que entreg\u00f3 poder a varios de sus cercanos para que lo ejercieran, y lo \u00fanico que hicieron estos fue abusar de la situaci\u00f3n, enriquecerse, activar venganzas personales y cometer errores.<\/p>\n\n\n\n<p>Porque hoy, tambi\u00e9n se nota la ausencia de respaldo de estos personajes hacia su jefe el gobernador, quien tiene cada vez menos d\u00edas y a pesar de ello insiste en cerrar su gobierno lleno de esc\u00e1ndalos, con una crisis financiera enorme, desacreditado social y pol\u00edticamente, sin haber construido una ruta de sucesi\u00f3n, y con el estigma de la corrupci\u00f3n en todos lados.<\/p>\n\n\n\n<p>GOBERNADORES<\/p>\n\n\n\n<p>La paradoja es que en 2016 los duranguenses votaron por un gobernador y un equipo pol\u00edtico que ofreci\u00f3 un cambio y resulta que, a la vuelta del sexenio, la desilusi\u00f3n es la marca com\u00fan entre la gente al analizar la actuaci\u00f3n de Aispuro y compa\u00f1\u00eda.<\/p>\n\n\n\n<p>Lo contrastante es que estos seis a\u00f1os la debacle oficial tiene responsables con nombres y apellidos, pero hay un elemento com\u00fan y ese es el gobernador Jos\u00e9 Aispuro Torres, quien desde un principio permiti\u00f3 que hubiera m\u00e1s gobernadores cogobernando con \u00e9l, con poder e influencias similares a las suyas, lo que se tradujo en un c\u00famulo de excesos y abusos en el manejo de los recursos p\u00fablicos y en la toma diaria de decisiones.<\/p>\n\n\n\n<p>Pues en teor\u00eda la boleta solo tuvo un nombre postulado por cada partido o coalici\u00f3n, pero, en los hechos, en Durango estos seis a\u00f1os hemos tenido varias figuras que ostentan el poder cual, si fueran el gobernante, tal es el caso de Javier Castrell\u00f3n Garza, quien fuera Secretario de Seguridad P\u00fablica y de quien se afirma dej\u00f3 un gran desorden, tanto administrativo como financiero en dicha dependencia. Tan es as\u00ed, que comentan que durante el tiempo que L.C. Miguel \u00c1ngel P\u00e9rez Gavil\u00e1n Le\u00f3n fungi\u00f3 como Secretario Ejecutivo del Consejo Estatal de Seguridad P\u00fablica (SECESP) en una ocasi\u00f3n, se encontr\u00f3 con el matrimonio Aispuro-Barrantes y les espet\u00f3: <em>\u201cQu\u00e9 bueno que los veo a los dos juntos porque quiero preguntarles \u00bfA qui\u00e9n de los dos le voy hacer caso?\u201d, <\/em>respondi\u00e9ndole el Gobernador Aispuro Torres: <em>\u00a1A m\u00ed!<\/em><\/p>\n\n\n\n<p>Resulta que el Gobernador Aispuro orden\u00f3 que le compraran su camioneta blindada a una empresa blindadora de carros recomendada por el Senador Ernesto Javier Cordero Arroyo, pasado el tiempo, le llama al Secretario Ejecutivo del Consejo Estatal de Seguridad P\u00fablica (SECESP), L.C. Miguel \u00c1ngel P\u00e9rez Gavil\u00e1n Le\u00f3n, <em>\u00a1\u00bfPor qu\u00e9 no compraste la camioneta donde te orden\u00e9?!<\/em>, a lo que le respondi\u00f3 P\u00e9rez Gavil\u00e1n Le\u00f3n, <em>\u00a1Yo no la compr\u00e9!<\/em>, y al poco tiempo recibe una llamada de la Se\u00f1ora Elvira Barrantes para reclamarle que porqu\u00e9 le hab\u00eda dicho al gobernador que \u00e9l no la hab\u00eda comprado y ante tal incidente, a los pocos d\u00edas fue destituido del cargo y sustituido por Omar Carrasco Ch\u00e1vez, gente muy allegada a Castrell\u00f3n Garza.&nbsp;<\/p>\n\n\n\n<p>Anticonstitucional y privilegiad\u00edsima. &#8211; &nbsp;<\/p>\n\n\n\n<p>Otra que se siente cuasi gobernadora, la anticonstitucional Coordinadora General de Gabinete del Gobierno del Estado de Durango, Lic. Rosario Castro Lozano, nos est\u00e1 saliendo muy caro a los contribuyentes duranguenses su estad\u00eda tanto en el cargo como en la ciudad de Durango, ya que se le paga la renta del departamento en la unidad habitacional Plaza Las Torres, as\u00ed como su alimentaci\u00f3n, lavado de ropa, personal dom\u00e9stico y de limpieza, tambi\u00e9n expresan que llega a la Secretar\u00eda de Finanzas a la hora que sea y sin importar que afuera existan personas haciendo antesala con audiencia previa para entrevistarse con el Secretario D\u00edaz Medina, la reciben de inmediato y sin recato alguno, se introduce.<\/p>\n\n\n\n<p>Largu\u00edsima agon\u00eda. &#8211; &nbsp;&nbsp;<\/p>\n\n\n\n<p>Ante lo arriba expresado, hoy se comprueba que sus excesos al decidir sobre los presupuestos del Estado traen como consecuencia el desgaste indiscutible e hist\u00f3rico que vive a diario la administraci\u00f3n aispurista autollamada Gobierno del \u201cDurango para Todos\u2026\u201d, con una agon\u00eda a la que todav\u00eda le quedan&nbsp; 23 d\u00edas que ser\u00e1n de pron\u00f3stico reservado incluso hay quienes afirman que el infierno ser\u00e1 poco para ellos, ya que protagonizan el cierre m\u00e1s ineficiente, incapaz y cuestionado en cuanto a su honorabilidad que sexenio alguno por m\u00e1s atropellado y escandaloso del que haya memoria haya padecido y en el que se haya visto inmerso &nbsp;en el estado de Durango.<\/p>\n","protected":false},"excerpt":{"rendered":"<p>Durango, Dgo. (EL CONTRALOR). &#8211; El verano de 2016 la ciudadan\u00eda duranguense vot\u00f3 para elegir<\/p>\n","protected":false},"author":1,"featured_media":2540,"comment_status":"open","ping_status":"open","sticky":false,"template":"","format":"standard","meta":{"om_disable_all_campaigns":false,"_monsterinsights_skip_tracking":false,"_monsterinsights_sitenote_active":false,"_monsterinsights_sitenote_note":"","_monsterinsights_sitenote_category":0,"_jetpack_memberships_contains_paid_content":false,"footnotes":"","jetpack_publicize_message":"","jetpack_publicize_feature_enabled":true,"jetpack_social_post_already_shared":false,"jetpack_social_options":{"image_generator_settings":{"template":"highway","enabled":false},"version":2}},"categories":[1],"tags":[],"class_list":["post-2539","post","type-post","status-publish","format-standard","has-post-thumbnail","hentry","category-archivo"],"jetpack_publicize_connections":[],"aioseo_notices":[],"jetpack_featured_media_url":"https:\/\/samanoticiasdurango.com\/wp-content\/uploads\/2022\/08\/BORREGOS.00_01_03_00.Imagen-fija010.jpg","featured_image_urls":{"full":["https:\/\/samanoticiasdurango.com\/wp-content\/uploads\/2022\/08\/BORREGOS.00_01_03_00.Imagen-fija010.jpg",1600,900,false],"thumbnail":["https:\/\/samanoticiasdurango.com\/wp-content\/uploads\/2022\/08\/BORREGOS.00_01_03_00.Imagen-fija010-150x150.jpg",150,150,true],"medium":["https:\/\/samanoticiasdurango.com\/wp-content\/uploads\/2022\/08\/BORREGOS.00_01_03_00.Imagen-fija010-300x169.jpg",300,169,true],"medium_large":["https:\/\/samanoticiasdurango.com\/wp-content\/uploads\/2022\/08\/BORREGOS.00_01_03_00.Imagen-fija010-768x432.jpg",640,360,true],"large":["https:\/\/samanoticiasdurango.com\/wp-content\/uploads\/2022\/08\/BORREGOS.00_01_03_00.Imagen-fija010-1024x576.jpg",640,360,true],"1536x1536":["https:\/\/samanoticiasdurango.com\/wp-content\/uploads\/2022\/08\/BORREGOS.00_01_03_00.Imagen-fija010-1536x864.jpg",1536,864,true],"2048x2048":["https:\/\/samanoticiasdurango.com\/wp-content\/uploads\/2022\/08\/BORREGOS.00_01_03_00.Imagen-fija010.jpg",1600,900,false],"chromenews-featured":["https:\/\/samanoticiasdurango.com\/wp-content\/uploads\/2022\/08\/BORREGOS.00_01_03_00.Imagen-fija010-1024x576.jpg",1024,576,true],"chromenews-large":["https:\/\/samanoticiasdurango.com\/wp-content\/uploads\/2022\/08\/BORREGOS.00_01_03_00.Imagen-fija010-825x575.jpg",825,575,true],"chromenews-medium":["https:\/\/samanoticiasdurango.com\/wp-content\/uploads\/2022\/08\/BORREGOS.00_01_03_00.Imagen-fija010-590x410.jpg",590,410,true]},"author_info":{"display_name":"Redacci\u00f3n","author_link":"https:\/\/samanoticiasdurango.com\/index.php\/author\/jjsama13gmail-com\/"},"category_info":"<a href=\"https:\/\/samanoticiasdurango.com\/index.php\/category\/archivo\/\" rel=\"category tag\">DURANGO<\/a>","tag_info":"DURANGO","comment_count":"0","jetpack_sharing_enabled":true,"_links":{"self":[{"href":"https:\/\/samanoticiasdurango.com\/index.php\/wp-json\/wp\/v2\/posts\/2539","targetHints":{"allow":["GET"]}}],"collection":[{"href":"https:\/\/samanoticiasdurango.com\/index.php\/wp-json\/wp\/v2\/posts"}],"about":[{"href":"https:\/\/samanoticiasdurango.com\/index.php\/wp-json\/wp\/v2\/types\/post"}],"author":[{"embeddable":true,"href":"https:\/\/samanoticiasdurango.com\/index.php\/wp-json\/wp\/v2\/users\/1"}],"replies":[{"embeddable":true,"href":"https:\/\/samanoticiasdurango.com\/index.php\/wp-json\/wp\/v2\/comments?post=2539"}],"version-history":[{"count":1,"href":"https:\/\/samanoticiasdurango.com\/index.php\/wp-json\/wp\/v2\/posts\/2539\/revisions"}],"predecessor-version":[{"id":2541,"href":"https:\/\/samanoticiasdurango.com\/index.php\/wp-json\/wp\/v2\/posts\/2539\/revisions\/2541"}],"wp:featuredmedia":[{"embeddable":true,"href":"https:\/\/samanoticiasdurango.com\/index.php\/wp-json\/wp\/v2\/media\/2540"}],"wp:attachment":[{"href":"https:\/\/samanoticiasdurango.com\/index.php\/wp-json\/wp\/v2\/media?parent=2539"}],"wp:term":[{"taxonomy":"category","embeddable":true,"href":"https:\/\/samanoticiasdurango.com\/index.php\/wp-json\/wp\/v2\/categories?post=2539"},{"taxonomy":"post_tag","embeddable":true,"href":"https:\/\/samanoticiasdurango.com\/index.php\/wp-json\/wp\/v2\/tags?post=2539"}],"curies":[{"name":"wp","href":"https:\/\/api.w.org\/{rel}","templated":true}]}}