{"id":2552,"date":"2022-08-21T23:57:11","date_gmt":"2022-08-21T23:57:11","guid":{"rendered":"http:\/\/samanoticiasdurango.com\/?p=2552"},"modified":"2022-08-21T23:58:15","modified_gmt":"2022-08-21T23:58:15","slug":"extraditan-a-el-80-lider-de-la-linea-a-estados-unidos","status":"publish","type":"post","link":"https:\/\/samanoticiasdurango.com\/index.php\/2022\/08\/21\/extraditan-a-el-80-lider-de-la-linea-a-estados-unidos\/","title":{"rendered":"Extraditan a \u2018El 80\u2019, l\u00edder de La L\u00ednea, a Estados Unidos"},"content":{"rendered":"\n<p>La&nbsp;<strong>Fiscal\u00eda General de la Rep\u00fablica<\/strong>&nbsp;(FGR) entreg\u00f3 en extradici\u00f3n a&nbsp;<strong>Estados Unidos<\/strong>&nbsp;al&nbsp;<strong>Carlos Arturo Quintana<\/strong>, alias \u2018<strong>El 80<\/strong>\u2018, l\u00edder del grupo criminal&nbsp;<strong>La L\u00ednea<\/strong>, uno de los m\u00e1s buscados por el Bur\u00f3 Federal de Investigaciones (FBI).<\/p>\n\n\n\n<p>Considerado como uno de los criminales m\u00e1s sanguinarios de\u00a0<strong>M\u00e9xico<\/strong>, \u2018<strong>El 80<\/strong>\u2018 es se\u00f1alado como el responsable de la colocaci\u00f3n de mantas con amenazas de muerte contra\u00a0<strong>Javier Corral<\/strong>\u00a0al inicio de su administraci\u00f3n en\u00a0<strong>Chihuahua<\/strong>.<\/p>\n\n\n\n<p>Al l\u00edder criminal se le acusa de dirigir, administrar y vigilar las actividades de tr\u00e1fico de droga de&nbsp;<strong>Chihuahua<\/strong>&nbsp;hacia&nbsp;<strong>Nuevo M\u00e9xico<\/strong>, en&nbsp;<strong>Estados Unidos<\/strong>.<\/p>\n\n\n\n<p>La&nbsp;<strong>Corte Federal de Distrito para el Distrito<\/strong>&nbsp;de<strong>&nbsp;Nuevo M\u00e9xico<\/strong>&nbsp;solicit\u00f3 su extradici\u00f3n por su probable responsabilidad en los delitos de asociaci\u00f3n delictuosa y contra la salud.<\/p>\n\n\n\n<p>La entrega de \u2018El 80\u2019 se realiz\u00f3 en el&nbsp;<strong>Aeropuerto Internacional la ciudad de Toluca<\/strong>, Estado de M\u00e9xico.<\/p>\n\n\n\n<p>Con informaci\u00f3n de L\u00f3pez-D\u00f3riga Digital<\/p>\n","protected":false},"excerpt":{"rendered":"<p>La&nbsp;Fiscal\u00eda General de la Rep\u00fablica&nbsp;(FGR) entreg\u00f3 en extradici\u00f3n a&nbsp;Estados Unidos&nbsp;al&nbsp;Carlos Arturo Quintana, alias \u2018El 80\u2018,<\/p>\n","protected":false},"author":1,"featured_media":2553,"comment_status":"open","ping_status":"open","sticky":false,"template":"","format":"standard","meta":{"om_disable_all_campaigns":false,"_monsterinsights_skip_tracking":false,"_monsterinsights_sitenote_active":false,"_monsterinsights_sitenote_note":"","_monsterinsights_sitenote_category":0,"_jetpack_memberships_contains_paid_content":false,"footnotes":"","jetpack_publicize_message":"","jetpack_publicize_feature_enabled":true,"jetpack_social_post_already_shared":false,"jetpack_social_options":{"image_generator_settings":{"template":"highway","enabled":false},"version":2}},"categories":[5],"tags":[],"class_list":["post-2552","post","type-post","status-publish","format-standard","has-post-thumbnail","hentry","category-nacional"],"jetpack_publicize_connections":[],"aioseo_notices":[],"jetpack_featured_media_url":"https:\/\/samanoticiasdurango.com\/wp-content\/uploads\/2022\/08\/BORREGOS.00_00_02_02.Imagen-fija014.jpg","featured_image_urls":{"full":["https:\/\/samanoticiasdurango.com\/wp-content\/uploads\/2022\/08\/BORREGOS.00_00_02_02.Imagen-fija014.jpg",1600,900,false],"thumbnail":["https:\/\/samanoticiasdurango.com\/wp-content\/uploads\/2022\/08\/BORREGOS.00_00_02_02.Imagen-fija014-150x150.jpg",150,150,true],"medium":["https:\/\/samanoticiasdurango.com\/wp-content\/uploads\/2022\/08\/BORREGOS.00_00_02_02.Imagen-fija014-300x169.jpg",300,169,true],"medium_large":["https:\/\/samanoticiasdurango.com\/wp-content\/uploads\/2022\/08\/BORREGOS.00_00_02_02.Imagen-fija014-768x432.jpg",640,360,true],"large":["https:\/\/samanoticiasdurango.com\/wp-content\/uploads\/2022\/08\/BORREGOS.00_00_02_02.Imagen-fija014-1024x576.jpg",640,360,true],"1536x1536":["https:\/\/samanoticiasdurango.com\/wp-content\/uploads\/2022\/08\/BORREGOS.00_00_02_02.Imagen-fija014-1536x864.jpg",1536,864,true],"2048x2048":["https:\/\/samanoticiasdurango.com\/wp-content\/uploads\/2022\/08\/BORREGOS.00_00_02_02.Imagen-fija014.jpg",1600,900,false],"chromenews-featured":["https:\/\/samanoticiasdurango.com\/wp-content\/uploads\/2022\/08\/BORREGOS.00_00_02_02.Imagen-fija014-1024x576.jpg",1024,576,true],"chromenews-large":["https:\/\/samanoticiasdurango.com\/wp-content\/uploads\/2022\/08\/BORREGOS.00_00_02_02.Imagen-fija014-825x575.jpg",825,575,true],"chromenews-medium":["https:\/\/samanoticiasdurango.com\/wp-content\/uploads\/2022\/08\/BORREGOS.00_00_02_02.Imagen-fija014-590x410.jpg",590,410,true]},"author_info":{"display_name":"Redacci\u00f3n","author_link":"https:\/\/samanoticiasdurango.com\/index.php\/author\/jjsama13gmail-com\/"},"category_info":"<a href=\"https:\/\/samanoticiasdurango.com\/index.php\/category\/nacional\/\" rel=\"category tag\">NACIONAL<\/a>","tag_info":"NACIONAL","comment_count":"0","jetpack_sharing_enabled":true,"_links":{"self":[{"href":"https:\/\/samanoticiasdurango.com\/index.php\/wp-json\/wp\/v2\/posts\/2552","targetHints":{"allow":["GET"]}}],"collection":[{"href":"https:\/\/samanoticiasdurango.com\/index.php\/wp-json\/wp\/v2\/posts"}],"about":[{"href":"https:\/\/samanoticiasdurango.com\/index.php\/wp-json\/wp\/v2\/types\/post"}],"author":[{"embeddable":true,"href":"https:\/\/samanoticiasdurango.com\/index.php\/wp-json\/wp\/v2\/users\/1"}],"replies":[{"embeddable":true,"href":"https:\/\/samanoticiasdurango.com\/index.php\/wp-json\/wp\/v2\/comments?post=2552"}],"version-history":[{"count":1,"href":"https:\/\/samanoticiasdurango.com\/index.php\/wp-json\/wp\/v2\/posts\/2552\/revisions"}],"predecessor-version":[{"id":2554,"href":"https:\/\/samanoticiasdurango.com\/index.php\/wp-json\/wp\/v2\/posts\/2552\/revisions\/2554"}],"wp:featuredmedia":[{"embeddable":true,"href":"https:\/\/samanoticiasdurango.com\/index.php\/wp-json\/wp\/v2\/media\/2553"}],"wp:attachment":[{"href":"https:\/\/samanoticiasdurango.com\/index.php\/wp-json\/wp\/v2\/media?parent=2552"}],"wp:term":[{"taxonomy":"category","embeddable":true,"href":"https:\/\/samanoticiasdurango.com\/index.php\/wp-json\/wp\/v2\/categories?post=2552"},{"taxonomy":"post_tag","embeddable":true,"href":"https:\/\/samanoticiasdurango.com\/index.php\/wp-json\/wp\/v2\/tags?post=2552"}],"curies":[{"name":"wp","href":"https:\/\/api.w.org\/{rel}","templated":true}]}}