{"id":2714,"date":"2022-08-31T20:43:38","date_gmt":"2022-08-31T20:43:38","guid":{"rendered":"http:\/\/samanoticiasdurango.com\/?p=2714"},"modified":"2022-08-31T20:43:39","modified_gmt":"2022-08-31T20:43:39","slug":"de-salum-para-ochoa-por-arlen-conteras","status":"publish","type":"post","link":"https:\/\/samanoticiasdurango.com\/index.php\/2022\/08\/31\/de-salum-para-ochoa-por-arlen-conteras\/","title":{"rendered":"De Salum para Ochoa Por Arlen Conteras"},"content":{"rendered":"\n<p>Ganar una elecci\u00f3n requiere de organizaci\u00f3n, estrategia, unidad, planeaci\u00f3n y mucha disposici\u00f3n de cada una de las piezas que conforman el rompecabezas. Pero gobernar requiere del doble de estos ingredientes para cubrir las expectativas creadas durante la campa\u00f1a.<\/p>\n\n\n\n<p>El d\u00eda de hoy toma protesta quien llevar\u00e1 las riendas del Ayuntamiento de la capital de Durango, Jos\u00e9 Antonio Ochoa, quien se coron\u00f3, el pasado 5 de junio, como alcalde del Ayuntamiento. Acuerdo planteado, hace casi cuatro a\u00f1os, cuando Jorge Salum fue postulado como candidato, y To\u00f1o se hiciera a un lado para dar paso al hoy expresidente municipal.<\/p>\n\n\n\n<p>Importantes son los desaf\u00edos que Jos\u00e9 Antonio tendr\u00e1 al frente de la comuna.<\/p>\n\n\n\n<p>En todo cambio, los ciudadanos esperan cosas distintas. Que sus expectativas no s\u00f3lo se cumplan, sino se superen y que todo vaya mucho mejor. Hoy, no es la excepci\u00f3n, a\u00fan y que Jorge Salum deja una administraci\u00f3n aceptable y manejable; con tareas pendientes y muchas cosas por hacer, dicho y reconocido por el propio Jorge.<\/p>\n\n\n\n<p>Sin duda, el embellecer la ciudad; mostrarla m\u00e1s limpia y presentable; arreglando parques, jardines, camellones, entradas y salidas, es algo urgente, y ello tiene que ver con el \u00e1rea de servicios p\u00fablicos; impactando fuertemente en el turismo, otro tema por dem\u00e1s esencial.<\/p>\n\n\n\n<p>Por tanto, la persona que vaya a estar al frente de esta \u00e1rea no s\u00f3lo debe ser un experto en el tema, sino contar con la comprensi\u00f3n de que tendr\u00e1 a su cargo una de las \u00e1reas m\u00e1s sensibles y m\u00e1s sentidas para la poblaci\u00f3n. Uno de los espacios que integran la esencia de un gobierno municipal.<\/p>\n\n\n\n<p>Por d\u00e9cadas las calles de Durango han sido un tema que permanece en la opini\u00f3n p\u00fablica y en la voz de los ciudadanos. Tiene que ver con mantener calles y avenidas en buen estado, pues los baches siempre han sido una de las tareas exhaustas e inagotables del Ayuntamiento.<\/p>\n\n\n\n<p>Jorge Salum del Palacio adquiere un equipo importante de maquinaria que, indudablemente, hace la tarea m\u00e1s sencilla y requiere menor inversi\u00f3n.<\/p>\n\n\n\n<p>Dejar finanzas sanas; reorganizando la administraci\u00f3n del gobierno; -arreglando el desaseo que dej\u00f3 su antecesor-, es uno de los aciertos que hereda Jorge, y que, por supuesto, Ochoa debe hacer todo lo posible por superar en su gobierno.<\/p>\n\n\n\n<p>Un equipo funcional, eficiente y profesional que, en sus cinco sentidos, est\u00e9n dispuestos a servir, como debe ser, al ciudadano, m\u00e1s all\u00e1 de intereses particulares; con una clara visi\u00f3n de lo que significa el servicio p\u00fablico; y que, adem\u00e1s de tener las aptitudes para cada una de las \u00e1reas que conforman su gobierno, tengan la actitud, humildad y disposici\u00f3n, es otro de los grandes retos que tendr\u00e1 Jos\u00e9 Antonio Ochoa, a quien le deseamos el mejor de los \u00e9xitos en esta, nada sencilla, tarea de gobernar.<\/p>\n","protected":false},"excerpt":{"rendered":"<p>Ganar una elecci\u00f3n requiere de organizaci\u00f3n, estrategia, unidad, planeaci\u00f3n y mucha disposici\u00f3n de cada una<\/p>\n","protected":false},"author":1,"featured_media":2715,"comment_status":"open","ping_status":"open","sticky":false,"template":"","format":"standard","meta":{"om_disable_all_campaigns":false,"_monsterinsights_skip_tracking":false,"_monsterinsights_sitenote_active":false,"_monsterinsights_sitenote_note":"","_monsterinsights_sitenote_category":0,"_jetpack_memberships_contains_paid_content":false,"footnotes":"","jetpack_publicize_message":"","jetpack_publicize_feature_enabled":true,"jetpack_social_post_already_shared":false,"jetpack_social_options":{"image_generator_settings":{"template":"highway","enabled":false},"version":2}},"categories":[1],"tags":[],"class_list":["post-2714","post","type-post","status-publish","format-standard","has-post-thumbnail","hentry","category-archivo"],"jetpack_publicize_connections":[],"aioseo_notices":[],"jetpack_featured_media_url":"https:\/\/samanoticiasdurango.com\/wp-content\/uploads\/2022\/08\/PRESIDENCIA-1.jpg","featured_image_urls":{"full":["https:\/\/samanoticiasdurango.com\/wp-content\/uploads\/2022\/08\/PRESIDENCIA-1.jpg",1600,900,false],"thumbnail":["https:\/\/samanoticiasdurango.com\/wp-content\/uploads\/2022\/08\/PRESIDENCIA-1-150x150.jpg",150,150,true],"medium":["https:\/\/samanoticiasdurango.com\/wp-content\/uploads\/2022\/08\/PRESIDENCIA-1-300x169.jpg",300,169,true],"medium_large":["https:\/\/samanoticiasdurango.com\/wp-content\/uploads\/2022\/08\/PRESIDENCIA-1-768x432.jpg",640,360,true],"large":["https:\/\/samanoticiasdurango.com\/wp-content\/uploads\/2022\/08\/PRESIDENCIA-1-1024x576.jpg",640,360,true],"1536x1536":["https:\/\/samanoticiasdurango.com\/wp-content\/uploads\/2022\/08\/PRESIDENCIA-1-1536x864.jpg",1536,864,true],"2048x2048":["https:\/\/samanoticiasdurango.com\/wp-content\/uploads\/2022\/08\/PRESIDENCIA-1.jpg",1600,900,false],"chromenews-featured":["https:\/\/samanoticiasdurango.com\/wp-content\/uploads\/2022\/08\/PRESIDENCIA-1-1024x576.jpg",1024,576,true],"chromenews-large":["https:\/\/samanoticiasdurango.com\/wp-content\/uploads\/2022\/08\/PRESIDENCIA-1-825x575.jpg",825,575,true],"chromenews-medium":["https:\/\/samanoticiasdurango.com\/wp-content\/uploads\/2022\/08\/PRESIDENCIA-1-590x410.jpg",590,410,true]},"author_info":{"display_name":"Redacci\u00f3n","author_link":"https:\/\/samanoticiasdurango.com\/index.php\/author\/jjsama13gmail-com\/"},"category_info":"<a href=\"https:\/\/samanoticiasdurango.com\/index.php\/category\/archivo\/\" rel=\"category tag\">DURANGO<\/a>","tag_info":"DURANGO","comment_count":"0","jetpack_sharing_enabled":true,"_links":{"self":[{"href":"https:\/\/samanoticiasdurango.com\/index.php\/wp-json\/wp\/v2\/posts\/2714","targetHints":{"allow":["GET"]}}],"collection":[{"href":"https:\/\/samanoticiasdurango.com\/index.php\/wp-json\/wp\/v2\/posts"}],"about":[{"href":"https:\/\/samanoticiasdurango.com\/index.php\/wp-json\/wp\/v2\/types\/post"}],"author":[{"embeddable":true,"href":"https:\/\/samanoticiasdurango.com\/index.php\/wp-json\/wp\/v2\/users\/1"}],"replies":[{"embeddable":true,"href":"https:\/\/samanoticiasdurango.com\/index.php\/wp-json\/wp\/v2\/comments?post=2714"}],"version-history":[{"count":1,"href":"https:\/\/samanoticiasdurango.com\/index.php\/wp-json\/wp\/v2\/posts\/2714\/revisions"}],"predecessor-version":[{"id":2716,"href":"https:\/\/samanoticiasdurango.com\/index.php\/wp-json\/wp\/v2\/posts\/2714\/revisions\/2716"}],"wp:featuredmedia":[{"embeddable":true,"href":"https:\/\/samanoticiasdurango.com\/index.php\/wp-json\/wp\/v2\/media\/2715"}],"wp:attachment":[{"href":"https:\/\/samanoticiasdurango.com\/index.php\/wp-json\/wp\/v2\/media?parent=2714"}],"wp:term":[{"taxonomy":"category","embeddable":true,"href":"https:\/\/samanoticiasdurango.com\/index.php\/wp-json\/wp\/v2\/categories?post=2714"},{"taxonomy":"post_tag","embeddable":true,"href":"https:\/\/samanoticiasdurango.com\/index.php\/wp-json\/wp\/v2\/tags?post=2714"}],"curies":[{"name":"wp","href":"https:\/\/api.w.org\/{rel}","templated":true}]}}