{"id":2777,"date":"2022-09-03T18:05:00","date_gmt":"2022-09-03T18:05:00","guid":{"rendered":"http:\/\/samanoticiasdurango.com\/?p=2777"},"modified":"2022-09-03T18:13:00","modified_gmt":"2022-09-03T18:13:00","slug":"sin-rubor-morena-impuso-contra-la-constitucion-la-militarizacion-de-la-guardia-nacional-una-muestra-impudica-de-poder","status":"publish","type":"post","link":"https:\/\/samanoticiasdurango.com\/index.php\/2022\/09\/03\/sin-rubor-morena-impuso-contra-la-constitucion-la-militarizacion-de-la-guardia-nacional-una-muestra-impudica-de-poder\/","title":{"rendered":"Sin rubor, Morena impuso contra la Constituci\u00f3n la militarizaci\u00f3n de la Guardia Nacional. Una muestra imp\u00fadica de poder"},"content":{"rendered":"\n<p>Ni tiempo de leerla, \u00bfpara qu\u00e9? Si no pod\u00eda mov\u00e9rsele una coma. Ni intento de simular una embarrada de proceso legislativo, de dignidad. \u00bfPara qu\u00e9?, si lo que cuenta es la ignominia.<\/p>\n\n\n\n<p>As\u00ed, ayer, a 24 horas de haber instalado el per\u00edodo ordinario de sesiones, la mayor\u00eda de Morena y sus paniaguados aprobaron en la C\u00e1mara de Diputados la reforma a leyes secundarias que da a la Secretar\u00eda de la Defensa Nacional (Sedena) el control total de la Guardia Nacional (GN).<\/p>\n\n\n\n<p>La reforma tambi\u00e9n deja a la Secretar\u00eda de Seguridad sin cuerpo policiaco civil para atender la seguridad p\u00fablica del pa\u00eds.<\/p>\n\n\n\n<p>Ignacio Mier, coordinador parlamentario de Morena, en un acto patri\u00f3tico abyecto, asumi\u00f3 como propia la iniciativa presidencial que lleg\u00f3 a la C\u00e1mara Baja el pasado mi\u00e9rcoles 31 de agosto y la present\u00f3 como suya, al pedir que se abordara de urgente resoluci\u00f3n, dispensaran tr\u00e1mites y se votara.<\/p>\n\n\n\n<p>Se acord\u00f3 votar cuatro leyes por separado, porque partidos de la alianza Va por M\u00e9xico s\u00f3lo aceptaron avalar las reformas a la Ley de Ascensos y Recompensas del Ej\u00e9rcito y Fuerza A\u00e9rea Mexicanos.<\/p>\n\n\n\n<p>Esta ley de Ascensos se aprob\u00f3 con 458 votos a favor, una abstenci\u00f3n y 26 contra, de los cuales 25 son de Movimiento Ciudadano y uno de la morenista In\u00e9s Parra.<\/p>\n\n\n\n<p>Con ello se homologa el tiempo de servicios del personal del Ej\u00e9rcito y Fuerza A\u00e9rea Mexicana asignado en la GN, como tiempo de servicio en su respectiva instituci\u00f3n.<\/p>\n\n\n\n<p>Todo lo dem\u00e1s se vot\u00f3 en contra por la oposici\u00f3n, pero fue aprobada por el bloque mayoritario.<\/p>\n\n\n\n<p>En la Ley Org\u00e1nica de la Administraci\u00f3n P\u00fablica Federal se establece que son atribuciones de la Sedena ejercer el control operativo y administrativo de la GN.<\/p>\n\n\n\n<p>Esta ley se aprob\u00f3 con 265 votos a favor, 221 en contra y dos abstenciones.<\/p>\n\n\n\n<p>Adem\u00e1s, en la Ley de la Guardia Nacional se determina que el titular de la Sedena tendr\u00e1 la misma facultad de ejercer el control operativo y administrativo de la corporaci\u00f3n, &#8220;en el marco de la Estrategia Nacional de Seguridad P\u00fablica y cuando el titular del Ejecutivo federal disponga que participe en el auxilio de las Fuerzas Armadas en el ejercicio de sus misiones&#8221;.<\/p>\n\n\n\n<p>Se aprob\u00f3 con 267 votos a favor, 222 en contra y una abstenci\u00f3n.<\/p>\n\n\n\n<p>De la Constituci\u00f3n ni se acordaron.<\/p>\n\n\n\n<p>En esta reforma se prev\u00e9 que la Sedena tendr\u00e1 la responsabilidad de expedir manuales de organizaci\u00f3n, de procedimientos y de servicio, los programas operativos y las estrategias; y autorizar planes y programas para el ingreso, formaci\u00f3n, capacitaci\u00f3n, especializaci\u00f3n y profesionalizaci\u00f3n del personal de la GN.<\/p>\n\n\n\n<p>En la Ley Org\u00e1nica del Ej\u00e9rcito y la Fuerza A\u00e9rea Mexicana se faculta al personal militar para efectuar &#8220;operaciones de apoyo&#8221; a las instituciones de seguridad p\u00fablica; y se reconoce como personal activo del Ej\u00e9rcito al personal asignado a la GN.<\/p>\n\n\n\n<p>Esta reforma se aval\u00f3 con 267 votos a favor, 220 en contra y una abstenci\u00f3n.<\/p>\n\n\n\n<p>En art\u00edculos transitorios se precisa que los militares que actualmente est\u00e1n en la GN continuar\u00e1n en esa condici\u00f3n bajo el mando del comandante de dicha instituci\u00f3n.<\/p>\n\n\n\n<p>Los nueve art\u00edculos transitorios se aprobaron con 265 votos en pro, 219 en contra y una abstenci\u00f3n.<\/p>\n\n\n\n<p>En un documento que se distribuy\u00f3 entre diputados de Morena sobre el contenido de la propuesta, donde se pide votar a favor, se omiti\u00f3 incluir y explicar la principal propuesta: que la Sedena toma el control de la GN.<\/p>\n\n\n\n<p>Diputados de oposici\u00f3n anunciaron que recurrir\u00e1n a la Corte, al considerar que la reforma del presidente L\u00f3pez Obrador es inconstitucional.<\/p>\n\n\n\n<p>Antes de la votaci\u00f3n, la panista Margarita Zavala acus\u00f3 que la propuesta de L\u00f3pez Obrador significa la rendici\u00f3n del Estado frente al crimen organizado.<\/p>\n\n\n\n<p>&#8220;No saben qu\u00e9 hacer y dejan la responsabilidad del gobierno al Ej\u00e9rcito. No resuelve el problema del crimen organizado ni la violencia.<\/p>\n\n\n\n<p>&#8220;No beneficia a los ciudadanos, no beneficia al Ej\u00e9rcito, a la Sedena, a la Guardia Nacional, a la Secretar\u00eda de Seguridad, no beneficia a los soldados, a los marinos&#8221;, manifest\u00f3.<\/p>\n\n\n\n<p>Tambi\u00e9n dijo que se le quiere pasar al Ej\u00e9rcito toda la responsabilidad de las fallas en la seguridad y consider\u00f3 que eso no es justo.<\/p>\n\n\n\n<p>Reclam\u00f3 que se hace tal reforma, luego de tener amarrado de manos a los militares, porque se les ha ordenado no intervenir cuando van a zonas de violencia, lo que, incluso, afirm\u00f3, los ha humillado.<\/p>\n\n\n\n<p>El morenista Mario Llergo respondi\u00f3 que los or\u00e1culos del desastre no tienen y les sobra cinismo.<\/p>\n\n\n\n<p>&#8220;\u00bfAcaso olvidaron que en el gobierno de Felipe Calder\u00f3n sacaron a la calle al Ej\u00e9rcito a librar una guerra fallida en contra del crimen organizado y que ba\u00f1\u00f3 de sangre al pa\u00eds? \u00bfAcaso ya lo olvidaron?&#8221;, reclam\u00f3.<\/p>\n\n\n\n<p>Jorge Triana, vicecoordinador del PAN, record\u00f3 que la Constituci\u00f3n dice claramente que la GN debe ser de car\u00e1cter civil y deber\u00eda estar adscrita a la Secretar\u00eda de Seguridad P\u00fablica.<\/p>\n\n\n\n<p>&#8220;Dicen, tienen el descaro de decir que no est\u00e1n militarizando, adscriben la Guardia Nacional a la Sedena, pero no est\u00e1n militarizando.<\/p>\n\n\n\n<p>&#8220;Se\u00f1ores, Andr\u00e9s Manuel L\u00f3pez Obrador es el presidente m\u00e1s militarista en la historia de este pa\u00eds y eso es un hecho consumado a partir del d\u00eda de hoy&#8221;, asegur\u00f3.<\/p>\n\n\n\n<p>Por MC, el coordinador Jorge \u00c1lvarez M\u00e1ynez acus\u00f3 que la forma en que se present\u00f3 la iniciativa es un albazo y un atropello al Poder Legislativo, una violaci\u00f3n a la Constituci\u00f3n y una traici\u00f3n a la patria por promover que la GN quede en manos de la Sedena.<\/p>\n\n\n\n<p>&#8220;Hoy hay dos opciones que van a quedar en la historia, o se defiende la Constituci\u00f3n o se traiciona a M\u00e9xico. Lo que est\u00e1n haciendo es traici\u00f3n a la patria perpetuando la guerra&#8221;, afirm\u00f3, al anunciar que ser\u00e1 una reforma que ir\u00e1 directo a la Corte.<\/p>\n\n\n\n<p>Salvador Caro, tambi\u00e9n de MC, acus\u00f3 que se present\u00f3 un galimat\u00edas &#8220;castrochavista&#8221; y consider\u00f3 que se trata de la reforma m\u00e1s peligrosa que ha llegado a la C\u00e1mara de Diputados.<\/p>\n\n\n\n<p>&#8220;El PRD no ser\u00e1 c\u00f3mplice del nuevo artificio pol\u00edtico presidencial. Es el gobierno de la promesa incumplida, la reforma en leyes secundarias refleja el fracaso de la estrategia de seguridad del partido oficial&#8221;, asegur\u00f3 Francisco Javier Huacus.<\/p>\n\n\n\n<p>El perredista mostr\u00f3 en tribuna im\u00e1genes del presidente L\u00f3pez Obrador y del dirigente de Morena, Mario Delgado, rechazando la militarizaci\u00f3n en el gobierno de Pe\u00f1a Nieto.<\/p>\n\n\n\n<p>Carlos Iriarte, del PRI, pidi\u00f3 considerar la propuesta de su partido para alargar a nueve a\u00f1os el tiempo en que los militares podr\u00e1n participar en labores de seguridad p\u00fablica, tiempo que concluye en marzo del 2024.<\/p>\n\n\n\n<p>&#8220;No puede dar oportunidad de construir polic\u00edas civiles y no poner en riesgo a las Fuerzas Armadas es el objetivo de esta iniciativa. Este proyecto de reforma reconoce en s\u00ed mismo aciertos y desaciertos y se\u00f1ala inconsistencias e identifica instrumentos y m\u00e9todos que deben continuarse ejerciendo&#8221;, indic\u00f3 al pedir que la GN sea civil.<\/p>\n\n\n\n<p>Asegur\u00f3 que la reforma del presidente L\u00f3pez Obrador es contraria a la Constituci\u00f3n y no atiende al problema de la seguridad.<\/p>\n\n\n\n<p>El diputado de Morena, Juan Ramiro Robledo, asegur\u00f3 que la GN seguir\u00e1 siendo civil, aunque reconoci\u00f3 que estar\u00e1 bajo el control de la Sedena.<\/p>\n\n\n\n<p>&#8220;Hay un presidente civil que nombra a un comandante civil, hay una Secretar\u00eda de Seguridad P\u00fablica que dirigir\u00e1 la estrategia nacional de seguridad p\u00fablica, elaborar\u00e1 los programas y la pol\u00edtica criminal y dirigir\u00e1 al gabinete de seguridad.<\/p>\n\n\n\n<p>&#8220;Y hay una Sedena que va a operar, a operar el funcionamiento y la organizaci\u00f3n de la Guardia Nacional por un tiempo determinado&#8221;, dijo.<\/p>\n\n\n\n<p>Con informaci\u00f3n de&nbsp;<em>Mural<\/em>.<\/p>\n","protected":false},"excerpt":{"rendered":"<p>Ni tiempo de leerla, \u00bfpara qu\u00e9? Si no pod\u00eda mov\u00e9rsele una coma. Ni intento de<\/p>\n","protected":false},"author":1,"featured_media":2778,"comment_status":"open","ping_status":"open","sticky":false,"template":"","format":"standard","meta":{"om_disable_all_campaigns":false,"_monsterinsights_skip_tracking":false,"_monsterinsights_sitenote_active":false,"_monsterinsights_sitenote_note":"","_monsterinsights_sitenote_category":0,"_jetpack_memberships_contains_paid_content":false,"footnotes":"","jetpack_publicize_message":"","jetpack_publicize_feature_enabled":true,"jetpack_social_post_already_shared":false,"jetpack_social_options":{"image_generator_settings":{"template":"highway","enabled":false},"version":2}},"categories":[5],"tags":[],"class_list":["post-2777","post","type-post","status-publish","format-standard","has-post-thumbnail","hentry","category-nacional"],"jetpack_publicize_connections":[],"aioseo_notices":[],"jetpack_featured_media_url":"https:\/\/samanoticiasdurango.com\/wp-content\/uploads\/2022\/09\/nota-954045500487-1.jpg","featured_image_urls":{"full":["https:\/\/samanoticiasdurango.com\/wp-content\/uploads\/2022\/09\/nota-954045500487-1.jpg",780,500,false],"thumbnail":["https:\/\/samanoticiasdurango.com\/wp-content\/uploads\/2022\/09\/nota-954045500487-1-150x150.jpg",150,150,true],"medium":["https:\/\/samanoticiasdurango.com\/wp-content\/uploads\/2022\/09\/nota-954045500487-1-300x192.jpg",300,192,true],"medium_large":["https:\/\/samanoticiasdurango.com\/wp-content\/uploads\/2022\/09\/nota-954045500487-1-768x492.jpg",640,410,true],"large":["https:\/\/samanoticiasdurango.com\/wp-content\/uploads\/2022\/09\/nota-954045500487-1.jpg",640,410,false],"1536x1536":["https:\/\/samanoticiasdurango.com\/wp-content\/uploads\/2022\/09\/nota-954045500487-1.jpg",780,500,false],"2048x2048":["https:\/\/samanoticiasdurango.com\/wp-content\/uploads\/2022\/09\/nota-954045500487-1.jpg",780,500,false],"chromenews-featured":["https:\/\/samanoticiasdurango.com\/wp-content\/uploads\/2022\/09\/nota-954045500487-1.jpg",780,500,false],"chromenews-large":["https:\/\/samanoticiasdurango.com\/wp-content\/uploads\/2022\/09\/nota-954045500487-1.jpg",780,500,false],"chromenews-medium":["https:\/\/samanoticiasdurango.com\/wp-content\/uploads\/2022\/09\/nota-954045500487-1-590x410.jpg",590,410,true]},"author_info":{"display_name":"Redacci\u00f3n","author_link":"https:\/\/samanoticiasdurango.com\/index.php\/author\/jjsama13gmail-com\/"},"category_info":"<a href=\"https:\/\/samanoticiasdurango.com\/index.php\/category\/nacional\/\" rel=\"category tag\">NACIONAL<\/a>","tag_info":"NACIONAL","comment_count":"0","jetpack_sharing_enabled":true,"_links":{"self":[{"href":"https:\/\/samanoticiasdurango.com\/index.php\/wp-json\/wp\/v2\/posts\/2777","targetHints":{"allow":["GET"]}}],"collection":[{"href":"https:\/\/samanoticiasdurango.com\/index.php\/wp-json\/wp\/v2\/posts"}],"about":[{"href":"https:\/\/samanoticiasdurango.com\/index.php\/wp-json\/wp\/v2\/types\/post"}],"author":[{"embeddable":true,"href":"https:\/\/samanoticiasdurango.com\/index.php\/wp-json\/wp\/v2\/users\/1"}],"replies":[{"embeddable":true,"href":"https:\/\/samanoticiasdurango.com\/index.php\/wp-json\/wp\/v2\/comments?post=2777"}],"version-history":[{"count":1,"href":"https:\/\/samanoticiasdurango.com\/index.php\/wp-json\/wp\/v2\/posts\/2777\/revisions"}],"predecessor-version":[{"id":2779,"href":"https:\/\/samanoticiasdurango.com\/index.php\/wp-json\/wp\/v2\/posts\/2777\/revisions\/2779"}],"wp:featuredmedia":[{"embeddable":true,"href":"https:\/\/samanoticiasdurango.com\/index.php\/wp-json\/wp\/v2\/media\/2778"}],"wp:attachment":[{"href":"https:\/\/samanoticiasdurango.com\/index.php\/wp-json\/wp\/v2\/media?parent=2777"}],"wp:term":[{"taxonomy":"category","embeddable":true,"href":"https:\/\/samanoticiasdurango.com\/index.php\/wp-json\/wp\/v2\/categories?post=2777"},{"taxonomy":"post_tag","embeddable":true,"href":"https:\/\/samanoticiasdurango.com\/index.php\/wp-json\/wp\/v2\/tags?post=2777"}],"curies":[{"name":"wp","href":"https:\/\/api.w.org\/{rel}","templated":true}]}}