{"id":2785,"date":"2022-09-04T15:38:01","date_gmt":"2022-09-04T15:38:01","guid":{"rendered":"http:\/\/samanoticiasdurango.com\/?p=2785"},"modified":"2022-09-04T15:38:04","modified_gmt":"2022-09-04T15:38:04","slug":"cinco-anos-de-ventaja-por-luis-farias-mackey","status":"publish","type":"post","link":"https:\/\/samanoticiasdurango.com\/index.php\/2022\/09\/04\/cinco-anos-de-ventaja-por-luis-farias-mackey\/","title":{"rendered":"Cinco a\u00f1os de ventaja Por\u00a0Luis Farias Mackey"},"content":{"rendered":"\n<p>Dec\u00edamos ayer que el problema no era la militarizaci\u00f3n sino la&nbsp;<a href=\"https:\/\/bit.ly\/3BbWUBZ\" target=\"_blank\" rel=\"noreferrer noopener\">desconstitucionalizaci\u00f3n<\/a>&nbsp;de M\u00e9xico.<\/p>\n\n\n\n<p>Dos de los tres poderes encargados de garantizar nuestra Carta Magna la violentan flagrantemente en perversi\u00f3n abierta a sus atribuciones p\u00fablicas.<\/p>\n\n\n\n<p><em>Habemus<\/em>&nbsp;dictadura, dije.<\/p>\n\n\n\n<p>\u00a1Me equivoqu\u00e9!<\/p>\n\n\n\n<p>\u00a1<em>Habuimus<\/em>! No tenemos hoy, \u00a1ten\u00edamos dictadura en M\u00e9xico desde hace mucho!<\/p>\n\n\n\n<p>El&nbsp;<strong>golpe de Estado<\/strong>&nbsp;se dio hace cinco a\u00f1os, tambi\u00e9n flagrantemente,&nbsp;<strong>entre dos presidentes<\/strong>: uno pusil\u00e1nime y el otro delirante; el primero omiso y cobarde, el segundo vindicativo y mesi\u00e1nico.<\/p>\n\n\n\n<p>Tras una simulaci\u00f3n de democracia participativa, un sujeto sin cargo p\u00fablico, en el papel expectante de presidente electo, determin\u00f3 sin autoridad para ello, sin fundar ni motivar debidamente y en un acto de poder de hecho \u2014no de derecho\u2014 cancelar por sus verijas una obra necesitada, \u00fatil, bien planeada y en alto grado de avance: el NAIM.<\/p>\n\n\n\n<p>El suyo fue un acto de&nbsp;<strong>desmesura, imposici\u00f3n y lucimiento<\/strong>. Una especie de golpe en la mesa, una paseadita del tigre.<\/p>\n\n\n\n<p>Pero no lo hizo solo; su crimen fue en complicidad con quien s\u00ed era autoridad, s\u00ed estaba sujeto a cumplir atribuciones constitucionales, era el responsable de cuidar no solo la Hacienda p\u00fablica, sino la confianza en el mundo de M\u00e9xico, de las libertades, los derechos adquiridos \u2014como los eran los contratos, permisos y concesiones involucrados\u2014 y, por sobre todo del Estado de Derecho.<\/p>\n\n\n\n<p>Pero pec\u00f3 por omisi\u00f3n, de pusil\u00e1nime y de reh\u00e9n de su propia corrupci\u00f3n que lo llev\u00f3 a pactar impunidad por sobre el inter\u00e9s de M\u00e9xico. Call\u00f3 cuando era su responsabilidad pol\u00edtica e hist\u00f3rica actuar en defensa de la Naci\u00f3n, se escondi\u00f3 bajo su copete y tras su publicidad propia de detergente, abdic\u00f3 cobardemente del mandato que protest\u00f3 cumplir ante los mexicanos.<\/p>\n\n\n\n<p>Uno por exceso y desarreglo, otro por pusil\u00e1nime y omiso. Ambos en contra de M\u00e9xico, su Constituci\u00f3n y los mexicanos.<\/p>\n\n\n\n<p>Uno hab\u00eda protestado cumplir y hacer cumplir la Constituci\u00f3n. No lo hizo. Otro lo har\u00eda en breves semanas. Ambos la mataron el d\u00eda que&nbsp;<strong>.<br><br>Lo dem\u00e1s es solo consecuencia de la connivencia de sus respectivas cobard\u00eda y excesos: el pacto de impunidad, las obras fara\u00f3nicas e inservibles, la militarizaci\u00f3n, la falta de medicinas, el austericidio, el asedio a la administraci\u00f3n p\u00fablica, al pensamiento, a la ciencia, a la libertad; la opacidad, la mentira, la simulaci\u00f3n, la corrupci\u00f3n, la perversi\u00f3n de la justicia, el golpe a poder Judicial quitando por la mala a Medina Mora y jugando con la mezquina voracidad de Zald\u00edvar para meter a sus peones de Ministros; la compra corrupta de mandos en las Fuerzas Armadas, los abrazos y liberaciones al narco, as\u00ed como su incrustaci\u00f3n en la vida democr\u00e1tica y estructuras de gobierno, el nepotismo imp\u00fadico, la cooptaci\u00f3n del empresariado de concesiones y permisos, la polarizaci\u00f3n, P\u00edo y un largo etc\u00e9tera.<br><br>Por eso no se preocup\u00f3 por buscar el mejor gabinete, con uno de floreros le era suficiente y, cuando le empezaron a sobrar, convirti\u00f3 a su equipo en un juego de \u201cd\u00f3nde qued\u00f3 la bolita\u201d entre las corcholatas y la ignominia.<br><br>Hoy ya no requiere de floreros y pronto ni de corcholatas; est\u00e1 por llegar el momento de los radicales: guerrilleros que defiendan la causa, cobren las afrentas y exterminen al enemigo, en lugar de funcionarios preparados y capaces. De all\u00ed lo de lealtad por sobre capacidad. No, no son los ni\u00f1os y su educaci\u00f3n, salud y seguridad; no es la econom\u00eda ni las condiciones de vida de los mexicanos, no es la igualdad ni la justicia, no es, siquiera, la seguridad de todos: es que nunca m\u00e1s vuelva a crecer nada sobre esta tierra que pueda ser contrario a su delirio. Muy pronto los secretarios de Estado ser\u00e1n comandantes, pero no de las Fuerzas Armadas nacionales, sino de las milicias de la Transformaci\u00f3n. (Ver&nbsp;<a href=\"https:\/\/bit.ly\/3Tnhfew\" target=\"_blank\" rel=\"noreferrer noopener\">Guardionalizaci\u00f3n<\/a>)<br><br>Pues bien, no, no fue este viernes 2 de septiembre cuando se rompi\u00f3 el orden constitucional en M\u00e9xico al militarizar en contra de la Constituci\u00f3n ese engendro llamado Guardia Nacional; la&nbsp;<em>desconstitucionalizaci\u00f3n<\/em>&nbsp;se dio hace cinco a\u00f1os cuando se cancel\u00f3 el Aeropuerto en Texcoco por el abuso de uno y la desidia de otro.<br><br>L\u00f3pez Obrador no debi\u00f3 haber protestado el cargo y jurado cumplir la Constituci\u00f3n aquel primero de diciembre del 2018, porque ya la hab\u00eda roto y pisoteado, de la mano del pelele y compinche que imp\u00e1vido lo observaba al otro lado de Mu\u00f1oz Ledo, que hoy grita, pero en aquel momento \u2014y eran apenas las once de la ma\u00f1ana\u2014ve\u00eda en L\u00f3pez Obrador su \u201ctransfiguraci\u00f3n en el hijo laico de Dios\u201d.<br><br>Para L\u00f3pez Obrador protestar cumplir la Constituci\u00f3n, que previa e impunemente hab\u00eda violentado junto con Pe\u00f1a Nieto, no significaba ni significa compromiso alguno. Por eso act\u00faa como act\u00faa. Para \u00e9l la Constituci\u00f3n es un librito inc\u00f3modo que, cuando pueda, lo va a substituir por una Cartilla Moral de su pu\u00f1o y letra, al grito de \u201cEs un honor, estar con Obrador\u201d.<br><br>Vamos pues cinco a\u00f1os atr\u00e1s. La&nbsp;<em>dictablanda<\/em>&nbsp;y simulaci\u00f3n de gobierno democr\u00e1tico en v\u00edas de&nbsp;<strong>dictadura<\/strong>, nos lleva cinco a\u00f1os de ventaja.<br><br>No&nbsp;<em>Habemus<\/em>, \u00a1<em>Habuimus<\/em>!<\/strong><\/p>\n","protected":false},"excerpt":{"rendered":"<p>Dec\u00edamos ayer que el problema no era la militarizaci\u00f3n sino la&nbsp;desconstitucionalizaci\u00f3n&nbsp;de M\u00e9xico. Dos de los<\/p>\n","protected":false},"author":1,"featured_media":2786,"comment_status":"open","ping_status":"open","sticky":false,"template":"","format":"standard","meta":{"om_disable_all_campaigns":false,"_monsterinsights_skip_tracking":false,"_monsterinsights_sitenote_active":false,"_monsterinsights_sitenote_note":"","_monsterinsights_sitenote_category":0,"_jetpack_memberships_contains_paid_content":false,"footnotes":"","jetpack_publicize_message":"","jetpack_publicize_feature_enabled":true,"jetpack_social_post_already_shared":false,"jetpack_social_options":{"image_generator_settings":{"template":"highway","enabled":false},"version":2}},"categories":[1],"tags":[],"class_list":["post-2785","post","type-post","status-publish","format-standard","has-post-thumbnail","hentry","category-archivo"],"jetpack_publicize_connections":[],"aioseo_notices":[],"jetpack_featured_media_url":"https:\/\/samanoticiasdurango.com\/wp-content\/uploads\/2022\/09\/nota-6112548154.jpg","featured_image_urls":{"full":["https:\/\/samanoticiasdurango.com\/wp-content\/uploads\/2022\/09\/nota-6112548154.jpg",780,500,false],"thumbnail":["https:\/\/samanoticiasdurango.com\/wp-content\/uploads\/2022\/09\/nota-6112548154-150x150.jpg",150,150,true],"medium":["https:\/\/samanoticiasdurango.com\/wp-content\/uploads\/2022\/09\/nota-6112548154-300x192.jpg",300,192,true],"medium_large":["https:\/\/samanoticiasdurango.com\/wp-content\/uploads\/2022\/09\/nota-6112548154-768x492.jpg",640,410,true],"large":["https:\/\/samanoticiasdurango.com\/wp-content\/uploads\/2022\/09\/nota-6112548154.jpg",640,410,false],"1536x1536":["https:\/\/samanoticiasdurango.com\/wp-content\/uploads\/2022\/09\/nota-6112548154.jpg",780,500,false],"2048x2048":["https:\/\/samanoticiasdurango.com\/wp-content\/uploads\/2022\/09\/nota-6112548154.jpg",780,500,false],"chromenews-featured":["https:\/\/samanoticiasdurango.com\/wp-content\/uploads\/2022\/09\/nota-6112548154.jpg",780,500,false],"chromenews-large":["https:\/\/samanoticiasdurango.com\/wp-content\/uploads\/2022\/09\/nota-6112548154.jpg",780,500,false],"chromenews-medium":["https:\/\/samanoticiasdurango.com\/wp-content\/uploads\/2022\/09\/nota-6112548154-590x410.jpg",590,410,true]},"author_info":{"display_name":"Redacci\u00f3n","author_link":"https:\/\/samanoticiasdurango.com\/index.php\/author\/jjsama13gmail-com\/"},"category_info":"<a href=\"https:\/\/samanoticiasdurango.com\/index.php\/category\/archivo\/\" rel=\"category tag\">DURANGO<\/a>","tag_info":"DURANGO","comment_count":"0","jetpack_sharing_enabled":true,"_links":{"self":[{"href":"https:\/\/samanoticiasdurango.com\/index.php\/wp-json\/wp\/v2\/posts\/2785","targetHints":{"allow":["GET"]}}],"collection":[{"href":"https:\/\/samanoticiasdurango.com\/index.php\/wp-json\/wp\/v2\/posts"}],"about":[{"href":"https:\/\/samanoticiasdurango.com\/index.php\/wp-json\/wp\/v2\/types\/post"}],"author":[{"embeddable":true,"href":"https:\/\/samanoticiasdurango.com\/index.php\/wp-json\/wp\/v2\/users\/1"}],"replies":[{"embeddable":true,"href":"https:\/\/samanoticiasdurango.com\/index.php\/wp-json\/wp\/v2\/comments?post=2785"}],"version-history":[{"count":1,"href":"https:\/\/samanoticiasdurango.com\/index.php\/wp-json\/wp\/v2\/posts\/2785\/revisions"}],"predecessor-version":[{"id":2787,"href":"https:\/\/samanoticiasdurango.com\/index.php\/wp-json\/wp\/v2\/posts\/2785\/revisions\/2787"}],"wp:featuredmedia":[{"embeddable":true,"href":"https:\/\/samanoticiasdurango.com\/index.php\/wp-json\/wp\/v2\/media\/2786"}],"wp:attachment":[{"href":"https:\/\/samanoticiasdurango.com\/index.php\/wp-json\/wp\/v2\/media?parent=2785"}],"wp:term":[{"taxonomy":"category","embeddable":true,"href":"https:\/\/samanoticiasdurango.com\/index.php\/wp-json\/wp\/v2\/categories?post=2785"},{"taxonomy":"post_tag","embeddable":true,"href":"https:\/\/samanoticiasdurango.com\/index.php\/wp-json\/wp\/v2\/tags?post=2785"}],"curies":[{"name":"wp","href":"https:\/\/api.w.org\/{rel}","templated":true}]}}