{"id":286,"date":"2022-04-29T14:32:45","date_gmt":"2022-04-29T14:32:45","guid":{"rendered":"http:\/\/samanoticiasdurango.com\/?p=286"},"modified":"2022-04-29T14:32:45","modified_gmt":"2022-04-29T14:32:45","slug":"dos-millones-de-menores-trabajan-en-condicion-de-riesgo-y-explotacion-en-mexico","status":"publish","type":"post","link":"https:\/\/samanoticiasdurango.com\/index.php\/2022\/04\/29\/dos-millones-de-menores-trabajan-en-condicion-de-riesgo-y-explotacion-en-mexico\/","title":{"rendered":"Dos millones de menores trabajan en condici\u00f3n de riesgo y explotaci\u00f3n en M\u00e9xico"},"content":{"rendered":"\n<p>En tanto se pelean con ambientalistas y el INE,&nbsp;<strong>al menos 2 millones de menores de edad trabajan para subsistir<\/strong>.<\/p>\n\n\n\n<p>\u201cPor la pandemia, entre 350 mil y medio mill\u00f3n de ni\u00f1os quedaron hu\u00e9rfanos y m\u00e1s de 2.1 millones de personas mayores no ten\u00edan trabajo al final de 2021. Esos datos explican porque m\u00e1s&nbsp;<strong>ni\u00f1os tuvieron que ingresar a la vida laboral para colaborar en la manutenci\u00f3n de la familia<\/strong>\u201d, se\u00f1al\u00f3 Cuauht\u00e9moc Rivera, presidente de la&nbsp;<strong>Asociaci\u00f3n Nacional de Peque\u00f1os Comerciantes<\/strong>&nbsp;(Anpec).<\/p>\n\n\n\n<p>Acorde a un an\u00e1lisis del&nbsp;<strong>Senado de la Rep\u00fablica<\/strong>, dos millones de ni\u00f1as, ni\u00f1os y adolescentes ingresaron a las filas del trabajo infantil, debido a la p\u00e9rdida de empleos y a que miles de micro, peque\u00f1as y medianas empresas cerraron a causa de la crisis generada por la pandemia.<\/p>\n\n\n\n<p>\u201cEn donde vemos que m\u00e1s empleos se han generado de trabajo infantil es en la informalidad, porque no se han recuperado empleos, ya que cerraron 300 mil peque\u00f1os comercios por la contingencia sanitaria\u201d, agreg\u00f3 el representante de la Anpec.<\/p>\n\n\n\n<p>Por su parte, Gabriela Ruiz Serrano, investigadora de la Escuela Nacional de Trabajo Social, comenta que cuando los infantes se incorporan a un trabajo por una remuneraci\u00f3n econ\u00f3mica renuncian a sus derechos fundamentales, \u201cestamos frente a un fen\u00f3meno que podr\u00edamos reconocer como una&nbsp;<strong>explotaci\u00f3n laboral infantil<\/strong>\u201d.<\/p>\n","protected":false},"excerpt":{"rendered":"<p>En tanto se pelean con ambientalistas y el INE,&nbsp;al menos 2 millones de menores de<\/p>\n","protected":false},"author":1,"featured_media":287,"comment_status":"open","ping_status":"open","sticky":false,"template":"","format":"standard","meta":{"om_disable_all_campaigns":false,"_monsterinsights_skip_tracking":false,"_monsterinsights_sitenote_active":false,"_monsterinsights_sitenote_note":"","_monsterinsights_sitenote_category":0,"_jetpack_memberships_contains_paid_content":false,"footnotes":"","jetpack_publicize_message":"","jetpack_publicize_feature_enabled":true,"jetpack_social_post_already_shared":false,"jetpack_social_options":{"image_generator_settings":{"template":"highway","enabled":false},"version":2}},"categories":[1],"tags":[],"class_list":["post-286","post","type-post","status-publish","format-standard","has-post-thumbnail","hentry","category-archivo"],"jetpack_publicize_connections":[],"aioseo_notices":[],"jetpack_featured_media_url":"https:\/\/samanoticiasdurango.com\/wp-content\/uploads\/2022\/04\/nota-607689886193.jpeg","featured_image_urls":{"full":["https:\/\/samanoticiasdurango.com\/wp-content\/uploads\/2022\/04\/nota-607689886193.jpeg",780,500,false],"thumbnail":["https:\/\/samanoticiasdurango.com\/wp-content\/uploads\/2022\/04\/nota-607689886193-150x150.jpeg",150,150,true],"medium":["https:\/\/samanoticiasdurango.com\/wp-content\/uploads\/2022\/04\/nota-607689886193-300x192.jpeg",300,192,true],"medium_large":["https:\/\/samanoticiasdurango.com\/wp-content\/uploads\/2022\/04\/nota-607689886193-768x492.jpeg",640,410,true],"large":["https:\/\/samanoticiasdurango.com\/wp-content\/uploads\/2022\/04\/nota-607689886193.jpeg",640,410,false],"1536x1536":["https:\/\/samanoticiasdurango.com\/wp-content\/uploads\/2022\/04\/nota-607689886193.jpeg",780,500,false],"2048x2048":["https:\/\/samanoticiasdurango.com\/wp-content\/uploads\/2022\/04\/nota-607689886193.jpeg",780,500,false],"chromenews-featured":["https:\/\/samanoticiasdurango.com\/wp-content\/uploads\/2022\/04\/nota-607689886193.jpeg",780,500,false],"chromenews-large":["https:\/\/samanoticiasdurango.com\/wp-content\/uploads\/2022\/04\/nota-607689886193.jpeg",780,500,false],"chromenews-medium":["https:\/\/samanoticiasdurango.com\/wp-content\/uploads\/2022\/04\/nota-607689886193-590x410.jpeg",590,410,true]},"author_info":{"display_name":"Redacci\u00f3n","author_link":"https:\/\/samanoticiasdurango.com\/index.php\/author\/jjsama13gmail-com\/"},"category_info":"<a href=\"https:\/\/samanoticiasdurango.com\/index.php\/category\/archivo\/\" rel=\"category tag\">DURANGO<\/a>","tag_info":"DURANGO","comment_count":"0","jetpack_sharing_enabled":true,"_links":{"self":[{"href":"https:\/\/samanoticiasdurango.com\/index.php\/wp-json\/wp\/v2\/posts\/286","targetHints":{"allow":["GET"]}}],"collection":[{"href":"https:\/\/samanoticiasdurango.com\/index.php\/wp-json\/wp\/v2\/posts"}],"about":[{"href":"https:\/\/samanoticiasdurango.com\/index.php\/wp-json\/wp\/v2\/types\/post"}],"author":[{"embeddable":true,"href":"https:\/\/samanoticiasdurango.com\/index.php\/wp-json\/wp\/v2\/users\/1"}],"replies":[{"embeddable":true,"href":"https:\/\/samanoticiasdurango.com\/index.php\/wp-json\/wp\/v2\/comments?post=286"}],"version-history":[{"count":1,"href":"https:\/\/samanoticiasdurango.com\/index.php\/wp-json\/wp\/v2\/posts\/286\/revisions"}],"predecessor-version":[{"id":288,"href":"https:\/\/samanoticiasdurango.com\/index.php\/wp-json\/wp\/v2\/posts\/286\/revisions\/288"}],"wp:featuredmedia":[{"embeddable":true,"href":"https:\/\/samanoticiasdurango.com\/index.php\/wp-json\/wp\/v2\/media\/287"}],"wp:attachment":[{"href":"https:\/\/samanoticiasdurango.com\/index.php\/wp-json\/wp\/v2\/media?parent=286"}],"wp:term":[{"taxonomy":"category","embeddable":true,"href":"https:\/\/samanoticiasdurango.com\/index.php\/wp-json\/wp\/v2\/categories?post=286"},{"taxonomy":"post_tag","embeddable":true,"href":"https:\/\/samanoticiasdurango.com\/index.php\/wp-json\/wp\/v2\/tags?post=286"}],"curies":[{"name":"wp","href":"https:\/\/api.w.org\/{rel}","templated":true}]}}