{"id":298,"date":"2022-04-29T16:13:26","date_gmt":"2022-04-29T16:13:26","guid":{"rendered":"http:\/\/samanoticiasdurango.com\/?p=298"},"modified":"2022-04-29T21:42:49","modified_gmt":"2022-04-29T21:42:49","slug":"la-laguna-crecera-en-infraestructura-y-conectividad-marina-vitela","status":"publish","type":"post","link":"https:\/\/samanoticiasdurango.com\/index.php\/2022\/04\/29\/la-laguna-crecera-en-infraestructura-y-conectividad-marina-vitela\/","title":{"rendered":"La Laguna crecer\u00e1 en infraestructura y conectividad: Marina Vitela"},"content":{"rendered":"\n<p><strong>La Laguna de Durango. &#8211;<\/strong> \u201cVendr\u00e1 un cambio verdadero que signifique desarrollo econ\u00f3mico, crecimiento, empleos dignos y bien pagados, adem\u00e1s de certeza y atracci\u00f3n de inversiones productivas que permitan competir en el mercado internacional\u201d, asegur\u00f3 <strong>&#8211;<\/strong> La candidata al gobierno del estado por la coalici\u00f3n Juntos Hacemos Historia, Marina Vitela, en reuni\u00f3n con empresarios laguneros de la C\u00e1mara Mexicana de la Industria de la Construcci\u00f3n -CMIC- encabezados por Donato Guti\u00e9rrez.<\/p>\n\n\n\n<p>\u201cSe debe aprovechar el enorme potencial de las regiones forestales, agr\u00edcolas, ganaderas, mineras, tur\u00edsticas e industriales de nuestro estado, pero sobre todo impulsar el desarrollo econ\u00f3mico de esta regi\u00f3n en conectividad e infraestructura competitiva\u201d, expres\u00f3.&nbsp;&nbsp;<\/p>\n\n\n\n<p>Por su parte, el presidente Donato Guti\u00e9rrez remarc\u00f3 que el proyecto es ambicioso, y de lograrse en equilibrio entre la Laguna y la capital, los empresarios estar\u00e1n para respaldar el desarrollo de la regi\u00f3n.<\/p>\n\n\n\n<p><a>Asimismo, Vitela Rodr\u00edguez manifest\u00f3 que ser\u00e1 una gobernadora aliada de los empresarios, que genere confianza, seguridad, certeza jur\u00eddica, est\u00edmulos de promoci\u00f3n a las inversiones locales, nacionales y extranjeras\u201d, asegur\u00f3 la aspirante por Morena, PVEM, PT y RSP.&nbsp;&nbsp;<\/a><\/p>\n\n\n\n<p>Habl\u00f3 de sus propuestas como son la construcci\u00f3n del Centro Log\u00edstico del Norte del Pa\u00eds, que incluir\u00e1 el Aeropuerto Internacional de Carga y Descarga en La Laguna; el gasoducto de la zona Industrial de Durango, la reactivaci\u00f3n del CLID, as\u00ed como el proyecto de la Presa Tunal II y de Agua Saludable para La Laguna.&nbsp;<\/p>\n\n\n\n<p>Destac\u00f3 que tanto en Durango como en la Regi\u00f3n Laguna crear\u00e1 un Durango Emprendedor, un programa permanente de tecnolog\u00eda y emprendimiento en todas las regiones del estado, dirigido a j\u00f3venes, mujeres, adultos mayores, profesionistas que quieran crear sus propias empresas.<\/p>\n","protected":false},"excerpt":{"rendered":"<p>La Laguna de Durango. &#8211; \u201cVendr\u00e1 un cambio verdadero que signifique desarrollo econ\u00f3mico, crecimiento, empleos<\/p>\n","protected":false},"author":1,"featured_media":301,"comment_status":"open","ping_status":"open","sticky":false,"template":"","format":"standard","meta":{"om_disable_all_campaigns":false,"_monsterinsights_skip_tracking":false,"_monsterinsights_sitenote_active":false,"_monsterinsights_sitenote_note":"","_monsterinsights_sitenote_category":0,"_jetpack_memberships_contains_paid_content":false,"footnotes":"","jetpack_publicize_message":"","jetpack_publicize_feature_enabled":true,"jetpack_social_post_already_shared":false,"jetpack_social_options":{"image_generator_settings":{"template":"highway","enabled":false},"version":2}},"categories":[1],"tags":[],"class_list":["post-298","post","type-post","status-publish","format-standard","has-post-thumbnail","hentry","category-archivo"],"jetpack_publicize_connections":[],"aioseo_notices":[],"jetpack_featured_media_url":"https:\/\/samanoticiasdurango.com\/wp-content\/uploads\/2022\/04\/WhatsApp-Image-2022-04-28-at-8.52.09-PM-2.jpeg","featured_image_urls":{"full":["https:\/\/samanoticiasdurango.com\/wp-content\/uploads\/2022\/04\/WhatsApp-Image-2022-04-28-at-8.52.09-PM-2.jpeg",1600,900,false],"thumbnail":["https:\/\/samanoticiasdurango.com\/wp-content\/uploads\/2022\/04\/WhatsApp-Image-2022-04-28-at-8.52.09-PM-2-150x150.jpeg",150,150,true],"medium":["https:\/\/samanoticiasdurango.com\/wp-content\/uploads\/2022\/04\/WhatsApp-Image-2022-04-28-at-8.52.09-PM-2-300x169.jpeg",300,169,true],"medium_large":["https:\/\/samanoticiasdurango.com\/wp-content\/uploads\/2022\/04\/WhatsApp-Image-2022-04-28-at-8.52.09-PM-2-768x432.jpeg",640,360,true],"large":["https:\/\/samanoticiasdurango.com\/wp-content\/uploads\/2022\/04\/WhatsApp-Image-2022-04-28-at-8.52.09-PM-2-1024x576.jpeg",640,360,true],"1536x1536":["https:\/\/samanoticiasdurango.com\/wp-content\/uploads\/2022\/04\/WhatsApp-Image-2022-04-28-at-8.52.09-PM-2-1536x864.jpeg",1536,864,true],"2048x2048":["https:\/\/samanoticiasdurango.com\/wp-content\/uploads\/2022\/04\/WhatsApp-Image-2022-04-28-at-8.52.09-PM-2.jpeg",1600,900,false],"chromenews-featured":["https:\/\/samanoticiasdurango.com\/wp-content\/uploads\/2022\/04\/WhatsApp-Image-2022-04-28-at-8.52.09-PM-2-1024x576.jpeg",1024,576,true],"chromenews-large":["https:\/\/samanoticiasdurango.com\/wp-content\/uploads\/2022\/04\/WhatsApp-Image-2022-04-28-at-8.52.09-PM-2-825x575.jpeg",825,575,true],"chromenews-medium":["https:\/\/samanoticiasdurango.com\/wp-content\/uploads\/2022\/04\/WhatsApp-Image-2022-04-28-at-8.52.09-PM-2-590x410.jpeg",590,410,true]},"author_info":{"display_name":"Redacci\u00f3n","author_link":"https:\/\/samanoticiasdurango.com\/index.php\/author\/jjsama13gmail-com\/"},"category_info":"<a href=\"https:\/\/samanoticiasdurango.com\/index.php\/category\/archivo\/\" rel=\"category tag\">DURANGO<\/a>","tag_info":"DURANGO","comment_count":"0","jetpack_sharing_enabled":true,"_links":{"self":[{"href":"https:\/\/samanoticiasdurango.com\/index.php\/wp-json\/wp\/v2\/posts\/298","targetHints":{"allow":["GET"]}}],"collection":[{"href":"https:\/\/samanoticiasdurango.com\/index.php\/wp-json\/wp\/v2\/posts"}],"about":[{"href":"https:\/\/samanoticiasdurango.com\/index.php\/wp-json\/wp\/v2\/types\/post"}],"author":[{"embeddable":true,"href":"https:\/\/samanoticiasdurango.com\/index.php\/wp-json\/wp\/v2\/users\/1"}],"replies":[{"embeddable":true,"href":"https:\/\/samanoticiasdurango.com\/index.php\/wp-json\/wp\/v2\/comments?post=298"}],"version-history":[{"count":1,"href":"https:\/\/samanoticiasdurango.com\/index.php\/wp-json\/wp\/v2\/posts\/298\/revisions"}],"predecessor-version":[{"id":302,"href":"https:\/\/samanoticiasdurango.com\/index.php\/wp-json\/wp\/v2\/posts\/298\/revisions\/302"}],"wp:featuredmedia":[{"embeddable":true,"href":"https:\/\/samanoticiasdurango.com\/index.php\/wp-json\/wp\/v2\/media\/301"}],"wp:attachment":[{"href":"https:\/\/samanoticiasdurango.com\/index.php\/wp-json\/wp\/v2\/media?parent=298"}],"wp:term":[{"taxonomy":"category","embeddable":true,"href":"https:\/\/samanoticiasdurango.com\/index.php\/wp-json\/wp\/v2\/categories?post=298"},{"taxonomy":"post_tag","embeddable":true,"href":"https:\/\/samanoticiasdurango.com\/index.php\/wp-json\/wp\/v2\/tags?post=298"}],"curies":[{"name":"wp","href":"https:\/\/api.w.org\/{rel}","templated":true}]}}