{"id":3226,"date":"2022-10-16T16:26:03","date_gmt":"2022-10-16T16:26:03","guid":{"rendered":"http:\/\/samanoticiasdurango.com\/?p=3226"},"modified":"2022-10-16T16:48:18","modified_gmt":"2022-10-16T16:48:18","slug":"pido-en-nombre-de-dios-que-se-acabe-la-guerra-clama-papa-francisco-en-nuevo-libro","status":"publish","type":"post","link":"https:\/\/samanoticiasdurango.com\/index.php\/2022\/10\/16\/pido-en-nombre-de-dios-que-se-acabe-la-guerra-clama-papa-francisco-en-nuevo-libro\/","title":{"rendered":"\u201c La guerra, el fracaso de la pol\u00edtica \u201d papa Francisco"},"content":{"rendered":"\n<p>El&nbsp;<strong>papa Francisco<\/strong>&nbsp;considera que \u201cnunca hay lugar para la barbarie de la guerra\u201d, por lo que lanza un llamamiento a la humanidad: \u201cPido en nombre de Dios que se ponga fin a la cruel locura de la guerra\u201d, en su \u00faltimo libro, del que el diario italiano&nbsp;<a href=\"https:\/\/www.lastampa.it\/vatican-insider\/it\/2022\/10\/16\/news\/papa_francesco_in_nome_di_dio_fermate_la_guerra-12149799\/?ref=LSHSTD-BH-I0-PM6-S3-T1\" target=\"_blank\" rel=\"noreferrer noopener\"><em>La Stampa<\/em><\/a>&nbsp;anticipa un extracto.<\/p>\n\n\n\n<p>\u201cPido en nombre de Dios. Diez oraciones para un futuro de esperanza\u201d, es el t\u00edtulo de la obra, en la que el&nbsp;<a href=\"https:\/\/lopezdoriga.com\/?s=papa+Francisco\" target=\"_blank\" rel=\"noreferrer noopener\">pont\u00edfice<\/a>&nbsp;reflexiona sobre la guerra, que considera \u201cel verdadero fracaso de la pol\u00edtica\u201d, al tiempo que dice \u201cbasta\u201d a la producci\u00f3n y comercio de armas y pide la erradicaci\u00f3n de las nucleares.<\/p>\n\n\n\n<p>La&nbsp;<strong>guerra<\/strong>&nbsp;de&nbsp;<strong>Ucrania<\/strong>&nbsp;\u201cha puesto las conciencias de millones de personas de Occidente ante la cruda realidad de una&nbsp;<strong>tragedia humanitaria<\/strong>&nbsp;que ya exist\u00eda desde hace tiempo y en varios pa\u00edses\u201d y \u201cnos ha mostrado la maldad del horror de la guerra\u201d, afirma el papa, que tambi\u00e9n menciona el resto de conflictos que hay en el mundo en el texto divulgado por el rotativo italiano.<\/p>\n\n\n\n<p>Francisco se dirige a las \u201cautoridades locales, nacionales y mundiales\u201d, de las que \u201cdependen las iniciativas adecuadas para frenar la guerra\u201d, a las que pide, \u201cen nombre de Dios\u201d que tambi\u00e9n digan \u201cbasta a la producci\u00f3n y al&nbsp;<strong>comercio internacional de<\/strong>&nbsp;<strong>armas<\/strong>\u201c.<\/p>\n\n\n\n<p>Y que se erradiquen \u201clas armas nucleares y at\u00f3micas\u201d del planeta, pues su existencia \u201cpone en peligro la supervivencia de la vida humana en la tierra\u201d.<\/p>\n\n\n\n<p>El papa tambi\u00e9n les insta a \u201cque no manipulen la informaci\u00f3n y que no enga\u00f1en a sus pueblos para conseguir objetivos b\u00e9licos\u201d porque \u201cno hay ninguna ocasi\u00f3n en la que una guerra pueda considerarse justa. Nunca hay lugar para la guerra b\u00e1rbara\u201d.<\/p>\n\n\n\n<p>\u201cLa guerra es tambi\u00e9n una respuesta ineficaz: nunca resuelve los problemas que pretende superar\u201d, dice Francisco, que se pregunta: \u201c\u00bfAcaso Yemen, Libia o Siria est\u00e1n mejor que antes de los conflictos?\u201d.<\/p>\n\n\n\n<p>E indica el camino de la soluci\u00f3n: \u201cSon necesarios el&nbsp;<strong>di\u00e1logo<\/strong>, la&nbsp;<strong>negociaci\u00f3n<\/strong>, la escucha, la&nbsp;<strong>habilidad diplom\u00e1tica<\/strong>&nbsp;y la creatividad, y una pol\u00edtica previsora capaz de construir un sistema de convivencia que no se base en el poder de las armas ni en la disuasi\u00f3n\u201d.<\/p>\n\n\n\n<p>Francisco asegura que \u201cno hay conflictos justos\u201d ni \u201cpreventivos\u201d y que es inaceptable considerar las vidas perdidas \u201ccomo da\u00f1os colaterales\u201d e insiste en que el mundo asiste \u201ca una&nbsp;<strong>tercera guerra mundial<\/strong>&nbsp;en pedazos que, sin embargo, amenaza con hacerse cada vez m\u00e1s grande hasta tomar la forma de un conflicto global\u201d.<\/p>\n\n\n\n<p>Con informaci\u00f3n de EFE<\/p>\n","protected":false},"excerpt":{"rendered":"<p>El&nbsp;papa Francisco&nbsp;considera que \u201cnunca hay lugar para la barbarie de la guerra\u201d, por lo que<\/p>\n","protected":false},"author":1,"featured_media":3229,"comment_status":"open","ping_status":"open","sticky":false,"template":"","format":"standard","meta":{"om_disable_all_campaigns":false,"_monsterinsights_skip_tracking":false,"_monsterinsights_sitenote_active":false,"_monsterinsights_sitenote_note":"","_monsterinsights_sitenote_category":0,"_jetpack_memberships_contains_paid_content":false,"footnotes":"","jetpack_publicize_message":"","jetpack_publicize_feature_enabled":true,"jetpack_social_post_already_shared":false,"jetpack_social_options":{"image_generator_settings":{"template":"highway","enabled":false},"version":2}},"categories":[6],"tags":[],"class_list":["post-3226","post","type-post","status-publish","format-standard","has-post-thumbnail","hentry","category-internacional"],"jetpack_publicize_connections":[],"aioseo_notices":[],"jetpack_featured_media_url":"https:\/\/samanoticiasdurango.com\/wp-content\/uploads\/2022\/10\/papa-francisco-desde-el-vaticano.webp","featured_image_urls":{"full":["https:\/\/samanoticiasdurango.com\/wp-content\/uploads\/2022\/10\/papa-francisco-desde-el-vaticano.webp",1920,1280,false],"thumbnail":["https:\/\/samanoticiasdurango.com\/wp-content\/uploads\/2022\/10\/papa-francisco-desde-el-vaticano-150x150.webp",150,150,true],"medium":["https:\/\/samanoticiasdurango.com\/wp-content\/uploads\/2022\/10\/papa-francisco-desde-el-vaticano-300x200.webp",300,200,true],"medium_large":["https:\/\/samanoticiasdurango.com\/wp-content\/uploads\/2022\/10\/papa-francisco-desde-el-vaticano-768x512.webp",640,427,true],"large":["https:\/\/samanoticiasdurango.com\/wp-content\/uploads\/2022\/10\/papa-francisco-desde-el-vaticano-1024x683.webp",640,427,true],"1536x1536":["https:\/\/samanoticiasdurango.com\/wp-content\/uploads\/2022\/10\/papa-francisco-desde-el-vaticano-1536x1024.webp",1536,1024,true],"2048x2048":["https:\/\/samanoticiasdurango.com\/wp-content\/uploads\/2022\/10\/papa-francisco-desde-el-vaticano.webp",1920,1280,false],"chromenews-featured":["https:\/\/samanoticiasdurango.com\/wp-content\/uploads\/2022\/10\/papa-francisco-desde-el-vaticano-1024x683.webp",1024,683,true],"chromenews-large":["https:\/\/samanoticiasdurango.com\/wp-content\/uploads\/2022\/10\/papa-francisco-desde-el-vaticano-825x575.webp",825,575,true],"chromenews-medium":["https:\/\/samanoticiasdurango.com\/wp-content\/uploads\/2022\/10\/papa-francisco-desde-el-vaticano-590x410.webp",590,410,true]},"author_info":{"display_name":"Redacci\u00f3n","author_link":"https:\/\/samanoticiasdurango.com\/index.php\/author\/jjsama13gmail-com\/"},"category_info":"<a href=\"https:\/\/samanoticiasdurango.com\/index.php\/category\/internacional\/\" rel=\"category tag\">INTERNACIONAL<\/a>","tag_info":"INTERNACIONAL","comment_count":"0","jetpack_sharing_enabled":true,"_links":{"self":[{"href":"https:\/\/samanoticiasdurango.com\/index.php\/wp-json\/wp\/v2\/posts\/3226","targetHints":{"allow":["GET"]}}],"collection":[{"href":"https:\/\/samanoticiasdurango.com\/index.php\/wp-json\/wp\/v2\/posts"}],"about":[{"href":"https:\/\/samanoticiasdurango.com\/index.php\/wp-json\/wp\/v2\/types\/post"}],"author":[{"embeddable":true,"href":"https:\/\/samanoticiasdurango.com\/index.php\/wp-json\/wp\/v2\/users\/1"}],"replies":[{"embeddable":true,"href":"https:\/\/samanoticiasdurango.com\/index.php\/wp-json\/wp\/v2\/comments?post=3226"}],"version-history":[{"count":7,"href":"https:\/\/samanoticiasdurango.com\/index.php\/wp-json\/wp\/v2\/posts\/3226\/revisions"}],"predecessor-version":[{"id":3238,"href":"https:\/\/samanoticiasdurango.com\/index.php\/wp-json\/wp\/v2\/posts\/3226\/revisions\/3238"}],"wp:featuredmedia":[{"embeddable":true,"href":"https:\/\/samanoticiasdurango.com\/index.php\/wp-json\/wp\/v2\/media\/3229"}],"wp:attachment":[{"href":"https:\/\/samanoticiasdurango.com\/index.php\/wp-json\/wp\/v2\/media?parent=3226"}],"wp:term":[{"taxonomy":"category","embeddable":true,"href":"https:\/\/samanoticiasdurango.com\/index.php\/wp-json\/wp\/v2\/categories?post=3226"},{"taxonomy":"post_tag","embeddable":true,"href":"https:\/\/samanoticiasdurango.com\/index.php\/wp-json\/wp\/v2\/tags?post=3226"}],"curies":[{"name":"wp","href":"https:\/\/api.w.org\/{rel}","templated":true}]}}