{"id":336,"date":"2022-04-29T17:08:43","date_gmt":"2022-04-29T17:08:43","guid":{"rendered":"http:\/\/samanoticiasdurango.com\/?p=336"},"modified":"2022-04-29T17:08:45","modified_gmt":"2022-04-29T17:08:45","slug":"regalara-esteban-a-ninos-de-durango-aplicacion-para-digitalizar-escuelas","status":"publish","type":"post","link":"https:\/\/samanoticiasdurango.com\/index.php\/2022\/04\/29\/regalara-esteban-a-ninos-de-durango-aplicacion-para-digitalizar-escuelas\/","title":{"rendered":"Regalar\u00e1 Esteban a ni\u00f1os de Durango, aplicaci\u00f3n para digitalizar escuelas"},"content":{"rendered":"\n<p>Se trata de un proyecto que ayudar\u00e1 a alumnos a aprender mediante una tecnolog\u00eda en las aulas que no requiere internet y que no tendr\u00e1 costo para el Estado.<\/p>\n\n\n\n<p>Lo har\u00e1 realidad en su gobierno por la ni\u00f1ez duranguense, con quienes se ha comprometido a regresarles tambi\u00e9n las estancias infantiles.<\/p>\n\n\n\n<p>Los alumnos de las escuelas podr\u00e1n aprender mejor con un proyecto de digitalizaci\u00f3n de las aulas que regalar\u00e1 Esteban Villegas a los ni\u00f1os de Durango, una herramienta tecnol\u00f3gica que concret\u00f3 el candidato a gobernador de la alianza &#8220;Va por Durango&#8221;, compuesta de 18 mil aplicaciones, que no requiere internet, ni tendr\u00e1 costo para el Estado.<\/p>\n\n\n\n<p>Uno de sus ejes de campa\u00f1a es la Educaci\u00f3n, por eso el abanderado del PAN-PRI-PRD sostiene que el modelo de aprendizaje en las instituciones educativas requiere modificarse y apoyarse con modelos vanguardistas y atractivos para los menores.<\/p>\n\n\n\n<p>De manera personal, ha experimentado con sus hijos la forma en c\u00f3mo aprenden con las nuevas tecnolog\u00edas, por eso anunci\u00f3 que para la ni\u00f1ez duranguense les regalar\u00e1 una herramienta de digitalizaci\u00f3n de las aulas que contiene 18 mil aplicaciones y que ha desarrollado su equipo, donde s\u00f3lo ser\u00e1 necesaria una pared blanca que al calibrar un proyector, se podr\u00e1 hacer &#8220;touch&#8221; la pantalla, sin la necesidad de internet.<\/p>\n\n\n\n<p>Este proyecto que se encuentra listo para ejecutarlo en todas las escuelas de educaci\u00f3n b\u00e1sica y media superior; tiene contenidos principales de las diversas asignaturas para garantizar un mejor proceso de ense\u00f1anza- aprendizaje.<\/p>\n\n\n\n<p>As\u00ed los ni\u00f1os que son visuales, auditivos y kinest\u00e9sicos (que aprenden mejor con sensaciones y movimientos) tendr\u00e1n mayores facilidades para comprender las clases que les dar\u00e1n en las escuelas.<\/p>\n\n\n\n<p>Lo mejor de todo, dijo Esteban Villegas, es que este modelo de digitalizaci\u00f3n de las aulas no costar\u00e1 ni un s\u00f3lo peso al Estado, por lo que al llegar a su gobierno lo desplegar\u00e1 en todas las escuelas de Durango.<\/p>\n\n\n\n<p>En el marco del D\u00eda del Ni\u00f1o, el candidato a gobernador de la alianza &#8220;Va por Durango&#8221; dijo que su compromiso ser\u00e1 velar por la ni\u00f1ez, por eso buscar\u00e1 tambi\u00e9n regresar las estancias infantiles para que tengan cuidados y alimentaci\u00f3n de calidad mientras sus madres trabajan para sacarlos adelante, y esto dijo, lo har\u00e1 realidad con trabajo y valor.<\/p>\n","protected":false},"excerpt":{"rendered":"<p>Se trata de un proyecto que ayudar\u00e1 a alumnos a aprender mediante una tecnolog\u00eda en<\/p>\n","protected":false},"author":1,"featured_media":337,"comment_status":"open","ping_status":"open","sticky":false,"template":"","format":"standard","meta":{"om_disable_all_campaigns":false,"_monsterinsights_skip_tracking":false,"_monsterinsights_sitenote_active":false,"_monsterinsights_sitenote_note":"","_monsterinsights_sitenote_category":0,"_jetpack_memberships_contains_paid_content":false,"footnotes":"","jetpack_publicize_message":"","jetpack_publicize_feature_enabled":true,"jetpack_social_post_already_shared":false,"jetpack_social_options":{"image_generator_settings":{"template":"highway","enabled":false},"version":2}},"categories":[1],"tags":[],"class_list":["post-336","post","type-post","status-publish","format-standard","has-post-thumbnail","hentry","category-archivo"],"jetpack_publicize_connections":[],"aioseo_notices":[],"jetpack_featured_media_url":"https:\/\/samanoticiasdurango.com\/wp-content\/uploads\/2022\/04\/WhatsApp-Image-2022-04-29-at-12.07.05-PM-2.jpeg","featured_image_urls":{"full":["https:\/\/samanoticiasdurango.com\/wp-content\/uploads\/2022\/04\/WhatsApp-Image-2022-04-29-at-12.07.05-PM-2.jpeg",1280,853,false],"thumbnail":["https:\/\/samanoticiasdurango.com\/wp-content\/uploads\/2022\/04\/WhatsApp-Image-2022-04-29-at-12.07.05-PM-2-150x150.jpeg",150,150,true],"medium":["https:\/\/samanoticiasdurango.com\/wp-content\/uploads\/2022\/04\/WhatsApp-Image-2022-04-29-at-12.07.05-PM-2-300x200.jpeg",300,200,true],"medium_large":["https:\/\/samanoticiasdurango.com\/wp-content\/uploads\/2022\/04\/WhatsApp-Image-2022-04-29-at-12.07.05-PM-2-768x512.jpeg",640,427,true],"large":["https:\/\/samanoticiasdurango.com\/wp-content\/uploads\/2022\/04\/WhatsApp-Image-2022-04-29-at-12.07.05-PM-2-1024x682.jpeg",640,426,true],"1536x1536":["https:\/\/samanoticiasdurango.com\/wp-content\/uploads\/2022\/04\/WhatsApp-Image-2022-04-29-at-12.07.05-PM-2.jpeg",1280,853,false],"2048x2048":["https:\/\/samanoticiasdurango.com\/wp-content\/uploads\/2022\/04\/WhatsApp-Image-2022-04-29-at-12.07.05-PM-2.jpeg",1280,853,false],"chromenews-featured":["https:\/\/samanoticiasdurango.com\/wp-content\/uploads\/2022\/04\/WhatsApp-Image-2022-04-29-at-12.07.05-PM-2-1024x682.jpeg",1024,682,true],"chromenews-large":["https:\/\/samanoticiasdurango.com\/wp-content\/uploads\/2022\/04\/WhatsApp-Image-2022-04-29-at-12.07.05-PM-2-825x575.jpeg",825,575,true],"chromenews-medium":["https:\/\/samanoticiasdurango.com\/wp-content\/uploads\/2022\/04\/WhatsApp-Image-2022-04-29-at-12.07.05-PM-2-590x410.jpeg",590,410,true]},"author_info":{"display_name":"Redacci\u00f3n","author_link":"https:\/\/samanoticiasdurango.com\/index.php\/author\/jjsama13gmail-com\/"},"category_info":"<a href=\"https:\/\/samanoticiasdurango.com\/index.php\/category\/archivo\/\" rel=\"category tag\">DURANGO<\/a>","tag_info":"DURANGO","comment_count":"0","jetpack_sharing_enabled":true,"_links":{"self":[{"href":"https:\/\/samanoticiasdurango.com\/index.php\/wp-json\/wp\/v2\/posts\/336","targetHints":{"allow":["GET"]}}],"collection":[{"href":"https:\/\/samanoticiasdurango.com\/index.php\/wp-json\/wp\/v2\/posts"}],"about":[{"href":"https:\/\/samanoticiasdurango.com\/index.php\/wp-json\/wp\/v2\/types\/post"}],"author":[{"embeddable":true,"href":"https:\/\/samanoticiasdurango.com\/index.php\/wp-json\/wp\/v2\/users\/1"}],"replies":[{"embeddable":true,"href":"https:\/\/samanoticiasdurango.com\/index.php\/wp-json\/wp\/v2\/comments?post=336"}],"version-history":[{"count":1,"href":"https:\/\/samanoticiasdurango.com\/index.php\/wp-json\/wp\/v2\/posts\/336\/revisions"}],"predecessor-version":[{"id":338,"href":"https:\/\/samanoticiasdurango.com\/index.php\/wp-json\/wp\/v2\/posts\/336\/revisions\/338"}],"wp:featuredmedia":[{"embeddable":true,"href":"https:\/\/samanoticiasdurango.com\/index.php\/wp-json\/wp\/v2\/media\/337"}],"wp:attachment":[{"href":"https:\/\/samanoticiasdurango.com\/index.php\/wp-json\/wp\/v2\/media?parent=336"}],"wp:term":[{"taxonomy":"category","embeddable":true,"href":"https:\/\/samanoticiasdurango.com\/index.php\/wp-json\/wp\/v2\/categories?post=336"},{"taxonomy":"post_tag","embeddable":true,"href":"https:\/\/samanoticiasdurango.com\/index.php\/wp-json\/wp\/v2\/tags?post=336"}],"curies":[{"name":"wp","href":"https:\/\/api.w.org\/{rel}","templated":true}]}}