{"id":340,"date":"2022-04-29T17:18:55","date_gmt":"2022-04-29T17:18:55","guid":{"rendered":"http:\/\/samanoticiasdurango.com\/?p=340"},"modified":"2022-04-29T17:18:56","modified_gmt":"2022-04-29T17:18:56","slug":"reconocen-empresarios-en-esteban-disposicion-para-presentar-propuestas","status":"publish","type":"post","link":"https:\/\/samanoticiasdurango.com\/index.php\/2022\/04\/29\/reconocen-empresarios-en-esteban-disposicion-para-presentar-propuestas\/","title":{"rendered":"Reconocen empresarios en Esteban, disposici\u00f3n para presentar propuestas"},"content":{"rendered":"\n<p>Se dijeron satisfechos con su exposici\u00f3n en el foro &#8220;Unidos por Durango&#8221; organizado por el Consejo Coordinador Empresarial.<\/p>\n\n\n\n<p>Durango, Dgo.- Durante la participaci\u00f3n que tuvo el candidato a la gubernatura por Durango de la alianza &#8220;Va por Durango&#8221;, Esteban Villegas Villarreal, en el foro organizado por el Consejo Coordinador Empresarial, mostr\u00f3 su disposici\u00f3n para presentar sus propuestas de desarrollo econ\u00f3mico para la entidad, lo que fue reconocido por los empresarios, quienes se dijeron satisfechos de su exposici\u00f3n para potenciar a la entidad.<\/p>\n\n\n\n<p>El presidente de la Canadevi, Salvador Ch\u00e1vez, destac\u00f3 la experiencia que tiene Esteban para gobernar, lo cual queda fortalecido con los resultados que tuvo cuando fue alcalde de la capital; puntualiz\u00f3 adem\u00e1s los programas y acciones expuestas en el foro son viables y sustentados.<\/p>\n\n\n\n<p>Por su parte, el secretario de la Canaco, Gustavo Mojica Calder\u00f3n, se\u00f1al\u00f3 que el candidato de la alianza &#8220;Va por Durango&#8221;, no es un candidato improvisado, que mostr\u00f3 apertura y disposici\u00f3n de escuchar a la iniciativa privada y a los colegios de profesionistas, d\u00e1ndoles certeza que al llegar a ser gobernador, les estar\u00e1n abriendo la puerta.<\/p>\n\n\n\n<p>Adem\u00e1s, Hugo Montiel, vicepresidente de j\u00f3venes CANACO, destac\u00f3 que Esteban ha adquirido experiencia en estos a\u00f1os anteriores, por lo que afirm\u00f3 que sus propuestas son viables y que esto se deber\u00e1 valorar por los votantes el pr\u00f3ximo 5 de junio.<\/p>\n\n\n\n<p>La presidenta del Consejo de Empresarios J\u00f3venes (CEJ), Claudia Elisa Mart\u00ednez, consider\u00f3 que en las propuestas presentadas por Villegas Villarreal, se abordan cada una de las necesidades que se enfrentan en la entidad, subrayando que la juventud empresarial tiene nuevas miras y sus propuestas cumplen con ellas.<\/p>\n\n\n\n<p>Karina Barrag\u00e1n, l\u00edder del Centro de Liderazgo Estudiantil de M\u00e9xico, subray\u00f3 que, en el foro, el candidato de la alianza PRI, PAN y PRD, demostr\u00f3 conocer al sector que le habla, y no solo eso, sino que conoce al cien por ciento de la poblaci\u00f3n, algo importante para una persona que est\u00e1 representando a todos los duranguenses y sobre todo que busca dar soluci\u00f3n a cada una de las problem\u00e1ticas que aquejan a la sociedad.<\/p>\n","protected":false},"excerpt":{"rendered":"<p>Se dijeron satisfechos con su exposici\u00f3n en el foro &#8220;Unidos por Durango&#8221; organizado por el<\/p>\n","protected":false},"author":1,"featured_media":341,"comment_status":"open","ping_status":"open","sticky":false,"template":"","format":"standard","meta":{"om_disable_all_campaigns":false,"_monsterinsights_skip_tracking":false,"_monsterinsights_sitenote_active":false,"_monsterinsights_sitenote_note":"","_monsterinsights_sitenote_category":0,"_jetpack_memberships_contains_paid_content":false,"footnotes":"","jetpack_publicize_message":"","jetpack_publicize_feature_enabled":true,"jetpack_social_post_already_shared":false,"jetpack_social_options":{"image_generator_settings":{"template":"highway","enabled":false},"version":2}},"categories":[1],"tags":[],"class_list":["post-340","post","type-post","status-publish","format-standard","has-post-thumbnail","hentry","category-archivo"],"jetpack_publicize_connections":[],"aioseo_notices":[],"jetpack_featured_media_url":"https:\/\/samanoticiasdurango.com\/wp-content\/uploads\/2022\/04\/WhatsApp-Image-2022-04-29-at-12.14.48-PM.jpeg","featured_image_urls":{"full":["https:\/\/samanoticiasdurango.com\/wp-content\/uploads\/2022\/04\/WhatsApp-Image-2022-04-29-at-12.14.48-PM.jpeg",1600,1066,false],"thumbnail":["https:\/\/samanoticiasdurango.com\/wp-content\/uploads\/2022\/04\/WhatsApp-Image-2022-04-29-at-12.14.48-PM-150x150.jpeg",150,150,true],"medium":["https:\/\/samanoticiasdurango.com\/wp-content\/uploads\/2022\/04\/WhatsApp-Image-2022-04-29-at-12.14.48-PM-300x200.jpeg",300,200,true],"medium_large":["https:\/\/samanoticiasdurango.com\/wp-content\/uploads\/2022\/04\/WhatsApp-Image-2022-04-29-at-12.14.48-PM-768x512.jpeg",640,427,true],"large":["https:\/\/samanoticiasdurango.com\/wp-content\/uploads\/2022\/04\/WhatsApp-Image-2022-04-29-at-12.14.48-PM-1024x682.jpeg",640,426,true],"1536x1536":["https:\/\/samanoticiasdurango.com\/wp-content\/uploads\/2022\/04\/WhatsApp-Image-2022-04-29-at-12.14.48-PM-1536x1023.jpeg",1536,1023,true],"2048x2048":["https:\/\/samanoticiasdurango.com\/wp-content\/uploads\/2022\/04\/WhatsApp-Image-2022-04-29-at-12.14.48-PM.jpeg",1600,1066,false],"chromenews-featured":["https:\/\/samanoticiasdurango.com\/wp-content\/uploads\/2022\/04\/WhatsApp-Image-2022-04-29-at-12.14.48-PM-1024x682.jpeg",1024,682,true],"chromenews-large":["https:\/\/samanoticiasdurango.com\/wp-content\/uploads\/2022\/04\/WhatsApp-Image-2022-04-29-at-12.14.48-PM-825x575.jpeg",825,575,true],"chromenews-medium":["https:\/\/samanoticiasdurango.com\/wp-content\/uploads\/2022\/04\/WhatsApp-Image-2022-04-29-at-12.14.48-PM-590x410.jpeg",590,410,true]},"author_info":{"display_name":"Redacci\u00f3n","author_link":"https:\/\/samanoticiasdurango.com\/index.php\/author\/jjsama13gmail-com\/"},"category_info":"<a href=\"https:\/\/samanoticiasdurango.com\/index.php\/category\/archivo\/\" rel=\"category tag\">DURANGO<\/a>","tag_info":"DURANGO","comment_count":"0","jetpack_sharing_enabled":true,"_links":{"self":[{"href":"https:\/\/samanoticiasdurango.com\/index.php\/wp-json\/wp\/v2\/posts\/340","targetHints":{"allow":["GET"]}}],"collection":[{"href":"https:\/\/samanoticiasdurango.com\/index.php\/wp-json\/wp\/v2\/posts"}],"about":[{"href":"https:\/\/samanoticiasdurango.com\/index.php\/wp-json\/wp\/v2\/types\/post"}],"author":[{"embeddable":true,"href":"https:\/\/samanoticiasdurango.com\/index.php\/wp-json\/wp\/v2\/users\/1"}],"replies":[{"embeddable":true,"href":"https:\/\/samanoticiasdurango.com\/index.php\/wp-json\/wp\/v2\/comments?post=340"}],"version-history":[{"count":1,"href":"https:\/\/samanoticiasdurango.com\/index.php\/wp-json\/wp\/v2\/posts\/340\/revisions"}],"predecessor-version":[{"id":342,"href":"https:\/\/samanoticiasdurango.com\/index.php\/wp-json\/wp\/v2\/posts\/340\/revisions\/342"}],"wp:featuredmedia":[{"embeddable":true,"href":"https:\/\/samanoticiasdurango.com\/index.php\/wp-json\/wp\/v2\/media\/341"}],"wp:attachment":[{"href":"https:\/\/samanoticiasdurango.com\/index.php\/wp-json\/wp\/v2\/media?parent=340"}],"wp:term":[{"taxonomy":"category","embeddable":true,"href":"https:\/\/samanoticiasdurango.com\/index.php\/wp-json\/wp\/v2\/categories?post=340"},{"taxonomy":"post_tag","embeddable":true,"href":"https:\/\/samanoticiasdurango.com\/index.php\/wp-json\/wp\/v2\/tags?post=340"}],"curies":[{"name":"wp","href":"https:\/\/api.w.org\/{rel}","templated":true}]}}