{"id":3487,"date":"2022-11-12T14:35:59","date_gmt":"2022-11-12T14:35:59","guid":{"rendered":"http:\/\/samanoticiasdurango.com\/?p=3487"},"modified":"2022-11-12T14:39:50","modified_gmt":"2022-11-12T14:39:50","slug":"consulta-infantil-y-juvenil-2021","status":"publish","type":"post","link":"https:\/\/samanoticiasdurango.com\/index.php\/2022\/11\/12\/consulta-infantil-y-juvenil-2021\/","title":{"rendered":"Consulta Infantil y Juvenil 2021"},"content":{"rendered":"\n<p>El cuidado del planeta, el bienestar y los derechos humanos de las ni\u00f1as, ni\u00f1os y adolescentes son una prioridad para el Poder Legislativo, afirm\u00f3 el diputado Joel Corral Alc\u00e1ntar, presidente de la JUGOCOPO, al recibir los resultados de la Consulta Infantil y Juvenil 2021 que fue entregada y comentada por la ni\u00f1ez duranguense.<br>A fin de que se considere la opini\u00f3n este sector de la poblaci\u00f3n en el trabajo legislativo que les afecte, as\u00ed como para orientar la construcci\u00f3n de pol\u00edticas p\u00fablicas y educar en ciudadan\u00eda a los menores, el Instituto Nacional Electoral (INE) a trav\u00e9s de la Junta Local Ejecutiva, entreg\u00f3 al Congreso del Estado de Durango los paquetes informativos de resultados de la Consulta.<\/p>\n\n\n\n<p>En presencia diputados integrantes de la LXIX Legislatura, entre ellos el coordinador del Grupo Parlamentario del PRI, Ricardo L\u00f3pez Pescador; las diputadas Sughey Torres, Gabriela Hern\u00e1ndez L\u00f3pez, Marisol Carrillo, Patricia Jim\u00e9nez y el diputado J. Carmen Fern\u00e1ndez; Mar\u00eda Elena Cornejo Esparza, titular de la Vocal\u00eda Ejecutiva de la citada Junta, en compa\u00f1\u00eda de la Consejera Electoral del Consejo General del INE, Norma Irene de la Cruz Maga\u00f1a, presentaron los resultados locales y nacionales de este ejercicio de los derechos de expresi\u00f3n y participaci\u00f3n de menores que se encuentran entre los 3 y los 17 a\u00f1os a lo largo y ancho del pa\u00eds.<\/p>\n\n\n\n<p>En este encuentro tres representantes de los grupos de edades que tomaron parte en la consulta presentaron las propuestas con las que ellos participaron en la consulta: Pedro Everardo Navarro Reyes habl\u00f3 por ni\u00f1as y ni\u00f1os de los 6 a los 9 a\u00f1os; Karla Lizbeth Terrones Andrade por quienes tienen entre 10 y 13 a\u00f1os, y Bryan Israel Carrillo Villanueva, en representaci\u00f3n de los adolescentes de entre 14 y 17 a\u00f1os.<\/p>\n\n\n\n<p>Los temas de cuidado del planeta, bienestar y derechos humanos, as\u00ed como medio ambiente y COVID 19, fueron los t\u00f3picos tratados en la consulta, que cont\u00f3 con la participaci\u00f3n de 78 mil 034 ni\u00f1os en Durango, es decir, poco m\u00e1s de la poblaci\u00f3n registrada de entre 3 y 17 a\u00f1os. En ella se observaron temas de preocupaci\u00f3n para los menores como fueron la discriminaci\u00f3n y la pobreza, resaltaron su inter\u00e9s por el derecho a la salud y se observ\u00f3 un fuerte posicionamiento del cuidado del medio ambiente entre la poblaci\u00f3n juvenil e infantil.<\/p>\n\n\n\n<p>Sughey Torres Rodr\u00edguez, en su calidad de presidenta de la Comisi\u00f3n de Educaci\u00f3n del Congreso local, hizo hincapi\u00e9 en las propuestas de los participantes, como la de imponer sanciones a la discriminaci\u00f3n o el acoso escolar, as\u00ed como la necesidad de que exista mayor informaci\u00f3n sobre c\u00f3mo lograr una mejor convivencia y un mayor apoyo a las v\u00edctimas de abuso infantil.<\/p>\n\n\n\n<p>Estuvieron presentes en el encuentro la titular de la Vocal\u00eda de Capacitaci\u00f3n Electoral y Educaci\u00f3n C\u00edvica en la Junta Local Ejecutiva del INE, Fabiola Esmeralda Morales Araujo; Luz Mar\u00eda Mariscal, comisionada presidenta del IDAIP; Omar Jim\u00e9nez Herrera, procurador de Protecci\u00f3n a Ni\u00f1as y Ni\u00f1os en Durango; entre muchas otros representantes.<\/p>\n","protected":false},"excerpt":{"rendered":"<p>El cuidado del planeta, el bienestar y los derechos humanos de las ni\u00f1as, ni\u00f1os y<\/p>\n","protected":false},"author":1,"featured_media":3488,"comment_status":"open","ping_status":"open","sticky":false,"template":"","format":"standard","meta":{"om_disable_all_campaigns":false,"_monsterinsights_skip_tracking":false,"_monsterinsights_sitenote_active":false,"_monsterinsights_sitenote_note":"","_monsterinsights_sitenote_category":0,"_jetpack_memberships_contains_paid_content":false,"footnotes":"","jetpack_publicize_message":"","jetpack_publicize_feature_enabled":true,"jetpack_social_post_already_shared":false,"jetpack_social_options":{"image_generator_settings":{"template":"highway","enabled":false},"version":2}},"categories":[1],"tags":[],"class_list":["post-3487","post","type-post","status-publish","format-standard","has-post-thumbnail","hentry","category-archivo"],"jetpack_publicize_connections":[],"aioseo_notices":[],"jetpack_featured_media_url":"https:\/\/samanoticiasdurango.com\/wp-content\/uploads\/2022\/11\/00000.jpg","featured_image_urls":{"full":["https:\/\/samanoticiasdurango.com\/wp-content\/uploads\/2022\/11\/00000.jpg",1600,900,false],"thumbnail":["https:\/\/samanoticiasdurango.com\/wp-content\/uploads\/2022\/11\/00000-150x150.jpg",150,150,true],"medium":["https:\/\/samanoticiasdurango.com\/wp-content\/uploads\/2022\/11\/00000-300x169.jpg",300,169,true],"medium_large":["https:\/\/samanoticiasdurango.com\/wp-content\/uploads\/2022\/11\/00000-768x432.jpg",640,360,true],"large":["https:\/\/samanoticiasdurango.com\/wp-content\/uploads\/2022\/11\/00000-1024x576.jpg",640,360,true],"1536x1536":["https:\/\/samanoticiasdurango.com\/wp-content\/uploads\/2022\/11\/00000-1536x864.jpg",1536,864,true],"2048x2048":["https:\/\/samanoticiasdurango.com\/wp-content\/uploads\/2022\/11\/00000.jpg",1600,900,false],"chromenews-featured":["https:\/\/samanoticiasdurango.com\/wp-content\/uploads\/2022\/11\/00000-1024x576.jpg",1024,576,true],"chromenews-large":["https:\/\/samanoticiasdurango.com\/wp-content\/uploads\/2022\/11\/00000-825x575.jpg",825,575,true],"chromenews-medium":["https:\/\/samanoticiasdurango.com\/wp-content\/uploads\/2022\/11\/00000-590x410.jpg",590,410,true]},"author_info":{"display_name":"Redacci\u00f3n","author_link":"https:\/\/samanoticiasdurango.com\/index.php\/author\/jjsama13gmail-com\/"},"category_info":"<a href=\"https:\/\/samanoticiasdurango.com\/index.php\/category\/archivo\/\" rel=\"category tag\">DURANGO<\/a>","tag_info":"DURANGO","comment_count":"0","jetpack_sharing_enabled":true,"_links":{"self":[{"href":"https:\/\/samanoticiasdurango.com\/index.php\/wp-json\/wp\/v2\/posts\/3487","targetHints":{"allow":["GET"]}}],"collection":[{"href":"https:\/\/samanoticiasdurango.com\/index.php\/wp-json\/wp\/v2\/posts"}],"about":[{"href":"https:\/\/samanoticiasdurango.com\/index.php\/wp-json\/wp\/v2\/types\/post"}],"author":[{"embeddable":true,"href":"https:\/\/samanoticiasdurango.com\/index.php\/wp-json\/wp\/v2\/users\/1"}],"replies":[{"embeddable":true,"href":"https:\/\/samanoticiasdurango.com\/index.php\/wp-json\/wp\/v2\/comments?post=3487"}],"version-history":[{"count":1,"href":"https:\/\/samanoticiasdurango.com\/index.php\/wp-json\/wp\/v2\/posts\/3487\/revisions"}],"predecessor-version":[{"id":3489,"href":"https:\/\/samanoticiasdurango.com\/index.php\/wp-json\/wp\/v2\/posts\/3487\/revisions\/3489"}],"wp:featuredmedia":[{"embeddable":true,"href":"https:\/\/samanoticiasdurango.com\/index.php\/wp-json\/wp\/v2\/media\/3488"}],"wp:attachment":[{"href":"https:\/\/samanoticiasdurango.com\/index.php\/wp-json\/wp\/v2\/media?parent=3487"}],"wp:term":[{"taxonomy":"category","embeddable":true,"href":"https:\/\/samanoticiasdurango.com\/index.php\/wp-json\/wp\/v2\/categories?post=3487"},{"taxonomy":"post_tag","embeddable":true,"href":"https:\/\/samanoticiasdurango.com\/index.php\/wp-json\/wp\/v2\/tags?post=3487"}],"curies":[{"name":"wp","href":"https:\/\/api.w.org\/{rel}","templated":true}]}}