{"id":3567,"date":"2022-11-18T23:05:18","date_gmt":"2022-11-18T23:05:18","guid":{"rendered":"http:\/\/samanoticiasdurango.com\/?p=3567"},"modified":"2022-11-18T23:06:41","modified_gmt":"2022-11-18T23:06:41","slug":"arrancan-programas-para-que-brillen-las-viviendas-de-la-laguna","status":"publish","type":"post","link":"https:\/\/samanoticiasdurango.com\/index.php\/2022\/11\/18\/arrancan-programas-para-que-brillen-las-viviendas-de-la-laguna\/","title":{"rendered":"Arrancan programas para que brillen las viviendas de La Laguna"},"content":{"rendered":"\n<p>Subsidiar\u00e1n material de construcci\u00f3n a trav\u00e9s de la COESVI y Bienestar Social para mejorar los hogares de los gomezpalatinos; tambi\u00e9n buscar\u00e1n regularizar terrenos con la SEDATU.<\/p>\n\n\n\n<p>Tambi\u00e9n se hicieron entrega de otros apoyos a este municipio; \u201ca G\u00f3mez Palacio se le adelant\u00f3 la Navidad, porque estamos recibiendo dos patrullas nuevas y cuatro motocicletas\u201d: Lety Herrera.<\/p>\n\n\n\n<p>Con soluciones que permitan a familias mejorar sus condiciones de vida en funci\u00f3n de su ingreso, el gobernador Esteban Villegas Villarreal arranc\u00f3 el programa de mejoramiento de vivienda, junto a la alcaldesa de G\u00f3mez Palacio, Leticia Herrera Ale, con material subsidiado para que se realicen alrededor de 120 cuartos adicionales en el mismo n\u00famero de hogares.<\/p>\n\n\n\n<p>\u201cYa se siente la pisada fuerte en La Laguna, vamos a arrancar un programa en el rubro de vivienda\u201d, expres\u00f3 el Ejecutivo Estatal, al indicar que, a partir de este viernes, se instalar\u00e1 un m\u00f3dulo especial para los que quieran participar en este programa de la Comisi\u00f3n Estatal de Suelo y Vivienda (COESVI), obtengan material subsidiado con el fin de ampliar sus casas.<\/p>\n\n\n\n<p>Villegas Villarreal, hizo entrega adem\u00e1s de un cheque por cuatro millones 647 mil 500 pesos del dinero recaudado por el registro de autos chocolatos, a su vez, se entregaron dos patrullas y cuatro motocicletas.<\/p>\n\n\n\n<p>El Mandatario Estatal, hizo un reconocimiento al Ej\u00e9rcito Mexicano, Guardia Nacional, Mando Especial de la Laguna y las corporaciones de seguridad; record\u00f3 que el primer compromiso que se hab\u00eda hecho era meterse a fondo al tema de la seguridad, \u201cLety Herrera hizo la Polic\u00eda Rural y el Gobierno del Estado reforzar\u00e1 con un grupo especial de reacci\u00f3n con Seguridad P\u00fablica\u201d, apunt\u00f3.<\/p>\n\n\n\n<p>En esta gira, dijo que de acuerdo a varios recorridos por la entidad, existen muchos lugares irregulares, por lo que se buscar\u00e1 la forma de trabajar, ya sea como estado o junto con la Secretaria de Desarrollo Agrario, Territorial y Urbano (SEDATU), para empezar con la regularizaci\u00f3n de terrenos en todo G\u00f3mez Palacio.<\/p>\n\n\n\n<p>La alcaldesa Leticia Herrera Ale, reconoci\u00f3 el trabajo del mandatario, \u201csiempre que viene el Gobernador a G\u00f3mez Palacio, nunca viene con las manos vac\u00edas, gracias por el apoyo permanente al municipio que le ha brindado en estos dos meses\u201d, expres\u00f3 al hacer menci\u00f3n de la entrega de equipamiento al cuerpo policial, con el parque vehicular, y el recurso que servir\u00e1 para m\u00e1s obras como la mejora de calles y del camino a la Virgen del Desierto, la carretera que atraviesa San Ignacio y Nuevo G\u00f3mez.<\/p>\n\n\n\n<p>\u201cA G\u00f3mez Palacio se le adelant\u00f3 la Navidad, porque estamos recibiendo dos patrullas nuevas y cuatro motocicletas\u201d, abund\u00f3.<\/p>\n\n\n\n<p>Adem\u00e1s de la firma con COESVI, se dio arranque al programa de pintura para instituciones educativas con el que se reforzar\u00e1 la calidad educativa, se dio arranque al programa \u201cMi Hogar con Estrella\u201d a trav\u00e9s de la direcci\u00f3n de Bienestar Social que pone a disposici\u00f3n materiales de construcci\u00f3n subsidiados como cemento, pintura, impermeabilizante y l\u00e1minas para el mejoramiento de viviendas.<\/p>\n","protected":false},"excerpt":{"rendered":"<p>Subsidiar\u00e1n material de construcci\u00f3n a trav\u00e9s de la COESVI y Bienestar Social para mejorar los<\/p>\n","protected":false},"author":1,"featured_media":3568,"comment_status":"open","ping_status":"open","sticky":false,"template":"","format":"standard","meta":{"om_disable_all_campaigns":false,"_monsterinsights_skip_tracking":false,"_monsterinsights_sitenote_active":false,"_monsterinsights_sitenote_note":"","_monsterinsights_sitenote_category":0,"_jetpack_memberships_contains_paid_content":false,"footnotes":"","jetpack_publicize_message":"","jetpack_publicize_feature_enabled":true,"jetpack_social_post_already_shared":false,"jetpack_social_options":{"image_generator_settings":{"template":"highway","enabled":false},"version":2}},"categories":[1],"tags":[],"class_list":["post-3567","post","type-post","status-publish","format-standard","has-post-thumbnail","hentry","category-archivo"],"jetpack_publicize_connections":[],"aioseo_notices":[],"jetpack_featured_media_url":"https:\/\/samanoticiasdurango.com\/wp-content\/uploads\/2022\/11\/1600X900.00_00_01_00.Imagen-fija006-1.jpg","featured_image_urls":{"full":["https:\/\/samanoticiasdurango.com\/wp-content\/uploads\/2022\/11\/1600X900.00_00_01_00.Imagen-fija006-1.jpg",1600,900,false],"thumbnail":["https:\/\/samanoticiasdurango.com\/wp-content\/uploads\/2022\/11\/1600X900.00_00_01_00.Imagen-fija006-1-150x150.jpg",150,150,true],"medium":["https:\/\/samanoticiasdurango.com\/wp-content\/uploads\/2022\/11\/1600X900.00_00_01_00.Imagen-fija006-1-300x169.jpg",300,169,true],"medium_large":["https:\/\/samanoticiasdurango.com\/wp-content\/uploads\/2022\/11\/1600X900.00_00_01_00.Imagen-fija006-1-768x432.jpg",640,360,true],"large":["https:\/\/samanoticiasdurango.com\/wp-content\/uploads\/2022\/11\/1600X900.00_00_01_00.Imagen-fija006-1-1024x576.jpg",640,360,true],"1536x1536":["https:\/\/samanoticiasdurango.com\/wp-content\/uploads\/2022\/11\/1600X900.00_00_01_00.Imagen-fija006-1-1536x864.jpg",1536,864,true],"2048x2048":["https:\/\/samanoticiasdurango.com\/wp-content\/uploads\/2022\/11\/1600X900.00_00_01_00.Imagen-fija006-1.jpg",1600,900,false],"chromenews-featured":["https:\/\/samanoticiasdurango.com\/wp-content\/uploads\/2022\/11\/1600X900.00_00_01_00.Imagen-fija006-1-1024x576.jpg",1024,576,true],"chromenews-large":["https:\/\/samanoticiasdurango.com\/wp-content\/uploads\/2022\/11\/1600X900.00_00_01_00.Imagen-fija006-1-825x575.jpg",825,575,true],"chromenews-medium":["https:\/\/samanoticiasdurango.com\/wp-content\/uploads\/2022\/11\/1600X900.00_00_01_00.Imagen-fija006-1-590x410.jpg",590,410,true]},"author_info":{"display_name":"Redacci\u00f3n","author_link":"https:\/\/samanoticiasdurango.com\/index.php\/author\/jjsama13gmail-com\/"},"category_info":"<a href=\"https:\/\/samanoticiasdurango.com\/index.php\/category\/archivo\/\" rel=\"category tag\">DURANGO<\/a>","tag_info":"DURANGO","comment_count":"0","jetpack_sharing_enabled":true,"_links":{"self":[{"href":"https:\/\/samanoticiasdurango.com\/index.php\/wp-json\/wp\/v2\/posts\/3567","targetHints":{"allow":["GET"]}}],"collection":[{"href":"https:\/\/samanoticiasdurango.com\/index.php\/wp-json\/wp\/v2\/posts"}],"about":[{"href":"https:\/\/samanoticiasdurango.com\/index.php\/wp-json\/wp\/v2\/types\/post"}],"author":[{"embeddable":true,"href":"https:\/\/samanoticiasdurango.com\/index.php\/wp-json\/wp\/v2\/users\/1"}],"replies":[{"embeddable":true,"href":"https:\/\/samanoticiasdurango.com\/index.php\/wp-json\/wp\/v2\/comments?post=3567"}],"version-history":[{"count":1,"href":"https:\/\/samanoticiasdurango.com\/index.php\/wp-json\/wp\/v2\/posts\/3567\/revisions"}],"predecessor-version":[{"id":3569,"href":"https:\/\/samanoticiasdurango.com\/index.php\/wp-json\/wp\/v2\/posts\/3567\/revisions\/3569"}],"wp:featuredmedia":[{"embeddable":true,"href":"https:\/\/samanoticiasdurango.com\/index.php\/wp-json\/wp\/v2\/media\/3568"}],"wp:attachment":[{"href":"https:\/\/samanoticiasdurango.com\/index.php\/wp-json\/wp\/v2\/media?parent=3567"}],"wp:term":[{"taxonomy":"category","embeddable":true,"href":"https:\/\/samanoticiasdurango.com\/index.php\/wp-json\/wp\/v2\/categories?post=3567"},{"taxonomy":"post_tag","embeddable":true,"href":"https:\/\/samanoticiasdurango.com\/index.php\/wp-json\/wp\/v2\/tags?post=3567"}],"curies":[{"name":"wp","href":"https:\/\/api.w.org\/{rel}","templated":true}]}}