{"id":3696,"date":"2022-12-03T19:43:43","date_gmt":"2022-12-03T19:43:43","guid":{"rendered":"http:\/\/samanoticiasdurango.com\/?p=3696"},"modified":"2022-12-03T19:45:46","modified_gmt":"2022-12-03T19:45:46","slug":"rinden-homenaje-por-el-193-aniversario-del-natalicio-de-francisco-zarco-mateos","status":"publish","type":"post","link":"https:\/\/samanoticiasdurango.com\/index.php\/2022\/12\/03\/rinden-homenaje-por-el-193-aniversario-del-natalicio-de-francisco-zarco-mateos\/","title":{"rendered":"Rinden homenaje por el 193 Aniversario del natalicio de Francisco Zarco Mateos."},"content":{"rendered":"\n<p>V\u00edctor Hugo Hern\u00e1ndez, director de Comunicaci\u00f3n Social del Estado les hizo un llamado a trabajar unidos y con valor, con el ah\u00ednco y la perseverancia.<\/p>\n\n\n\n<p>Gracias a la labor de un gran pol\u00edtico duranguense, se cont\u00f3 con las bases para que todos los que ejercen el periodismo, puedan desarrollarlo con libertad, as\u00ed lo reconoci\u00f3 el director de Comunicaci\u00f3n Social del Gobierno del Estado, V\u00edctor Hugo Hern\u00e1ndez Fuentes, en el 193 Aniversario de natalicio de Francisco Zarco Mateos.<\/p>\n\n\n\n<p>A nombre del gobernador Esteban Villegas Villarreal, reiter\u00f3 el respeto irrestricto a la libertad de expresi\u00f3n, por lo que en su mensaje como orador oficial, hizo un llamado a los comunicadores: a trabajar unidos y con valor, con voluntad, ah\u00ednco y perseverancia de todos, esto luego de destacar que lo m\u00e1s importante de cada uno, son familias que juegan un papel fundamental en esta profesi\u00f3n.<\/p>\n\n\n\n<p>Acompa\u00f1ado de Directores de medios de comunicaci\u00f3n, presidentes de colegios, asociaciones de comunic\u00f3logos reporteros y colegas de los diferentes medios, el titular de la oficina de Comunicaci\u00f3n, agradeci\u00f3 a todos los presentes por unirse a este homenaje de un gran l\u00edder que ha sido gu\u00eda de esta gran labor.<\/p>\n\n\n\n<p>&#8220;No podr\u00edamos entender un gobierno sin periodistas&#8221;, destac\u00f3 V\u00edctor Hugo Hern\u00e1ndez, luego de se\u00f1alar la importancia de los l\u00edderes que marcan la cr\u00edtica y la veracidad de la prensa; describi\u00f3 los constantes retos a los que se enfrentan los comunicadores, donde la inmediatez require ir de la mano con la veracidad, con apertura y transparencia en la informaci\u00f3n.<\/p>\n\n\n\n<p>En este evento estuvieron la presidenta de la Asociaci\u00f3n Mundial de Mujeres Periodistas y Escritoras (AMMPE), Carolina Heredia Salazar, del Colegio de Licenciados en Ciencias de la Comunicaci\u00f3n Jonathan Hern\u00e1ndez Orozco, del Colegio Nacional de Profesionistas de la Comunicaci\u00f3n (CONAPCOM), Jazm\u00edn Carrillo Mendiola, de Periodistas y Profesionales de la Comunicaci\u00f3n, (PEPROC), Sa\u00fal Maldonado y representantes de los tres niveles de Gobierno.<\/p>\n","protected":false},"excerpt":{"rendered":"<p>V\u00edctor Hugo Hern\u00e1ndez, director de Comunicaci\u00f3n Social del Estado les hizo un llamado a trabajar<\/p>\n","protected":false},"author":1,"featured_media":3697,"comment_status":"open","ping_status":"open","sticky":false,"template":"","format":"standard","meta":{"om_disable_all_campaigns":false,"_monsterinsights_skip_tracking":false,"_monsterinsights_sitenote_active":false,"_monsterinsights_sitenote_note":"","_monsterinsights_sitenote_category":0,"_jetpack_memberships_contains_paid_content":false,"footnotes":"","jetpack_publicize_message":"","jetpack_publicize_feature_enabled":true,"jetpack_social_post_already_shared":false,"jetpack_social_options":{"image_generator_settings":{"template":"highway","enabled":false},"version":2}},"categories":[1],"tags":[],"class_list":["post-3696","post","type-post","status-publish","format-standard","has-post-thumbnail","hentry","category-archivo"],"jetpack_publicize_connections":[],"aioseo_notices":[],"jetpack_featured_media_url":"https:\/\/samanoticiasdurango.com\/wp-content\/uploads\/2022\/12\/BORREGOS.00_00_00_00.Imagen-fija004.jpg","featured_image_urls":{"full":["https:\/\/samanoticiasdurango.com\/wp-content\/uploads\/2022\/12\/BORREGOS.00_00_00_00.Imagen-fija004.jpg",1600,900,false],"thumbnail":["https:\/\/samanoticiasdurango.com\/wp-content\/uploads\/2022\/12\/BORREGOS.00_00_00_00.Imagen-fija004-150x150.jpg",150,150,true],"medium":["https:\/\/samanoticiasdurango.com\/wp-content\/uploads\/2022\/12\/BORREGOS.00_00_00_00.Imagen-fija004-300x169.jpg",300,169,true],"medium_large":["https:\/\/samanoticiasdurango.com\/wp-content\/uploads\/2022\/12\/BORREGOS.00_00_00_00.Imagen-fija004-768x432.jpg",640,360,true],"large":["https:\/\/samanoticiasdurango.com\/wp-content\/uploads\/2022\/12\/BORREGOS.00_00_00_00.Imagen-fija004-1024x576.jpg",640,360,true],"1536x1536":["https:\/\/samanoticiasdurango.com\/wp-content\/uploads\/2022\/12\/BORREGOS.00_00_00_00.Imagen-fija004-1536x864.jpg",1536,864,true],"2048x2048":["https:\/\/samanoticiasdurango.com\/wp-content\/uploads\/2022\/12\/BORREGOS.00_00_00_00.Imagen-fija004.jpg",1600,900,false],"chromenews-featured":["https:\/\/samanoticiasdurango.com\/wp-content\/uploads\/2022\/12\/BORREGOS.00_00_00_00.Imagen-fija004-1024x576.jpg",1024,576,true],"chromenews-large":["https:\/\/samanoticiasdurango.com\/wp-content\/uploads\/2022\/12\/BORREGOS.00_00_00_00.Imagen-fija004-825x575.jpg",825,575,true],"chromenews-medium":["https:\/\/samanoticiasdurango.com\/wp-content\/uploads\/2022\/12\/BORREGOS.00_00_00_00.Imagen-fija004-590x410.jpg",590,410,true]},"author_info":{"display_name":"Redacci\u00f3n","author_link":"https:\/\/samanoticiasdurango.com\/index.php\/author\/jjsama13gmail-com\/"},"category_info":"<a href=\"https:\/\/samanoticiasdurango.com\/index.php\/category\/archivo\/\" rel=\"category tag\">DURANGO<\/a>","tag_info":"DURANGO","comment_count":"0","jetpack_sharing_enabled":true,"_links":{"self":[{"href":"https:\/\/samanoticiasdurango.com\/index.php\/wp-json\/wp\/v2\/posts\/3696","targetHints":{"allow":["GET"]}}],"collection":[{"href":"https:\/\/samanoticiasdurango.com\/index.php\/wp-json\/wp\/v2\/posts"}],"about":[{"href":"https:\/\/samanoticiasdurango.com\/index.php\/wp-json\/wp\/v2\/types\/post"}],"author":[{"embeddable":true,"href":"https:\/\/samanoticiasdurango.com\/index.php\/wp-json\/wp\/v2\/users\/1"}],"replies":[{"embeddable":true,"href":"https:\/\/samanoticiasdurango.com\/index.php\/wp-json\/wp\/v2\/comments?post=3696"}],"version-history":[{"count":2,"href":"https:\/\/samanoticiasdurango.com\/index.php\/wp-json\/wp\/v2\/posts\/3696\/revisions"}],"predecessor-version":[{"id":3700,"href":"https:\/\/samanoticiasdurango.com\/index.php\/wp-json\/wp\/v2\/posts\/3696\/revisions\/3700"}],"wp:featuredmedia":[{"embeddable":true,"href":"https:\/\/samanoticiasdurango.com\/index.php\/wp-json\/wp\/v2\/media\/3697"}],"wp:attachment":[{"href":"https:\/\/samanoticiasdurango.com\/index.php\/wp-json\/wp\/v2\/media?parent=3696"}],"wp:term":[{"taxonomy":"category","embeddable":true,"href":"https:\/\/samanoticiasdurango.com\/index.php\/wp-json\/wp\/v2\/categories?post=3696"},{"taxonomy":"post_tag","embeddable":true,"href":"https:\/\/samanoticiasdurango.com\/index.php\/wp-json\/wp\/v2\/tags?post=3696"}],"curies":[{"name":"wp","href":"https:\/\/api.w.org\/{rel}","templated":true}]}}