{"id":3709,"date":"2022-12-04T03:20:49","date_gmt":"2022-12-04T03:20:49","guid":{"rendered":"http:\/\/samanoticiasdurango.com\/?p=3709"},"modified":"2022-12-04T03:57:00","modified_gmt":"2022-12-04T03:57:00","slug":"justicia-grito-durango-en-el-bicentenario-por-elcontralor","status":"publish","type":"post","link":"https:\/\/samanoticiasdurango.com\/index.php\/2022\/12\/04\/justicia-grito-durango-en-el-bicentenario-por-elcontralor\/","title":{"rendered":"\u00a1JUSTICIA! Grit\u00f3 Durango en el bicentenario Por #ElContralor"},"content":{"rendered":"\n<p><strong>Durango, Dgo., (EL CONTRALOR). &#8211;<\/strong> Al comenzar diciembre y merodear el umbral de los primeros 21 fallecimientos de meningitis, los cuales en realidad han sido causados por la corrupci\u00f3n en la compra y manejo de los medicamentos por parte del sector salud en el sexenio de Jos\u00e9 Rosas Aispuro Torres, la sociedad duranguense ha decidido salir a las calles y exigir justicia hasta sus \u00faltimas consecuencias.<\/p>\n\n\n\n<p>La marcha convocada por familiares y amigos de los m\u00e1s de 68 pacientes infectados por esta enfermedad, como consecuencia del uso de medicinas o insumos m\u00e9dicos adulterados en al menos cinco hospitales privados de la ciudad de Durango, es una se\u00f1al de desesperaci\u00f3n, de hartazgo y de dolor.<\/p>\n\n\n\n<p>Ese dolor que se combina con la frustraci\u00f3n, lamentablemente, se empieza a canalizar en el coraje, en gritos y reclamos con improperios, y con ello aumenta vertiginosamente la exigencia de justicia para que el actual gobierno de Esteban Villegas Villarreal, el cual, si bien no ser\u00eda el responsable directo del tr\u00e1fico de dichos medicamentos y por ende no ser\u00eda el causante directo de tantos casos de meningitis, en los hechos, es el que est\u00e1 pagando los platos rotos hasta ahora, pero debido a la actitud pasiva y negligente de su actual equipo en la Secretar\u00eda de salud del Estado de Durango.<\/p>\n\n\n\n<p>Ante todo, es necesario la urgente investigaci\u00f3n a fondo que permita deslindar responsabilidades mismas que han ido en aumento derivado por las 20 mujeres y 01 hombre fallecidos, a tal grado que la semana que transcurri\u00f3 este tema escal\u00f3 en foro y proyecci\u00f3n medi\u00e1tica por la visita del Dr. Hugo L\u00f3pez-Gatell Ram\u00edrez, el que semanas atr\u00e1s fuera apodado \u201cdoctor muerte\u201d por su p\u00e9simo manejo de la pandemia del COVID-19 en todo M\u00e9xico, durante 2020 a la fecha.<\/p>\n\n\n\n<p>Se supone que la visita de L\u00f3pez-Gatell podr\u00eda tener un efecto positivo para la causa del gobierno estatal <strong><em>\u201cDgo. El Valor de Nuestra Gente\u201d<\/em><\/strong> en la b\u00fasqueda de dar cauce y control a la crisis sanitaria, social y medi\u00e1tica que ha generado esta grave enfermedad con afectaci\u00f3n directa a las funciones cerebrales.<\/p>\n\n\n\n<p>Sin embargo, no dijo nada nuevo, no ofreci\u00f3 los resultados de la investigaci\u00f3n de la Comisi\u00f3n Federal para la Protecci\u00f3n contra Riesgos Sanitarios (COFEPRIS), no asumi\u00f3 compromisos que liberen al Estado de m\u00e1s responsabilidad financiera de hacer frente a esta mini epidemia tan preocupante, y s\u00ed, en cambio, con su visita el Subsecretario de Salud se trajo a m\u00e1s medios nacionales para que sigan amplificando la cobertura de la crisis.<\/p>\n\n\n\n<p>Mientras tanto, siguen felices y campantes el ex gobernador Jos\u00e9 Rosas Aispuro Torres, su esposa Elvira Barrantes y todos sus c\u00f3mplices en los delitos contra los duranguenses estilo crimen organizado que perpetraron durante seis a\u00f1os al frente de las instituciones del poder en la entidad duranguense.<\/p>\n\n\n\n<p>El dato de ellos es relevante en esta coyuntura pues el saqueo de insumos m\u00e9dicos y medicamentos fue una de las v\u00edas m\u00e1s eficaces para robar millones de pesos cada mes sin que nadie lo pudiera comprobar, a tal grado que no son pocos los funcionarios del actual gobierno estatal que sospechan que el incendio en la Torre V1 pudo ser provocado por ellos mismos, es decir por los propietarios que provienen todos del sexenio panista autollamado <strong><em>\u201cDgo. Para Todos\u201d<\/em><\/strong>, supuestamente para incinerar as\u00ed la bodega en la que ten\u00edan almacenadas cientos de cajas con documentaci\u00f3n oficial contable y de medicamentos que proven\u00edan de esa descomunal orde\u00f1a institucional.<\/p>\n\n\n\n<p>Pero los hechos ocurren de forma tan aislada que no hay idea ni herramientas para juntar las piezas y poder cuadrar la crisis de meningitis hacia sus verdaderos culpables, que no son otros sino los meros jefes de la administraci\u00f3n estatal anterior, quienes tuvieron la desfachatez de orde\u00f1ar cada mes los cargamentos de material de salud que llegaban a la Secretar\u00eda de Salud de Durango, para despu\u00e9s, revenderlos v\u00eda prestanombres a la propia dependencia por medio de una supuesta empresa minorista que tuvo como clientes tambi\u00e9n a varios due\u00f1os de cl\u00ednicas privadas de dudos\u00edsima reputaci\u00f3n moral.<\/p>\n\n\n\n<p>Hoy, con la meningitis sabemos que todo ese sistema corrupto del tr\u00e1fico de medicinas fue real, pero, lamentablemente los duranguenses tuvimos que saberlo de una manera muy tr\u00e1gica: al explotar la proliferaci\u00f3n de casos de contagio de meningitis por el uso de anestesias y quiz\u00e1 insumos caducos, adulterados o incluso tambi\u00e9n ap\u00f3crifos.<\/p>\n\n\n\n<p><strong>PISO ESPECIAL PARA CONTAGIADOS. &#8211;<\/strong><\/p>\n\n\n\n<p>De acuerdo a las autoridades federales y de la entidad, se espera la apertura de un piso especial en el Hospital General 450 para atender a todos los pacientes infectados, quienes 10 de ellos se encuentran en situaci\u00f3n grave. Adem\u00e1s, tambi\u00e9n se contratar\u00e1n especialistas de distintas instituciones como el Instituto Mexicano Del Seguro Social (IMSS), Instituto de Salud para el Bienestar (INSABI), Instituto de Seguridad y Servicios Sociales de los Trabajadores del Estado (ISSSTE).<\/p>\n\n\n\n<p>Fue el gobernador del estado, Esteban Villegas Villareal, quien indic\u00f3, el pasado 30 de noviembre en conferencia de prensa, del traslado de los casos de meningitis por hongo a un s\u00f3lo hospital, ya que as\u00ed los especialistas podr\u00edan tener mayor control de los contagios y atender de forma r\u00e1pida a los pacientes.<\/p>\n\n\n\n<p>El doctor Hugo L\u00f3pez Gatell, en la misma conferencia, explic\u00f3 que el hongo que ha atacado a los durangueses es dif\u00edcil de tratar y no existen muchos medicamentos para contra restarlo de inmediato y acabar con la enfermedad, por ello contener en un solo lugar los casos de contagio seria indispensable.<\/p>\n\n\n\n<p>\u201cEn cuanto m\u00e1s oportuna es la atenci\u00f3n, mayores son las oportunidades de que el tratamiento funcione y evite da\u00f1os de consideraci\u00f3n\u201d, destac\u00f3 el titular de la Subsecretar\u00eda de Prevenci\u00f3n y Promoci\u00f3n de la Salud Federal.<\/p>\n\n\n\n<p>El subsecretario tambi\u00e9n indic\u00f3 que los mil 400 pacientes que se atendieron en los 4 hospitales, ahora clausurados, donde se esparci\u00f3 el contagio, est\u00e1n siendo atendidos v\u00eda telef\u00f3nica por si llegara a desarrollarse el hongo de meningitis bacteriana, as\u00ed como tambi\u00e9n para darles un tratamiento oportuno y preventivo.<\/p>\n\n\n\n<p>\u201cA trav\u00e9s de los mecanismos de coordinaci\u00f3n del Gobierno del estado se les est\u00e1 dando seguimiento telef\u00f3nico, se les cita a consultas, se les hacen evaluaciones y vamos viendo peri\u00f3dicamente que est\u00e9n en buenas condiciones\u201d, afirm\u00f3 L\u00f3pez Gatell.<\/p>\n\n\n\n<p>Durante la reuni\u00f3n las autoridades estatales fueron cuestionadas por los avances en las investigaciones de los responsables, que, de acuerdo a la fiscal general de Durango, Sonia Yadira de la Garza Fragoso, ya se han abierto un total de 40 carpetas de investigaci\u00f3n.<\/p>\n\n\n\n<p>Dentro de los casos a indagar para encontrar a los responsables, destaca el caso de las investigaciones de la Secretar\u00eda de Salud del Estado de Durango en contra quien resulte responsable de los infectados. Sin embargo, y respaldado las declaraciones del subsecretario de Hugo L\u00f3pez-Gatell, la fiscal duranguense explic\u00f3 que las l\u00edneas de investigaciones con respecto al hongo podr\u00edan tardarse ya que los estudios cient\u00edficos toman un tiempo considerable.<\/p>\n\n\n\n<p>De acuerdo a las autoridades federales para determinar a los responsables se deber\u00e1n de descartar todas las pruebas en torno a los casos, es decir, agotar la revisi\u00f3n en pruebas cient\u00edficas, declaraciones, documentos y testimonios en torno a los contagios.<\/p>\n\n\n\n<p><strong>\u00bf\u00a1HONGO FUSARIUM SOLANI!?-<\/strong><\/p>\n\n\n\n<p>De acuerdo a los estudios cl\u00ednicos que se han realizado hasta el momento, entorno al hongo de la meningitis, este se trata de un organismo microsc\u00f3pico llamado fusarium solani, por lo cual deja de ser llamada meningitis as\u00e9ptica.<\/p>\n\n\n\n<p>\u201cSe trata de un brote de meningitis, ya no le llamamos as\u00e9ptica, porque a lo largo de la investigaci\u00f3n ya encontramos la causa; encontramos un agente infeccioso, encontramos un hongo microsc\u00f3pico que se llama fusarium solani, que es la causa presunta de esta meningitis\u201d, explic\u00f3 L\u00f3pez-Gatell Ram\u00edrez.<\/p>\n\n\n\n<p>L\u00f3pez-Gatell amplific\u00f3 el foro y respald\u00f3 al Gobierno del Estado de Durango, pero no present\u00f3 las pruebas de la investigaci\u00f3n de la COFEPRIS y no dio claridad acerca del rumbo m\u00e9dico y jur\u00eddico de la crisis en aras de sanar y aplicar justicia a todos los contagiados.<\/p>\n\n\n\n<p><strong>L\u00d3PEZ GATELL NOS DEJA M\u00c1S PREGUNTAS QUE RESPUESTAS. &#8211;<\/strong><\/p>\n\n\n\n<p>&nbsp;&nbsp;\u00bfC\u00f3mo es que un hongo que se encuentra en el suelo de cultivo agr\u00edcola pudo llegar a los medicamentos?; Si la infecci\u00f3n inicia cuando entra en contacto con las semillas o pl\u00e1ntulas reci\u00e9n nacidas, \u00bfPor qu\u00e9 el sector agrario no ha manifestado alg\u00fan estrago o problema?; Si las enfermedades humanas que involucran a Fusarium Solani son provocadas por esporas del hongo esparcidas en un medio ambiente agr\u00f3nomo, \u00bfHay alguna relaci\u00f3n con fungicidas?; Si este hongo tambi\u00e9n se ha encontrado en estanques, r\u00edos, instalaciones de alcantarillado y tuber\u00edas de agua, \u00bfQu\u00e9 nivel de falta de higiene tuvieron los quir\u00f3fanos de los hospitales mencionados?; \u00bfPor qu\u00e9 la COPRISED no actu\u00f3 en consecuencia?; \u00bfQui\u00e9n jug\u00f3 con el medicamento?; \u00bfHasta qu\u00e9 nivel fueron los intereses pol\u00edtico-econ\u00f3micos para no actuar a tiempo?; \u00bfQui\u00e9n fue el perverso proveedor?; \u00bfQu\u00e9 otras relaciones existen entre las personas infectadas?.<\/p>\n\n\n\n<p>Mientras tanto, el conteo fatal de 68 contagiados y 21 fallecidos (seg\u00fan cifras oficiales de la SSD) no se detiene y la desesperanza aumenta entre todas las personas que tienen a un familiar enfermo de meningitis por el <strong><em>\u201chongo fusarium solani\u201d <\/em><\/strong>(seg\u00fan L\u00f3pez-Gatell, que tal parece que solo vino a cantinflear).<\/p>\n\n\n\n<p>Moment\u00e1neamente, los responsables disfrutan de la vida millonaria y palaciega que ahora se dan gracias al cuantioso saqueo que hicieron de las arcas p\u00fablicas estatales, durante el periodo 2016-2022 y, mientras tanto, Durango sigue escribiendo a diario uno de los cap\u00edtulos m\u00e1s tristes y m\u00e1s oscuros de su historia sin que se observe aun de cerca o a lo lejos intenci\u00f3n alguna por aplicar la ley de forma en\u00e9rgica y contundente por quienes ahora tienen la responsabilidad de aplicarla.&nbsp;<\/p>\n","protected":false},"excerpt":{"rendered":"<p>Durango, Dgo., (EL CONTRALOR). &#8211; Al comenzar diciembre y merodear el umbral de los primeros<\/p>\n","protected":false},"author":1,"featured_media":3710,"comment_status":"open","ping_status":"open","sticky":false,"template":"","format":"standard","meta":{"om_disable_all_campaigns":false,"_monsterinsights_skip_tracking":false,"_monsterinsights_sitenote_active":false,"_monsterinsights_sitenote_note":"","_monsterinsights_sitenote_category":0,"_jetpack_memberships_contains_paid_content":false,"footnotes":"","jetpack_publicize_message":"","jetpack_publicize_feature_enabled":true,"jetpack_social_post_already_shared":false,"jetpack_social_options":{"image_generator_settings":{"template":"highway","enabled":false},"version":2}},"categories":[1],"tags":[],"class_list":["post-3709","post","type-post","status-publish","format-standard","has-post-thumbnail","hentry","category-archivo"],"jetpack_publicize_connections":[],"aioseo_notices":[],"jetpack_featured_media_url":"https:\/\/samanoticiasdurango.com\/wp-content\/uploads\/2022\/12\/El-Contralor-03-diciembre-2022_page-0001.jpg","featured_image_urls":{"full":["https:\/\/samanoticiasdurango.com\/wp-content\/uploads\/2022\/12\/El-Contralor-03-diciembre-2022_page-0001.jpg",1555,1554,false],"thumbnail":["https:\/\/samanoticiasdurango.com\/wp-content\/uploads\/2022\/12\/El-Contralor-03-diciembre-2022_page-0001-150x150.jpg",150,150,true],"medium":["https:\/\/samanoticiasdurango.com\/wp-content\/uploads\/2022\/12\/El-Contralor-03-diciembre-2022_page-0001-300x300.jpg",300,300,true],"medium_large":["https:\/\/samanoticiasdurango.com\/wp-content\/uploads\/2022\/12\/El-Contralor-03-diciembre-2022_page-0001-768x768.jpg",640,640,true],"large":["https:\/\/samanoticiasdurango.com\/wp-content\/uploads\/2022\/12\/El-Contralor-03-diciembre-2022_page-0001-1024x1024.jpg",640,640,true],"1536x1536":["https:\/\/samanoticiasdurango.com\/wp-content\/uploads\/2022\/12\/El-Contralor-03-diciembre-2022_page-0001-1536x1536.jpg",1536,1536,true],"2048x2048":["https:\/\/samanoticiasdurango.com\/wp-content\/uploads\/2022\/12\/El-Contralor-03-diciembre-2022_page-0001.jpg",1555,1554,false],"chromenews-featured":["https:\/\/samanoticiasdurango.com\/wp-content\/uploads\/2022\/12\/El-Contralor-03-diciembre-2022_page-0001-1024x1023.jpg",1024,1023,true],"chromenews-large":["https:\/\/samanoticiasdurango.com\/wp-content\/uploads\/2022\/12\/El-Contralor-03-diciembre-2022_page-0001-825x575.jpg",825,575,true],"chromenews-medium":["https:\/\/samanoticiasdurango.com\/wp-content\/uploads\/2022\/12\/El-Contralor-03-diciembre-2022_page-0001-590x410.jpg",590,410,true]},"author_info":{"display_name":"Redacci\u00f3n","author_link":"https:\/\/samanoticiasdurango.com\/index.php\/author\/jjsama13gmail-com\/"},"category_info":"<a href=\"https:\/\/samanoticiasdurango.com\/index.php\/category\/archivo\/\" rel=\"category tag\">DURANGO<\/a>","tag_info":"DURANGO","comment_count":"0","jetpack_sharing_enabled":true,"_links":{"self":[{"href":"https:\/\/samanoticiasdurango.com\/index.php\/wp-json\/wp\/v2\/posts\/3709","targetHints":{"allow":["GET"]}}],"collection":[{"href":"https:\/\/samanoticiasdurango.com\/index.php\/wp-json\/wp\/v2\/posts"}],"about":[{"href":"https:\/\/samanoticiasdurango.com\/index.php\/wp-json\/wp\/v2\/types\/post"}],"author":[{"embeddable":true,"href":"https:\/\/samanoticiasdurango.com\/index.php\/wp-json\/wp\/v2\/users\/1"}],"replies":[{"embeddable":true,"href":"https:\/\/samanoticiasdurango.com\/index.php\/wp-json\/wp\/v2\/comments?post=3709"}],"version-history":[{"count":1,"href":"https:\/\/samanoticiasdurango.com\/index.php\/wp-json\/wp\/v2\/posts\/3709\/revisions"}],"predecessor-version":[{"id":3711,"href":"https:\/\/samanoticiasdurango.com\/index.php\/wp-json\/wp\/v2\/posts\/3709\/revisions\/3711"}],"wp:featuredmedia":[{"embeddable":true,"href":"https:\/\/samanoticiasdurango.com\/index.php\/wp-json\/wp\/v2\/media\/3710"}],"wp:attachment":[{"href":"https:\/\/samanoticiasdurango.com\/index.php\/wp-json\/wp\/v2\/media?parent=3709"}],"wp:term":[{"taxonomy":"category","embeddable":true,"href":"https:\/\/samanoticiasdurango.com\/index.php\/wp-json\/wp\/v2\/categories?post=3709"},{"taxonomy":"post_tag","embeddable":true,"href":"https:\/\/samanoticiasdurango.com\/index.php\/wp-json\/wp\/v2\/tags?post=3709"}],"curies":[{"name":"wp","href":"https:\/\/api.w.org\/{rel}","templated":true}]}}