{"id":3716,"date":"2022-12-04T17:15:33","date_gmt":"2022-12-04T17:15:33","guid":{"rendered":"http:\/\/samanoticiasdurango.com\/?p=3716"},"modified":"2022-12-04T17:33:33","modified_gmt":"2022-12-04T17:33:33","slug":"francia-analiza-reimponer-uso-de-cubrebocas-por-repunte-de-covid-19","status":"publish","type":"post","link":"https:\/\/samanoticiasdurango.com\/index.php\/2022\/12\/04\/francia-analiza-reimponer-uso-de-cubrebocas-por-repunte-de-covid-19\/","title":{"rendered":"<a href=\"https:\/\/lopezdoriga.com\/internacional\/francia-reimponer-cubrebocas-repunte-covid\/\">Francia analiza reimponer uso de cubrebocas por repunte de COVID-19<\/a>"},"content":{"rendered":"\n<p>El ministro de Sanidad de&nbsp;<strong>Francia<\/strong>, Fran\u00e7ois Braun, advirti\u00f3 que no le temblar\u00e1 la mano si tiene que&nbsp;<strong>volver<\/strong>&nbsp;<strong>a imponer<\/strong>&nbsp;el&nbsp;<strong>uso de cubrebocas&nbsp;<\/strong>por el repunte de casos de COVID-19, pero asegur\u00f3 que prefiere no recurrir a la coerci\u00f3n y pidi\u00f3 a sus compatriotas vacunarse.<\/p>\n\n\n\n<p>\u201cSi contin\u00faan aumentando los contagios, mi mano no temblar\u00e1 si hay que decidir la obligaci\u00f3n del cubrebocas\u201d, dijo en una entrevista en el canal televisivo BFM.<\/p>\n\n\n\n<p>Las decisiones del Gobierno, en cualquier caso, depender\u00e1n de la evoluci\u00f3n de la situaci\u00f3n en Francia, que afronta la amenaza de una&nbsp;<strong>triple epidemia<\/strong>&nbsp;grave de&nbsp;<strong>gripe<\/strong>,&nbsp;<strong>bronquiolitis<\/strong>&nbsp;(que afecta sobre todo a los menores de 2 a\u00f1os) y una nueva ola de&nbsp;<strong>COVID-19<\/strong>.<\/p>\n\n\n\n<p>Braun especific\u00f3 que no es \u201cfavorable\u201d a las imposiciones y que conf\u00eda en que los franceses pongan voluntariamente las medidas necesarias para proteger a los m\u00e1s vulnerables y la capacidad del sistema sanitario.<\/p>\n\n\n\n<p>\u201cLanzo un llamamiento solemne a la&nbsp;<strong>vacunaci\u00f3n<\/strong>\u201c, manifest\u00f3 tambi\u00e9n, en referencia a la campa\u00f1a para la cuarta dosis de cara a las pr\u00f3ximas&nbsp;<strong>fiestas<\/strong>&nbsp;<strong>navide\u00f1as<\/strong>.<\/p>\n\n\n\n<p>El ministro consider\u00f3 \u201cabsurdo\u201d saber que si no se incrementa la vacunaci\u00f3n habr\u00e1 \u201cproblemas\u201d y que, a\u00fan as\u00ed, la gente no acuda a ponerse sus dosis de refuerzo.<\/p>\n\n\n\n<p>Tambi\u00e9n la presidenta del comit\u00e9 nacional de vigilancia y anticipaci\u00f3n de riesgos sanitarios, Brigitte Autran, consider\u00f3 \u201cdesolador\u201d que en Francia se est\u00e9 acudiendo menos a vacunarse que otros pa\u00edses, tambi\u00e9n para la gripe.<\/p>\n\n\n\n<p>\u201cPedimos reforzar el uso de la mascarilla\u201d, se\u00f1al\u00f3 Autran en una&nbsp;<a href=\"https:\/\/www.lejdd.fr\/Societe\/brigitte-autran-presidente-du-covarse-nous-demandons-a-renforcer-le-port-du-masque-4151930\" target=\"_blank\" rel=\"noreferrer noopener\">entrevista<\/a>&nbsp;con&nbsp;<em>Le Journal du Dimanche<\/em>, tras precisar que, aunque Francia no est\u00e1 a\u00fan oficialmente en una novena ola de contagios de COVID-19, la tendencia de aumento apunta en esa direcci\u00f3n.<\/p>\n\n\n\n<p>A d\u00eda 3 de diciembre, cuando las autoridades sanitarias galas publicaron los \u00faltimos datos de contagios, el pa\u00eds registr\u00f3 52 mil 908 nuevos casos, lo que supon\u00eda un aumento semanal de casi 10 por ciento.<\/p>\n\n\n\n<p>Las \u00faltimas cifras de tasa de incidencia se situaban en 550 por cada 100 mil habitantes (a 30 de noviembre), un 37.7 por ciento de aumento en comparaci\u00f3n con los niveles registrados siete d\u00edas antes.<\/p>\n\n\n\n<p>Con informaci\u00f3n de EFE<\/p>\n","protected":false},"excerpt":{"rendered":"<p>El ministro de Sanidad de&nbsp;Francia, Fran\u00e7ois Braun, advirti\u00f3 que no le temblar\u00e1 la mano si<\/p>\n","protected":false},"author":1,"featured_media":3717,"comment_status":"open","ping_status":"open","sticky":false,"template":"","format":"standard","meta":{"om_disable_all_campaigns":false,"_monsterinsights_skip_tracking":false,"_monsterinsights_sitenote_active":false,"_monsterinsights_sitenote_note":"","_monsterinsights_sitenote_category":0,"_jetpack_memberships_contains_paid_content":false,"footnotes":"","jetpack_publicize_message":"","jetpack_publicize_feature_enabled":true,"jetpack_social_post_already_shared":false,"jetpack_social_options":{"image_generator_settings":{"template":"highway","enabled":false},"version":2}},"categories":[6],"tags":[],"class_list":["post-3716","post","type-post","status-publish","format-standard","has-post-thumbnail","hentry","category-internacional"],"jetpack_publicize_connections":[],"aioseo_notices":[],"jetpack_featured_media_url":"https:\/\/samanoticiasdurango.com\/wp-content\/uploads\/2022\/12\/FRANCIA-CUBREBOCAS.jpg","featured_image_urls":{"full":["https:\/\/samanoticiasdurango.com\/wp-content\/uploads\/2022\/12\/FRANCIA-CUBREBOCAS.jpg",1600,900,false],"thumbnail":["https:\/\/samanoticiasdurango.com\/wp-content\/uploads\/2022\/12\/FRANCIA-CUBREBOCAS-150x150.jpg",150,150,true],"medium":["https:\/\/samanoticiasdurango.com\/wp-content\/uploads\/2022\/12\/FRANCIA-CUBREBOCAS-300x169.jpg",300,169,true],"medium_large":["https:\/\/samanoticiasdurango.com\/wp-content\/uploads\/2022\/12\/FRANCIA-CUBREBOCAS-768x432.jpg",640,360,true],"large":["https:\/\/samanoticiasdurango.com\/wp-content\/uploads\/2022\/12\/FRANCIA-CUBREBOCAS-1024x576.jpg",640,360,true],"1536x1536":["https:\/\/samanoticiasdurango.com\/wp-content\/uploads\/2022\/12\/FRANCIA-CUBREBOCAS-1536x864.jpg",1536,864,true],"2048x2048":["https:\/\/samanoticiasdurango.com\/wp-content\/uploads\/2022\/12\/FRANCIA-CUBREBOCAS.jpg",1600,900,false],"chromenews-featured":["https:\/\/samanoticiasdurango.com\/wp-content\/uploads\/2022\/12\/FRANCIA-CUBREBOCAS-1024x576.jpg",1024,576,true],"chromenews-large":["https:\/\/samanoticiasdurango.com\/wp-content\/uploads\/2022\/12\/FRANCIA-CUBREBOCAS-825x575.jpg",825,575,true],"chromenews-medium":["https:\/\/samanoticiasdurango.com\/wp-content\/uploads\/2022\/12\/FRANCIA-CUBREBOCAS-590x410.jpg",590,410,true]},"author_info":{"display_name":"Redacci\u00f3n","author_link":"https:\/\/samanoticiasdurango.com\/index.php\/author\/jjsama13gmail-com\/"},"category_info":"<a href=\"https:\/\/samanoticiasdurango.com\/index.php\/category\/internacional\/\" rel=\"category tag\">INTERNACIONAL<\/a>","tag_info":"INTERNACIONAL","comment_count":"0","jetpack_sharing_enabled":true,"_links":{"self":[{"href":"https:\/\/samanoticiasdurango.com\/index.php\/wp-json\/wp\/v2\/posts\/3716","targetHints":{"allow":["GET"]}}],"collection":[{"href":"https:\/\/samanoticiasdurango.com\/index.php\/wp-json\/wp\/v2\/posts"}],"about":[{"href":"https:\/\/samanoticiasdurango.com\/index.php\/wp-json\/wp\/v2\/types\/post"}],"author":[{"embeddable":true,"href":"https:\/\/samanoticiasdurango.com\/index.php\/wp-json\/wp\/v2\/users\/1"}],"replies":[{"embeddable":true,"href":"https:\/\/samanoticiasdurango.com\/index.php\/wp-json\/wp\/v2\/comments?post=3716"}],"version-history":[{"count":1,"href":"https:\/\/samanoticiasdurango.com\/index.php\/wp-json\/wp\/v2\/posts\/3716\/revisions"}],"predecessor-version":[{"id":3718,"href":"https:\/\/samanoticiasdurango.com\/index.php\/wp-json\/wp\/v2\/posts\/3716\/revisions\/3718"}],"wp:featuredmedia":[{"embeddable":true,"href":"https:\/\/samanoticiasdurango.com\/index.php\/wp-json\/wp\/v2\/media\/3717"}],"wp:attachment":[{"href":"https:\/\/samanoticiasdurango.com\/index.php\/wp-json\/wp\/v2\/media?parent=3716"}],"wp:term":[{"taxonomy":"category","embeddable":true,"href":"https:\/\/samanoticiasdurango.com\/index.php\/wp-json\/wp\/v2\/categories?post=3716"},{"taxonomy":"post_tag","embeddable":true,"href":"https:\/\/samanoticiasdurango.com\/index.php\/wp-json\/wp\/v2\/tags?post=3716"}],"curies":[{"name":"wp","href":"https:\/\/api.w.org\/{rel}","templated":true}]}}