{"id":3719,"date":"2022-12-04T17:36:08","date_gmt":"2022-12-04T17:36:08","guid":{"rendered":"http:\/\/samanoticiasdurango.com\/?p=3719"},"modified":"2022-12-04T17:38:33","modified_gmt":"2022-12-04T17:38:33","slug":"piden-evitar-culto-a-la-personalidad-en-imagen-institucional","status":"publish","type":"post","link":"https:\/\/samanoticiasdurango.com\/index.php\/2022\/12\/04\/piden-evitar-culto-a-la-personalidad-en-imagen-institucional\/","title":{"rendered":"Piden evitar culto a la personalidad en imagen institucional"},"content":{"rendered":"\n<p>Con la intenci\u00f3n de que los monumentos hist\u00f3ricos o art\u00edsticos y culturales, as\u00ed como el equipamiento urbano y la se\u00f1al\u00e9tica de las ciudades mantengan un car\u00e1cter institucional, sin identificaci\u00f3n partidista o de culto a la personalidad, el diputado Ricardo L\u00f3pez Pescador propuso reformar la ley en la materia.<\/p>\n\n\n\n<p>\u201cEn el \u00e1nimo de avanzar en una s\u00f3lida imagen de los entes p\u00fablicos, que permita su identificaci\u00f3n institucional como organismos al servicio de la poblaci\u00f3n, esperamos el avance efectivo de nuestra propuesta en este Congreso\u201d, expres\u00f3 al explicar las reformas a la Ley de Imagen Institucional para el Estado.<\/p>\n\n\n\n<p>De esta manera, se busca establecer excepciones legales espec\u00edficas para la aplicaci\u00f3n de las normas relativas a la identificaci\u00f3n de los bienes inmuebles p\u00fablicos, en casos de car\u00e1cter cultural, de divulgaci\u00f3n cient\u00edfica, monumentos de car\u00e1cter hist\u00f3rico; y se\u00f1al\u00e9tica con c\u00f3digos de identificaci\u00f3n nacionales e internacionales, donde se justificada la amplificaci\u00f3n de la gama de colores en su identificaci\u00f3n, y el mecanismo para su validaci\u00f3n.<\/p>\n\n\n\n<p>El legislador, agreg\u00f3 que la iniciativa tiene como objetivo fijar con claridad la competencia de los \u00f3rganos internos de control de los entes p\u00fablicos, para la revisi\u00f3n acerca de la observancia de las disposiciones relativas a la imagen institucional, y la imposici\u00f3n, en caso de incumplimiento, de las sanciones administrativas correspondientes.<\/p>\n\n\n\n<p>A fin de que su implementaci\u00f3n se efect\u00fae de una manera ordenada, acorde con las posibilidades operativas de los entes p\u00fablicos, tambi\u00e9n consider\u00f3 modificar el art\u00edculo transitorio segundo para los Poderes Ejecutivo, Legislativo y Judicial, as\u00ed como para los \u00f3rganos constitucionales aut\u00f3nomo.<\/p>\n","protected":false},"excerpt":{"rendered":"<p>Con la intenci\u00f3n de que los monumentos hist\u00f3ricos o art\u00edsticos y culturales, as\u00ed como el<\/p>\n","protected":false},"author":1,"featured_media":3720,"comment_status":"open","ping_status":"open","sticky":false,"template":"","format":"standard","meta":{"om_disable_all_campaigns":false,"_monsterinsights_skip_tracking":false,"_monsterinsights_sitenote_active":false,"_monsterinsights_sitenote_note":"","_monsterinsights_sitenote_category":0,"_jetpack_memberships_contains_paid_content":false,"footnotes":"","jetpack_publicize_message":"","jetpack_publicize_feature_enabled":true,"jetpack_social_post_already_shared":false,"jetpack_social_options":{"image_generator_settings":{"template":"highway","enabled":false},"version":2}},"categories":[1],"tags":[],"class_list":["post-3719","post","type-post","status-publish","format-standard","has-post-thumbnail","hentry","category-archivo"],"jetpack_publicize_connections":[],"aioseo_notices":[],"jetpack_featured_media_url":"https:\/\/samanoticiasdurango.com\/wp-content\/uploads\/2022\/12\/culto-personalidad.jpg","featured_image_urls":{"full":["https:\/\/samanoticiasdurango.com\/wp-content\/uploads\/2022\/12\/culto-personalidad.jpg",1600,900,false],"thumbnail":["https:\/\/samanoticiasdurango.com\/wp-content\/uploads\/2022\/12\/culto-personalidad-150x150.jpg",150,150,true],"medium":["https:\/\/samanoticiasdurango.com\/wp-content\/uploads\/2022\/12\/culto-personalidad-300x169.jpg",300,169,true],"medium_large":["https:\/\/samanoticiasdurango.com\/wp-content\/uploads\/2022\/12\/culto-personalidad-768x432.jpg",640,360,true],"large":["https:\/\/samanoticiasdurango.com\/wp-content\/uploads\/2022\/12\/culto-personalidad-1024x576.jpg",640,360,true],"1536x1536":["https:\/\/samanoticiasdurango.com\/wp-content\/uploads\/2022\/12\/culto-personalidad-1536x864.jpg",1536,864,true],"2048x2048":["https:\/\/samanoticiasdurango.com\/wp-content\/uploads\/2022\/12\/culto-personalidad.jpg",1600,900,false],"chromenews-featured":["https:\/\/samanoticiasdurango.com\/wp-content\/uploads\/2022\/12\/culto-personalidad-1024x576.jpg",1024,576,true],"chromenews-large":["https:\/\/samanoticiasdurango.com\/wp-content\/uploads\/2022\/12\/culto-personalidad-825x575.jpg",825,575,true],"chromenews-medium":["https:\/\/samanoticiasdurango.com\/wp-content\/uploads\/2022\/12\/culto-personalidad-590x410.jpg",590,410,true]},"author_info":{"display_name":"Redacci\u00f3n","author_link":"https:\/\/samanoticiasdurango.com\/index.php\/author\/jjsama13gmail-com\/"},"category_info":"<a href=\"https:\/\/samanoticiasdurango.com\/index.php\/category\/archivo\/\" rel=\"category tag\">DURANGO<\/a>","tag_info":"DURANGO","comment_count":"0","jetpack_sharing_enabled":true,"_links":{"self":[{"href":"https:\/\/samanoticiasdurango.com\/index.php\/wp-json\/wp\/v2\/posts\/3719","targetHints":{"allow":["GET"]}}],"collection":[{"href":"https:\/\/samanoticiasdurango.com\/index.php\/wp-json\/wp\/v2\/posts"}],"about":[{"href":"https:\/\/samanoticiasdurango.com\/index.php\/wp-json\/wp\/v2\/types\/post"}],"author":[{"embeddable":true,"href":"https:\/\/samanoticiasdurango.com\/index.php\/wp-json\/wp\/v2\/users\/1"}],"replies":[{"embeddable":true,"href":"https:\/\/samanoticiasdurango.com\/index.php\/wp-json\/wp\/v2\/comments?post=3719"}],"version-history":[{"count":1,"href":"https:\/\/samanoticiasdurango.com\/index.php\/wp-json\/wp\/v2\/posts\/3719\/revisions"}],"predecessor-version":[{"id":3721,"href":"https:\/\/samanoticiasdurango.com\/index.php\/wp-json\/wp\/v2\/posts\/3719\/revisions\/3721"}],"wp:featuredmedia":[{"embeddable":true,"href":"https:\/\/samanoticiasdurango.com\/index.php\/wp-json\/wp\/v2\/media\/3720"}],"wp:attachment":[{"href":"https:\/\/samanoticiasdurango.com\/index.php\/wp-json\/wp\/v2\/media?parent=3719"}],"wp:term":[{"taxonomy":"category","embeddable":true,"href":"https:\/\/samanoticiasdurango.com\/index.php\/wp-json\/wp\/v2\/categories?post=3719"},{"taxonomy":"post_tag","embeddable":true,"href":"https:\/\/samanoticiasdurango.com\/index.php\/wp-json\/wp\/v2\/tags?post=3719"}],"curies":[{"name":"wp","href":"https:\/\/api.w.org\/{rel}","templated":true}]}}