{"id":3732,"date":"2022-12-05T22:36:56","date_gmt":"2022-12-05T22:36:56","guid":{"rendered":"http:\/\/samanoticiasdurango.com\/?p=3732"},"modified":"2022-12-06T03:16:00","modified_gmt":"2022-12-06T03:16:00","slug":"congreso-presentan-iniciativa-para-fortalecer-derecho-a-la-identidad","status":"publish","type":"post","link":"https:\/\/samanoticiasdurango.com\/index.php\/2022\/12\/05\/congreso-presentan-iniciativa-para-fortalecer-derecho-a-la-identidad\/","title":{"rendered":"#Congreso Presentan iniciativa para fortalecer derecho a la identidad"},"content":{"rendered":"\n<p>Como parte de la lucha para garantizar la igualdad entre hombres y mujeres, y que las mam\u00e1s puedan poner a sus hijos su primer apellido por com\u00fan acuerdo, la diputada Ofelia Renter\u00eda Delgadillo present\u00f3 las reformas a la Constituci\u00f3n Pol\u00edtica del Estado.<br>\u201cEl objetivo de esta iniciativa consiste en generar el marco normativo id\u00f3neo para que el padre y la madre decidan libremente el orden de los apellidos\u201d, precis\u00f3 al hacer uso de la tribuna.<br>Expres\u00f3 que la identidad y el registro es un derecho humano reconocido en el art\u00edculo sexto de la Constituci\u00f3n Pol\u00edtica del Estado, el cual se tiene que garantizar en todo momento.<br>A nombre del Grupo Parlamentario de Morena, subray\u00f3 que la libre elecci\u00f3n de los apellidos tambi\u00e9n est\u00e1 reconocida por la Corte Interamericana de Derechos Humanos, cuyo criterio es obligatorio para M\u00e9xico a trav\u00e9s del control de convencionalidad.<br>\u201cCasi todos tenemos dos apellidos, que aparecen despu\u00e9s de nuestro nombre de pila, pero en ning\u00fan ordenamiento establece el orden que se debe seguir en cuanto al registro de apellidos\u201d, resalt\u00f3 Renter\u00eda Delgadillo.<\/p>\n\n\n\n<p>La legisladora coment\u00f3 que en el registro de apellidos com\u00fanmente siempre ha prevalecido que sea el paterno el primero con el que se debe registrar al menor, eso es lo que todos aprendimos porque nadie cuestionaba tal situaci\u00f3n.<\/p>\n\n\n\n<p>\u201c\u00bfPor qu\u00e9 tiene que ser as\u00ed? \u00bfPor qu\u00e9 tenemos que continuar con una decisi\u00f3n en la que se deje de lado a la mujer? Si estamos hablando de paridad de g\u00e9nero e igualdad, \u00bfNo ser\u00eda justo que la madre tambi\u00e9n decidiera en el orden de los apellidos?\u201d.<\/p>\n","protected":false},"excerpt":{"rendered":"<p>Como parte de la lucha para garantizar la igualdad entre hombres y mujeres, y que<\/p>\n","protected":false},"author":1,"featured_media":3733,"comment_status":"open","ping_status":"open","sticky":false,"template":"","format":"standard","meta":{"om_disable_all_campaigns":false,"_monsterinsights_skip_tracking":false,"_monsterinsights_sitenote_active":false,"_monsterinsights_sitenote_note":"","_monsterinsights_sitenote_category":0,"_jetpack_memberships_contains_paid_content":false,"footnotes":"","jetpack_publicize_message":"","jetpack_publicize_feature_enabled":true,"jetpack_social_post_already_shared":false,"jetpack_social_options":{"image_generator_settings":{"template":"highway","enabled":false},"version":2}},"categories":[1],"tags":[],"class_list":["post-3732","post","type-post","status-publish","format-standard","has-post-thumbnail","hentry","category-archivo"],"jetpack_publicize_connections":[],"aioseo_notices":[],"jetpack_featured_media_url":"https:\/\/samanoticiasdurango.com\/wp-content\/uploads\/2022\/12\/BORREGOS.00_00_00_00.Imagen-fija005.jpg","featured_image_urls":{"full":["https:\/\/samanoticiasdurango.com\/wp-content\/uploads\/2022\/12\/BORREGOS.00_00_00_00.Imagen-fija005.jpg",1600,900,false],"thumbnail":["https:\/\/samanoticiasdurango.com\/wp-content\/uploads\/2022\/12\/BORREGOS.00_00_00_00.Imagen-fija005-150x150.jpg",150,150,true],"medium":["https:\/\/samanoticiasdurango.com\/wp-content\/uploads\/2022\/12\/BORREGOS.00_00_00_00.Imagen-fija005-300x169.jpg",300,169,true],"medium_large":["https:\/\/samanoticiasdurango.com\/wp-content\/uploads\/2022\/12\/BORREGOS.00_00_00_00.Imagen-fija005-768x432.jpg",640,360,true],"large":["https:\/\/samanoticiasdurango.com\/wp-content\/uploads\/2022\/12\/BORREGOS.00_00_00_00.Imagen-fija005-1024x576.jpg",640,360,true],"1536x1536":["https:\/\/samanoticiasdurango.com\/wp-content\/uploads\/2022\/12\/BORREGOS.00_00_00_00.Imagen-fija005-1536x864.jpg",1536,864,true],"2048x2048":["https:\/\/samanoticiasdurango.com\/wp-content\/uploads\/2022\/12\/BORREGOS.00_00_00_00.Imagen-fija005.jpg",1600,900,false],"chromenews-featured":["https:\/\/samanoticiasdurango.com\/wp-content\/uploads\/2022\/12\/BORREGOS.00_00_00_00.Imagen-fija005-1024x576.jpg",1024,576,true],"chromenews-large":["https:\/\/samanoticiasdurango.com\/wp-content\/uploads\/2022\/12\/BORREGOS.00_00_00_00.Imagen-fija005-825x575.jpg",825,575,true],"chromenews-medium":["https:\/\/samanoticiasdurango.com\/wp-content\/uploads\/2022\/12\/BORREGOS.00_00_00_00.Imagen-fija005-590x410.jpg",590,410,true]},"author_info":{"display_name":"Redacci\u00f3n","author_link":"https:\/\/samanoticiasdurango.com\/index.php\/author\/jjsama13gmail-com\/"},"category_info":"<a href=\"https:\/\/samanoticiasdurango.com\/index.php\/category\/archivo\/\" rel=\"category tag\">DURANGO<\/a>","tag_info":"DURANGO","comment_count":"0","jetpack_sharing_enabled":true,"_links":{"self":[{"href":"https:\/\/samanoticiasdurango.com\/index.php\/wp-json\/wp\/v2\/posts\/3732","targetHints":{"allow":["GET"]}}],"collection":[{"href":"https:\/\/samanoticiasdurango.com\/index.php\/wp-json\/wp\/v2\/posts"}],"about":[{"href":"https:\/\/samanoticiasdurango.com\/index.php\/wp-json\/wp\/v2\/types\/post"}],"author":[{"embeddable":true,"href":"https:\/\/samanoticiasdurango.com\/index.php\/wp-json\/wp\/v2\/users\/1"}],"replies":[{"embeddable":true,"href":"https:\/\/samanoticiasdurango.com\/index.php\/wp-json\/wp\/v2\/comments?post=3732"}],"version-history":[{"count":1,"href":"https:\/\/samanoticiasdurango.com\/index.php\/wp-json\/wp\/v2\/posts\/3732\/revisions"}],"predecessor-version":[{"id":3734,"href":"https:\/\/samanoticiasdurango.com\/index.php\/wp-json\/wp\/v2\/posts\/3732\/revisions\/3734"}],"wp:featuredmedia":[{"embeddable":true,"href":"https:\/\/samanoticiasdurango.com\/index.php\/wp-json\/wp\/v2\/media\/3733"}],"wp:attachment":[{"href":"https:\/\/samanoticiasdurango.com\/index.php\/wp-json\/wp\/v2\/media?parent=3732"}],"wp:term":[{"taxonomy":"category","embeddable":true,"href":"https:\/\/samanoticiasdurango.com\/index.php\/wp-json\/wp\/v2\/categories?post=3732"},{"taxonomy":"post_tag","embeddable":true,"href":"https:\/\/samanoticiasdurango.com\/index.php\/wp-json\/wp\/v2\/tags?post=3732"}],"curies":[{"name":"wp","href":"https:\/\/api.w.org\/{rel}","templated":true}]}}