{"id":3777,"date":"2022-12-09T21:27:27","date_gmt":"2022-12-09T21:27:27","guid":{"rendered":"http:\/\/samanoticiasdurango.com\/?p=3777"},"modified":"2022-12-09T23:44:49","modified_gmt":"2022-12-09T23:44:49","slug":"durango-con-equipamiento-fortalecen-instituciones-para-busqueda-de-personas","status":"publish","type":"post","link":"https:\/\/samanoticiasdurango.com\/index.php\/2022\/12\/09\/durango-con-equipamiento-fortalecen-instituciones-para-busqueda-de-personas\/","title":{"rendered":"#Durango || Con equipamiento, fortalecen instituciones para b\u00fasqueda de personas"},"content":{"rendered":"\n<p>\u2022 Se entregaron dos veh\u00edculos, drones, equipo de c\u00f3mputo, georeferencial, de rapel y torre de iluminaci\u00f3n.<\/p>\n\n\n\n<p>\u2022 Ahora s\u00ed vemos voluntad despu\u00e9s de tantos a\u00f1os, en apoyar la localizaci\u00f3n de desaparecidos: Colectivo Vida.<\/p>\n\n\n\n<p>El secretario General de Gobierno, H\u00e9ctor Vela Valenzuela, dijo que esta es una de las instituciones que se est\u00e1 fortaleciendo y dotando de recursos, equipamiento e instalaciones, para que se conviertan en pieza clave a fin de resolver de manera progresiva la problem\u00e1tica de la desaparici\u00f3n de personas.<\/p>\n\n\n\n<p>Se entregaron dos veh\u00edculos, uno equipado como oficina m\u00f3vil, otro para el traslado de los familiares, as\u00ed como una computadora, un dron de b\u00fasqueda y rescate con capacidad de carga y sensores, con detector t\u00e9rmico; c\u00e1maras, un georadar para hacer escaneos en territorio, equipo de rapel, radiocomunicaciones, torre de iluminaci\u00f3n para b\u00fasqueda de campo, principalmente.<\/p>\n\n\n\n<p>\u201cSeremos aliados en esta b\u00fasqueda y estaremos hombro con hombro con ustedes\u201d, expres\u00f3 Vela Valenzuela al saludar al Colectivo Grupo Vida al que reconoci\u00f3 su esp\u00edritu y amor que les ha dado la fortaleza para realizar los rastreos de personas.<\/p>\n\n\n\n<p>Reconoci\u00f3 que en Durango no existe una problem\u00e1tica mayor, sin embargo, se debe trabajar para tener una base para la aplicaci\u00f3n efectiva de medidas pr\u00e1cticas y urgentes, as\u00ed como acciones ante la justicia, para evitar que otras familias sufran estas adversidades.<\/p>\n\n\n\n<p>Silvia Ortiz de S\u00e1nchez Viesca, representante del Colectivo Grupo Vida, agradeci\u00f3 el compromiso del gobernador Esteban Villegas al expresar: \u201cvamos a ser un estado modelo, vamos a trabajar por las familias, por los desaparecidos y lo m\u00e1s importante, por la no repetici\u00f3n; muchas gracias por esto porque ahora si vemos voluntad, despu\u00e9s de una espera de algo en el sexenio anterior\u201d, expres\u00f3.<\/p>\n\n\n\n<p>Carlos Burciaga Rosales, director de la Comisi\u00f3n Estatal de B\u00fasqueda reconoci\u00f3 en tan poco tiempo se han logrado grandes cosas para el estado, esta comisi\u00f3n a poco tiempo, nuestras autoridades nos han dotado de lo necesario y que ahora podremos apoyar y hacer valer esos derechos humanos, como los de acceso a la justicia y la vedad, en un trabajo coordinado con el Gobierno del Estado.<\/p>\n\n\n\n<p><\/p>\n","protected":false},"excerpt":{"rendered":"<p>\u2022 Se entregaron dos veh\u00edculos, drones, equipo de c\u00f3mputo, georeferencial, de rapel y torre de<\/p>\n","protected":false},"author":1,"featured_media":3778,"comment_status":"open","ping_status":"open","sticky":false,"template":"","format":"standard","meta":{"om_disable_all_campaigns":false,"_monsterinsights_skip_tracking":false,"_monsterinsights_sitenote_active":false,"_monsterinsights_sitenote_note":"","_monsterinsights_sitenote_category":0,"_jetpack_memberships_contains_paid_content":false,"footnotes":"","jetpack_publicize_message":"","jetpack_publicize_feature_enabled":true,"jetpack_social_post_already_shared":false,"jetpack_social_options":{"image_generator_settings":{"template":"highway","enabled":false},"version":2}},"categories":[1],"tags":[],"class_list":["post-3777","post","type-post","status-publish","format-standard","has-post-thumbnail","hentry","category-archivo"],"jetpack_publicize_connections":[],"aioseo_notices":[],"jetpack_featured_media_url":"https:\/\/samanoticiasdurango.com\/wp-content\/uploads\/2022\/12\/1600X900.00_00_00_00.Imagen-fija006.jpg","featured_image_urls":{"full":["https:\/\/samanoticiasdurango.com\/wp-content\/uploads\/2022\/12\/1600X900.00_00_00_00.Imagen-fija006.jpg",1600,900,false],"thumbnail":["https:\/\/samanoticiasdurango.com\/wp-content\/uploads\/2022\/12\/1600X900.00_00_00_00.Imagen-fija006-150x150.jpg",150,150,true],"medium":["https:\/\/samanoticiasdurango.com\/wp-content\/uploads\/2022\/12\/1600X900.00_00_00_00.Imagen-fija006-300x169.jpg",300,169,true],"medium_large":["https:\/\/samanoticiasdurango.com\/wp-content\/uploads\/2022\/12\/1600X900.00_00_00_00.Imagen-fija006-768x432.jpg",640,360,true],"large":["https:\/\/samanoticiasdurango.com\/wp-content\/uploads\/2022\/12\/1600X900.00_00_00_00.Imagen-fija006-1024x576.jpg",640,360,true],"1536x1536":["https:\/\/samanoticiasdurango.com\/wp-content\/uploads\/2022\/12\/1600X900.00_00_00_00.Imagen-fija006-1536x864.jpg",1536,864,true],"2048x2048":["https:\/\/samanoticiasdurango.com\/wp-content\/uploads\/2022\/12\/1600X900.00_00_00_00.Imagen-fija006.jpg",1600,900,false],"chromenews-featured":["https:\/\/samanoticiasdurango.com\/wp-content\/uploads\/2022\/12\/1600X900.00_00_00_00.Imagen-fija006-1024x576.jpg",1024,576,true],"chromenews-large":["https:\/\/samanoticiasdurango.com\/wp-content\/uploads\/2022\/12\/1600X900.00_00_00_00.Imagen-fija006-825x575.jpg",825,575,true],"chromenews-medium":["https:\/\/samanoticiasdurango.com\/wp-content\/uploads\/2022\/12\/1600X900.00_00_00_00.Imagen-fija006-590x410.jpg",590,410,true]},"author_info":{"display_name":"Redacci\u00f3n","author_link":"https:\/\/samanoticiasdurango.com\/index.php\/author\/jjsama13gmail-com\/"},"category_info":"<a href=\"https:\/\/samanoticiasdurango.com\/index.php\/category\/archivo\/\" rel=\"category tag\">DURANGO<\/a>","tag_info":"DURANGO","comment_count":"0","jetpack_sharing_enabled":true,"_links":{"self":[{"href":"https:\/\/samanoticiasdurango.com\/index.php\/wp-json\/wp\/v2\/posts\/3777","targetHints":{"allow":["GET"]}}],"collection":[{"href":"https:\/\/samanoticiasdurango.com\/index.php\/wp-json\/wp\/v2\/posts"}],"about":[{"href":"https:\/\/samanoticiasdurango.com\/index.php\/wp-json\/wp\/v2\/types\/post"}],"author":[{"embeddable":true,"href":"https:\/\/samanoticiasdurango.com\/index.php\/wp-json\/wp\/v2\/users\/1"}],"replies":[{"embeddable":true,"href":"https:\/\/samanoticiasdurango.com\/index.php\/wp-json\/wp\/v2\/comments?post=3777"}],"version-history":[{"count":1,"href":"https:\/\/samanoticiasdurango.com\/index.php\/wp-json\/wp\/v2\/posts\/3777\/revisions"}],"predecessor-version":[{"id":3779,"href":"https:\/\/samanoticiasdurango.com\/index.php\/wp-json\/wp\/v2\/posts\/3777\/revisions\/3779"}],"wp:featuredmedia":[{"embeddable":true,"href":"https:\/\/samanoticiasdurango.com\/index.php\/wp-json\/wp\/v2\/media\/3778"}],"wp:attachment":[{"href":"https:\/\/samanoticiasdurango.com\/index.php\/wp-json\/wp\/v2\/media?parent=3777"}],"wp:term":[{"taxonomy":"category","embeddable":true,"href":"https:\/\/samanoticiasdurango.com\/index.php\/wp-json\/wp\/v2\/categories?post=3777"},{"taxonomy":"post_tag","embeddable":true,"href":"https:\/\/samanoticiasdurango.com\/index.php\/wp-json\/wp\/v2\/tags?post=3777"}],"curies":[{"name":"wp","href":"https:\/\/api.w.org\/{rel}","templated":true}]}}