{"id":3800,"date":"2022-12-11T15:39:37","date_gmt":"2022-12-11T15:39:37","guid":{"rendered":"http:\/\/samanoticiasdurango.com\/?p=3800"},"modified":"2022-12-11T15:40:21","modified_gmt":"2022-12-11T15:40:21","slug":"los-aispuro-barrantes-la-cabeza-de-la-medusa-llamada-corrupcion-por-elcontralor","status":"publish","type":"post","link":"https:\/\/samanoticiasdurango.com\/index.php\/2022\/12\/11\/los-aispuro-barrantes-la-cabeza-de-la-medusa-llamada-corrupcion-por-elcontralor\/","title":{"rendered":"Los Aispuro-Barrantes: La cabeza de la medusa llamada corrupci\u00f3n por #ElContralor"},"content":{"rendered":"\n<p><strong>Durango, Dgo. (EL CONTRALOR).-<\/strong> La denuncia que formalmente interpuso el periodista Fernando Miranda Serv\u00edn, director general de RazaCero, en contra de la esposa del ex gobernador Jos\u00e9 Rosas Aispuro Torres, cay\u00f3 como anillo al dedo al gobierno de Esteban Villegas Villarreal, a fin de poder enfilar bater\u00edas hacia la caterva de ladrones panistas que conformaron la pasada estructura administrativa del Estado de Durango, periodo 2016-2022, dicha denuncia va contra Elvira \u201cN\u201d como marca la ley para respetar la presunci\u00f3n de inocencia hacia quienes ya empezaron a ser sometidos a una carpeta de investigaci\u00f3n penal.<\/p>\n\n\n\n<p>Y aunque la denuncia de Miranda Serv\u00edn ante la Fiscal\u00eda Anticorrupci\u00f3n de Durango tiene un antecedente m\u00e1s antiguo, es decir no la acaba de presentar hace unos d\u00edas sino que es una forma de complementar su libro La Gobernadora, es hasta esta primera semana de diciembre cuando la administraci\u00f3n de Villegas Villarreal decide romper el respeto que de cierto modo ten\u00eda con&nbsp;la esposa del ex Mandatario.<\/p>\n\n\n\n<p>Porque, si alguien sabe y respeta las reglas b\u00e1sicas de la pol\u00edtica, esas que implican el absoluto respeto a las esposas y los familiares m\u00e1s cercanos de los adversarios pol\u00edticos, ese es Esteban Villegas, raz\u00f3n por la cual el hecho de aceptar que empiece tambi\u00e9n el juicio popular o juicio p\u00fablico contra Elvira Barrantes de Aispuro, es porque se tienen pruebas suficientes de su actuar en el saqueo financiero que sufrieron las arcas del erario del Estado durante los \u00faltimos seis a\u00f1os.<\/p>\n\n\n\n<p>Y mientras eso sucede, por incre\u00edble que parezca, el ex Gobernador Aispuro Torres se sent\u00eda libre y relajado al ver que quiz\u00e1 el gobierno <strong>\u201cDgo. El Valor De Nuestra Gente\u201d<\/strong> &nbsp;no se animar\u00eda a enderezarle carpetas directamente en su contra, pero una vez que se supo que s\u00ed hay una investigaci\u00f3n puntual contra la ex Presidenta del DIF Estatal, tambi\u00e9n se pudo escuchar por primera vez a Villegas Villarreal referirse tambi\u00e9n a las indagatorias contra Aispuro Torres.<\/p>\n\n\n\n<p>El gobierno de Villegas Villarreal, en voz del propio Gobernador Esteban en su Toma de Posesi\u00f3n el 15 de septiembre pasado, present\u00f3 en su discurso el diagn\u00f3stico general del desastre que dej\u00f3 su antecesor, y en ese momento Esteban dijo que ser\u00eda la \u00faltima vez que abordar\u00eda este tipo de temas pues, aunque dej\u00f3 claro que las instituciones jur\u00eddicas har\u00edan lo que consideren justificado y necesario hacer para que no haya impunidad, se entendi\u00f3 que no ser\u00edan temas que estar\u00eda abordando en su agenda cotidiana el Gobernador ya en funciones.<\/p>\n\n\n\n<p>Sin embargo, dos cosas debieron alterar esa promesa que hab\u00eda hecho el actual jefe del Ejecutivo Estatal el d\u00eda uno de su mandato:&nbsp;<\/p>\n\n\n\n<p><strong>1.-<\/strong> Encontrarse con un escenario de robos descarados y al por mayor, lo que a su vez implic\u00f3 entender que el saqueo financiero en el sexenio anterior no fue una casualidad sino un estilo, un sistema de gobierno organizado desde la cabeza y operado con aliados hasta los niveles m\u00e1s bajos de poder.<\/p>\n\n\n\n<p><strong>2.-<\/strong> Ver la desfachatez con la que el matrimonio ahora multimillonario y con inversiones inmobiliarias y financieras por doquier, se empez\u00f3 a pasear dentro de Durango y al entrar y salir de la entidad cual si fueran gente pr\u00f3spera sin cola que les pisen. Y sobre todo debi\u00f3 calar el cinismo con el que se conducen todos los integrantes de esa familia de nuevos ricos, mientras el gobierno de Villegas debe andar limosneando varios d\u00edas en la CDMX en busca de piedad del gobierno de la 4T para conseguir dinero para cubrir las pr\u00f3ximas quincenas y el pago del aguinaldo &nbsp;que se avecina a mediados del mes.<\/p>\n\n\n\n<p>La informaci\u00f3n se convirti\u00f3 en un atractivo period\u00edstico al que se sumaron medios nacionales como Latinus, que dirige Carlos Loret de Mola. As\u00ed lo difundi\u00f3 esta semana que se deton\u00f3 la bomba medi\u00e1tica sobre la investigaci\u00f3n a Elvira \u201cN\u201d:<\/p>\n\n\n\n<p>El fiscal anticorrupci\u00f3n de Durango,&nbsp;Noel D\u00edaz Rodr\u00edguez, confirm\u00f3 este martes que&nbsp;inici\u00f3 una carpeta de investigaci\u00f3n&nbsp;contra&nbsp;Elvira Barrantes, esposa del exgobernador panista&nbsp;Jos\u00e9 Rosas Aispuro, por el delito de&nbsp;enriquecimiento il\u00edcito.&nbsp;<\/p>\n\n\n\n<p>En entrevista a medios, el fiscal se\u00f1al\u00f3 que hace 15 d\u00edas inici\u00f3 la indagatoria tras una denuncia ciudadana contra&nbsp;Barrantes, expresidenta del DIF estatal, sin embargo, destac\u00f3 que hace falta avanzar en las&nbsp;investigaciones.<\/p>\n\n\n\n<p>Habr\u00e1 que hacer el requerimiento de informaci\u00f3n puntal, obviamente amplia, porque tenemos que hacer la solicitud a la&nbsp;Comisi\u00f3n Nacional Bancaria, tenemos que ver el tema de los bienes, de los ingresos (\u2026) todo ese tema ya se est\u00e1 investigando en la carpeta\u201d, asegur\u00f3 el fiscal.<\/p>\n\n\n\n<p>Jos\u00e9 Rosas Aispuro&nbsp;dej\u00f3 el cargo de gobernador de&nbsp;Durango&nbsp;el pasado 15 de septiembre y&nbsp;fue sucedido por Esteban Alejandro Villegas, quien gan\u00f3 la gubernatura bajo la coalici\u00f3n&nbsp;PRI-PAN-PRD.<\/p>\n\n\n\n<p>No es la primera&nbsp;indagatoria&nbsp;que inician las fiscal\u00edas de Durango contra exfuncionarios de la administraci\u00f3n pasada.<\/p>\n\n\n\n<p>El pasado 24 de octubre, la&nbsp;fiscal\u00eda general de justicia de Durango&nbsp;inform\u00f3 que obtuvo \u00f3rdenes de aprehensi\u00f3n contra dos exfuncionarios de la anterior administraci\u00f3n por el&nbsp;desfalco&nbsp;de aproximadamente mil 447 millones 630 mil pesos durante los a\u00f1os 2018 y 2022 en la&nbsp;subsecretar\u00eda de Finanzas.<\/p>\n\n\n\n<p>De acuerdo con la fiscal de Durango, Sonia Yadira de la Garza, los funcionarios ligados a la administraci\u00f3n de&nbsp;Rosas Aispuro&nbsp;tambi\u00e9n son indagados luego de que una persona del sexo femenino &nbsp;fue arrestada con dinero del gobierno estatal.<\/p>\n\n\n\n<p>Al ser detenida, esta persona report\u00f3 que ten\u00eda&nbsp;\u201cfajos de dinero\u201d&nbsp;del estado, los cuales iba a entregar a dos&nbsp;exfuncionarios de Finanzas.<\/p>\n\n\n\n<p>\u201cDesde el a\u00f1o 2018 a 2022 se hicieron disposiciones de&nbsp;dinero en efectivo&nbsp;a trav\u00e9s de \u00f3rdenes o remesas para ser trasladas al banco (\u2026) para que ese dinero fuera entregado a quienes eran&nbsp;servidores&nbsp;p\u00fablicos y ese dinero no tiene registros&nbsp;contables, no fue dinero en beneficio del gobierno\u201d, asegur\u00f3.<a href=\"https:\/\/na01.safelinks.protection.outlook.com\/?url=https%3A%2F%2Ftwitter.com%2FAispuroDurango%3Fref_src%3Dtwsrc%255Egoogle%257Ctwcamp%255Eserp%257Ctwgr%255Eauthor&amp;data=05%7C01%7C%7Ca94a3ea4a5b14d93e2ed08dadad29aa5%7C84df9e7fe9f640afb435aaaaaaaaaaaa%7C1%7C0%7C638062895326607368%7CUnknown%7CTWFpbGZsb3d8eyJWIjoiMC4wLjAwMDAiLCJQIjoiV2luMzIiLCJBTiI6Ik1haWwiLCJXVCI6Mn0%3D%7C3000%7C%7C%7C&amp;sdata=0WjtIklwmpQvGrCh5m9pEeU8%2BFoJfAhyFfPtQpIPUYM%3D&amp;reserved=0\" target=\"_blank\" rel=\"noreferrer noopener\"><\/a><\/p>\n\n\n\n<p><strong>A FONDO<\/strong><\/p>\n\n\n\n<p>La denuncia de Miranda Serv\u00edn ayudar\u00e1 para que el gobierno de Esteban pueda oficializar una carpeta o el inicio de una carpeta de investigaci\u00f3n formal contra Elvira Barrantes, no obstante, es de suponerse que al personal administrativo que le consulten de entre todas las dependencias y organismos descentralizados de la administraci\u00f3n estatal anterior, se podr\u00e1n aportar elementos que se enfilen directo a robustecer esas carpetas contra Elvira \u201cN\u201d y por supuesto para entender que el sistema piramidal de corrupci\u00f3n y robos tuvo a la cabeza no solo a ella sino al principal responsable que fue Jos\u00e9 R. Aispuro Torres.<\/p>\n\n\n\n<p>Lo cierto es que estamos ante un escenario in\u00e9dito pues si Aispuro subi\u00f3 la vara al echar todo el aparato pol\u00edtico-jur\u00eddico para sus venganzas en contra de personas muy cercanas al ex gobernador Jorge Herrera Caldera, como al periodista Rafael Herrera Piedra, y hacia algunos personajes que ahora son muy cercanos al gobernador Esteban Villegas, como Guillermo \u201cEl Gato\u201d Adame Calder\u00f3n, ahora, es el propio Villegas Villarreal quien tiene el sart\u00e9n por el mango y se da vuelta a la tortilla.<\/p>\n\n\n\n<p>La diferencia entre lo que hizo su antecesor es que el actual Gobernador no anda por las ramas y decide lanzar su embestida directamente a la cabeza de la Medusa, Aispuro Torres y Elvira Barrantes, para dejar claro que el objetivo no es lastimarlos donde les duela, sino darles el golpe certero a la cabeza y as\u00ed acabar con todas las serpientes que conformaron todo un grupo de ladrones (claro con algunas excepciones) que lleg\u00f3 hace poco m\u00e1s de seis a\u00f1os a robar por sistema, a burlarse de Durango y de los duranguenses &nbsp;desde el confort de sus lujosos hoteles y sus palacios construidos en otros estados de la Rep\u00fablica.<\/p>\n\n\n\n<p>\u00bfLes alcanzar\u00e1 la vida para disfrutar lo que se llevaron? \u00bfCreer\u00e1n Aispuro Torres y Elvira \u201cN\u201d que se pueden re\u00edr de todo un pueblo, dejarlo endeudado y con una gran desesperanza, aunado a problemas serios de salud como ya lo vemos con la meningitis con 23 fallecidos hasta el d\u00eda de hoy y 1800 contagiados?, EL TIEMPO, LOS HECHOS Y LOS ESCR\u00daPULOS JUNTO CON LA VOLUNTAD POL\u00cdTICA DEL GOBERNADOR ESTEBAN LO CONFIRMARAN. POR EL BIEN DE DURANGO QUE AS\u00cd SEA.<\/p>\n","protected":false},"excerpt":{"rendered":"<p>Durango, Dgo. (EL CONTRALOR).- La denuncia que formalmente interpuso el periodista Fernando Miranda Serv\u00edn, director<\/p>\n","protected":false},"author":1,"featured_media":3801,"comment_status":"open","ping_status":"open","sticky":false,"template":"","format":"standard","meta":{"om_disable_all_campaigns":false,"_monsterinsights_skip_tracking":false,"_monsterinsights_sitenote_active":false,"_monsterinsights_sitenote_note":"","_monsterinsights_sitenote_category":0,"_jetpack_memberships_contains_paid_content":false,"footnotes":"","jetpack_publicize_message":"","jetpack_publicize_feature_enabled":true,"jetpack_social_post_already_shared":false,"jetpack_social_options":{"image_generator_settings":{"template":"highway","enabled":false},"version":2}},"categories":[1],"tags":[],"class_list":["post-3800","post","type-post","status-publish","format-standard","has-post-thumbnail","hentry","category-archivo"],"jetpack_publicize_connections":[],"aioseo_notices":[],"jetpack_featured_media_url":"https:\/\/samanoticiasdurango.com\/wp-content\/uploads\/2022\/12\/El-Contralor-10-de-diciembre-2022_page-0001.jpg","featured_image_urls":{"full":["https:\/\/samanoticiasdurango.com\/wp-content\/uploads\/2022\/12\/El-Contralor-10-de-diciembre-2022_page-0001.jpg",1649,1649,false],"thumbnail":["https:\/\/samanoticiasdurango.com\/wp-content\/uploads\/2022\/12\/El-Contralor-10-de-diciembre-2022_page-0001-150x150.jpg",150,150,true],"medium":["https:\/\/samanoticiasdurango.com\/wp-content\/uploads\/2022\/12\/El-Contralor-10-de-diciembre-2022_page-0001-300x300.jpg",300,300,true],"medium_large":["https:\/\/samanoticiasdurango.com\/wp-content\/uploads\/2022\/12\/El-Contralor-10-de-diciembre-2022_page-0001-768x768.jpg",640,640,true],"large":["https:\/\/samanoticiasdurango.com\/wp-content\/uploads\/2022\/12\/El-Contralor-10-de-diciembre-2022_page-0001-1024x1024.jpg",640,640,true],"1536x1536":["https:\/\/samanoticiasdurango.com\/wp-content\/uploads\/2022\/12\/El-Contralor-10-de-diciembre-2022_page-0001-1536x1536.jpg",1536,1536,true],"2048x2048":["https:\/\/samanoticiasdurango.com\/wp-content\/uploads\/2022\/12\/El-Contralor-10-de-diciembre-2022_page-0001.jpg",1649,1649,false],"chromenews-featured":["https:\/\/samanoticiasdurango.com\/wp-content\/uploads\/2022\/12\/El-Contralor-10-de-diciembre-2022_page-0001-1024x1024.jpg",1024,1024,true],"chromenews-large":["https:\/\/samanoticiasdurango.com\/wp-content\/uploads\/2022\/12\/El-Contralor-10-de-diciembre-2022_page-0001-825x575.jpg",825,575,true],"chromenews-medium":["https:\/\/samanoticiasdurango.com\/wp-content\/uploads\/2022\/12\/El-Contralor-10-de-diciembre-2022_page-0001-590x410.jpg",590,410,true]},"author_info":{"display_name":"Redacci\u00f3n","author_link":"https:\/\/samanoticiasdurango.com\/index.php\/author\/jjsama13gmail-com\/"},"category_info":"<a href=\"https:\/\/samanoticiasdurango.com\/index.php\/category\/archivo\/\" rel=\"category tag\">DURANGO<\/a>","tag_info":"DURANGO","comment_count":"0","jetpack_sharing_enabled":true,"_links":{"self":[{"href":"https:\/\/samanoticiasdurango.com\/index.php\/wp-json\/wp\/v2\/posts\/3800","targetHints":{"allow":["GET"]}}],"collection":[{"href":"https:\/\/samanoticiasdurango.com\/index.php\/wp-json\/wp\/v2\/posts"}],"about":[{"href":"https:\/\/samanoticiasdurango.com\/index.php\/wp-json\/wp\/v2\/types\/post"}],"author":[{"embeddable":true,"href":"https:\/\/samanoticiasdurango.com\/index.php\/wp-json\/wp\/v2\/users\/1"}],"replies":[{"embeddable":true,"href":"https:\/\/samanoticiasdurango.com\/index.php\/wp-json\/wp\/v2\/comments?post=3800"}],"version-history":[{"count":1,"href":"https:\/\/samanoticiasdurango.com\/index.php\/wp-json\/wp\/v2\/posts\/3800\/revisions"}],"predecessor-version":[{"id":3802,"href":"https:\/\/samanoticiasdurango.com\/index.php\/wp-json\/wp\/v2\/posts\/3800\/revisions\/3802"}],"wp:featuredmedia":[{"embeddable":true,"href":"https:\/\/samanoticiasdurango.com\/index.php\/wp-json\/wp\/v2\/media\/3801"}],"wp:attachment":[{"href":"https:\/\/samanoticiasdurango.com\/index.php\/wp-json\/wp\/v2\/media?parent=3800"}],"wp:term":[{"taxonomy":"category","embeddable":true,"href":"https:\/\/samanoticiasdurango.com\/index.php\/wp-json\/wp\/v2\/categories?post=3800"},{"taxonomy":"post_tag","embeddable":true,"href":"https:\/\/samanoticiasdurango.com\/index.php\/wp-json\/wp\/v2\/tags?post=3800"}],"curies":[{"name":"wp","href":"https:\/\/api.w.org\/{rel}","templated":true}]}}