{"id":3821,"date":"2022-12-14T03:39:43","date_gmt":"2022-12-14T03:39:43","guid":{"rendered":"http:\/\/samanoticiasdurango.com\/?p=3821"},"modified":"2022-12-14T03:43:42","modified_gmt":"2022-12-14T03:43:42","slug":"cantata-mas-cerca-se-realizara-el-22-de-diciembre-en-el-auditorio-del-pueblo","status":"publish","type":"post","link":"https:\/\/samanoticiasdurango.com\/index.php\/2022\/12\/14\/cantata-mas-cerca-se-realizara-el-22-de-diciembre-en-el-auditorio-del-pueblo\/","title":{"rendered":"Cantata \u201cM\u00e1s Cerca\u201d, se realizar\u00e1 el 22 de diciembre en el Auditorio del Pueblo"},"content":{"rendered":"\n<p>En colaboraci\u00f3n con el DIF Estatal y el Gobierno del Estado, con instituciones y empresarios, este pr\u00f3ximo 22 de noviembre se llevar\u00e1 a cabo el concierto navide\u00f1o \u201cM\u00e1s Cerca\u201d, con la participaci\u00f3n de 180 artistas, donde todo lo recaudado ser\u00e1 destinado para las ni\u00f1as y ni\u00f1os de Casa Hogar.<\/p>\n\n\n\n<p>As\u00ed lo dio a conocer Leonardo Lombar, presidente de Misi\u00f3n Esperanza Pro Familia y Productor General de \u201cAdorArte Sinf\u00f3nico Durango\u201d, quien reconoci\u00f3 la sensibilidad de la presidenta del DIF, Marisol Rosso Rivera y del gobernador Esteban Villegas Villarreal, para ser parte de este magno concierto que ser\u00e1 en beneficio de los m\u00e1s vulnerables.<\/p>\n\n\n\n<p>Se trata de un proyecto que naci\u00f3 desde 2014 que ha tenido como escenarios el Museo Francisco Villa, el Auditorio del Pueblo y el Teatro Ricardo Castro, el cual ha reunido a casi dos mil asistentes en una sola noche, pero que, a las circunstancias de salud, no se hab\u00eda realizado, pero ahora, nuevamente en conjunto con el Gobierno del Estado se llevar\u00e1 a cabo, puntualiz\u00f3.<\/p>\n\n\n\n<p>La coordinadora de Casa Hogar, Alma Yadira Contreras Hern\u00e1ndez en representaci\u00f3n Marisol Rosso de Villegas, reiter\u00f3 la invitaci\u00f3n a las familias duranguenses para disfrutar de estar gran cantanta, un concierto de villancicos con una gran orquesta con ensamble de jazz, solistas y coro de m\u00e1s de 120 personas; record\u00f3 que todo lo recaudado en taquillas ser\u00e1 destinado para beneficio de los menores que actualmente son 97 menores con edades desde pocos meses de vida hasta los 12 a\u00f1os.<\/p>\n\n\n\n<p>Agreg\u00f3 que la presidenta del DIF Estatal, ya tiene contemplados programas para el siguiente a\u00f1o para Casa Hogar y se han valorado las necesidades primordiales de las ni\u00f1as y ni\u00f1os, por lo que agradeci\u00f3 la colaboraci\u00f3n de todos los participantes para que se realice este concierto que adem\u00e1s de fomentar los valores, permitir\u00e1 alegrar los corazones de los peque\u00f1os protegidos por este Sistema.<\/p>\n\n\n\n<p>Los costos de los boletos ser\u00e1n muy accesibles, la zona general 80 pesos, platea 100 y preferente de 120 pesos; los puntos de venta son la taquilla del teatro Ricardo Castro, Gorditas Gabino y la joyer\u00eda \u201cEl Tiempo en su Mano\u201d, ubicada de Soriana Centro.<\/p>\n\n\n\n<p>En la organizaci\u00f3n del magno evento tambi\u00e9n se contar\u00e1 con el esfuerzo conjunto de Francisco Arroyo, director de Bellas Artes UJED, Andrea L\u00f3pez, productora Ejecutiva del Concierto Navide\u00f1o, Lilia Ayala, directora de Planeaci\u00f3n del ICED en representaci\u00f3n de Francisco Javier P\u00e9rez Meza, director del Instituto de Cultura del Estado de Durango, quienes en coordinaci\u00f3n con las instituciones y empresas locales, presentar\u00e1n este tour navide\u00f1o que recorrer\u00e1 Chihuahua, Monterrey y concluir\u00e1 el pr\u00f3ximo 22 del presente en el Auditorio del Pueblo en dos funciones, 18:00 y 20:00 horas.<\/p>\n","protected":false},"excerpt":{"rendered":"<p>En colaboraci\u00f3n con el DIF Estatal y el Gobierno del Estado, con instituciones y empresarios,<\/p>\n","protected":false},"author":1,"featured_media":3822,"comment_status":"open","ping_status":"open","sticky":false,"template":"","format":"standard","meta":{"om_disable_all_campaigns":false,"_monsterinsights_skip_tracking":false,"_monsterinsights_sitenote_active":false,"_monsterinsights_sitenote_note":"","_monsterinsights_sitenote_category":0,"_jetpack_memberships_contains_paid_content":false,"footnotes":"","jetpack_publicize_message":"","jetpack_publicize_feature_enabled":true,"jetpack_social_post_already_shared":false,"jetpack_social_options":{"image_generator_settings":{"template":"highway","enabled":false},"version":2}},"categories":[1],"tags":[],"class_list":["post-3821","post","type-post","status-publish","format-standard","has-post-thumbnail","hentry","category-archivo"],"jetpack_publicize_connections":[],"aioseo_notices":[],"jetpack_featured_media_url":"https:\/\/samanoticiasdurango.com\/wp-content\/uploads\/2022\/12\/CANTATA.jpg","featured_image_urls":{"full":["https:\/\/samanoticiasdurango.com\/wp-content\/uploads\/2022\/12\/CANTATA.jpg",1600,900,false],"thumbnail":["https:\/\/samanoticiasdurango.com\/wp-content\/uploads\/2022\/12\/CANTATA-150x150.jpg",150,150,true],"medium":["https:\/\/samanoticiasdurango.com\/wp-content\/uploads\/2022\/12\/CANTATA-300x169.jpg",300,169,true],"medium_large":["https:\/\/samanoticiasdurango.com\/wp-content\/uploads\/2022\/12\/CANTATA-768x432.jpg",640,360,true],"large":["https:\/\/samanoticiasdurango.com\/wp-content\/uploads\/2022\/12\/CANTATA-1024x576.jpg",640,360,true],"1536x1536":["https:\/\/samanoticiasdurango.com\/wp-content\/uploads\/2022\/12\/CANTATA-1536x864.jpg",1536,864,true],"2048x2048":["https:\/\/samanoticiasdurango.com\/wp-content\/uploads\/2022\/12\/CANTATA.jpg",1600,900,false],"chromenews-featured":["https:\/\/samanoticiasdurango.com\/wp-content\/uploads\/2022\/12\/CANTATA-1024x576.jpg",1024,576,true],"chromenews-large":["https:\/\/samanoticiasdurango.com\/wp-content\/uploads\/2022\/12\/CANTATA-825x575.jpg",825,575,true],"chromenews-medium":["https:\/\/samanoticiasdurango.com\/wp-content\/uploads\/2022\/12\/CANTATA-590x410.jpg",590,410,true]},"author_info":{"display_name":"Redacci\u00f3n","author_link":"https:\/\/samanoticiasdurango.com\/index.php\/author\/jjsama13gmail-com\/"},"category_info":"<a href=\"https:\/\/samanoticiasdurango.com\/index.php\/category\/archivo\/\" rel=\"category tag\">DURANGO<\/a>","tag_info":"DURANGO","comment_count":"0","jetpack_sharing_enabled":true,"_links":{"self":[{"href":"https:\/\/samanoticiasdurango.com\/index.php\/wp-json\/wp\/v2\/posts\/3821","targetHints":{"allow":["GET"]}}],"collection":[{"href":"https:\/\/samanoticiasdurango.com\/index.php\/wp-json\/wp\/v2\/posts"}],"about":[{"href":"https:\/\/samanoticiasdurango.com\/index.php\/wp-json\/wp\/v2\/types\/post"}],"author":[{"embeddable":true,"href":"https:\/\/samanoticiasdurango.com\/index.php\/wp-json\/wp\/v2\/users\/1"}],"replies":[{"embeddable":true,"href":"https:\/\/samanoticiasdurango.com\/index.php\/wp-json\/wp\/v2\/comments?post=3821"}],"version-history":[{"count":1,"href":"https:\/\/samanoticiasdurango.com\/index.php\/wp-json\/wp\/v2\/posts\/3821\/revisions"}],"predecessor-version":[{"id":3823,"href":"https:\/\/samanoticiasdurango.com\/index.php\/wp-json\/wp\/v2\/posts\/3821\/revisions\/3823"}],"wp:featuredmedia":[{"embeddable":true,"href":"https:\/\/samanoticiasdurango.com\/index.php\/wp-json\/wp\/v2\/media\/3822"}],"wp:attachment":[{"href":"https:\/\/samanoticiasdurango.com\/index.php\/wp-json\/wp\/v2\/media?parent=3821"}],"wp:term":[{"taxonomy":"category","embeddable":true,"href":"https:\/\/samanoticiasdurango.com\/index.php\/wp-json\/wp\/v2\/categories?post=3821"},{"taxonomy":"post_tag","embeddable":true,"href":"https:\/\/samanoticiasdurango.com\/index.php\/wp-json\/wp\/v2\/tags?post=3821"}],"curies":[{"name":"wp","href":"https:\/\/api.w.org\/{rel}","templated":true}]}}