{"id":3895,"date":"2022-12-19T02:36:16","date_gmt":"2022-12-19T02:36:16","guid":{"rendered":"http:\/\/samanoticiasdurango.com\/?p=3895"},"modified":"2022-12-19T02:36:17","modified_gmt":"2022-12-19T02:36:17","slug":"este-lunes-inician-las-vacaciones-de-invierno-en-escuelas-publicas-y-privadas","status":"publish","type":"post","link":"https:\/\/samanoticiasdurango.com\/index.php\/2022\/12\/19\/este-lunes-inician-las-vacaciones-de-invierno-en-escuelas-publicas-y-privadas\/","title":{"rendered":"Este lunes inician las vacaciones de invierno en escuelas p\u00fablicas y privadas"},"content":{"rendered":"\n<p>La&nbsp;<strong>Secretar\u00eda de Educaci\u00f3n P\u00fablica<\/strong>&nbsp;(<strong>SEP<\/strong>) inform\u00f3 que a partir de este lunes 19 de diciembre, m\u00e1s de 24 millones de estudiantes y 1.9 millones de&nbsp;<strong>trabajadores<\/strong>&nbsp;de la&nbsp;<strong>educaci\u00f3n<\/strong>&nbsp;en las 232 mil escuelas p\u00fablicas y privadas de&nbsp;<strong>Educaci\u00f3n B\u00e1sica<\/strong>&nbsp;inician&nbsp;<strong>periodo de vacaciones de invierno<\/strong>, en las 32 entidades del pa\u00eds.<\/p>\n\n\n\n<p>El&nbsp;<strong>Calendario Escolar 2022-2023<\/strong>&nbsp;establece 10 d\u00edas de descanso que van del 19 al 23, y del 26 al 30 de diciembre de 2022, as\u00ed como cinco d\u00edas adicionales del 2 al 6 de enero de 2023, por la implementaci\u00f3n del&nbsp;<strong>Taller Intensivo de Formaci\u00f3n Continua para Docentes sobre los Nuevos Planes y Programas de Estudio<\/strong>&nbsp;para la&nbsp;<strong>Educaci\u00f3n B\u00e1sica<\/strong>.<\/p>\n","protected":false},"excerpt":{"rendered":"<p>La&nbsp;Secretar\u00eda de Educaci\u00f3n P\u00fablica&nbsp;(SEP) inform\u00f3 que a partir de este lunes 19 de diciembre, m\u00e1s<\/p>\n","protected":false},"author":1,"featured_media":3896,"comment_status":"open","ping_status":"open","sticky":false,"template":"","format":"standard","meta":{"om_disable_all_campaigns":false,"_monsterinsights_skip_tracking":false,"_monsterinsights_sitenote_active":false,"_monsterinsights_sitenote_note":"","_monsterinsights_sitenote_category":0,"_jetpack_memberships_contains_paid_content":false,"footnotes":"","jetpack_publicize_message":"","jetpack_publicize_feature_enabled":true,"jetpack_social_post_already_shared":false,"jetpack_social_options":{"image_generator_settings":{"template":"highway","enabled":false},"version":2}},"categories":[5],"tags":[],"class_list":["post-3895","post","type-post","status-publish","format-standard","has-post-thumbnail","hentry","category-nacional"],"jetpack_publicize_connections":[],"aioseo_notices":[],"jetpack_featured_media_url":"https:\/\/samanoticiasdurango.com\/wp-content\/uploads\/2022\/12\/AULA.jpg","featured_image_urls":{"full":["https:\/\/samanoticiasdurango.com\/wp-content\/uploads\/2022\/12\/AULA.jpg",1600,900,false],"thumbnail":["https:\/\/samanoticiasdurango.com\/wp-content\/uploads\/2022\/12\/AULA-150x150.jpg",150,150,true],"medium":["https:\/\/samanoticiasdurango.com\/wp-content\/uploads\/2022\/12\/AULA-300x169.jpg",300,169,true],"medium_large":["https:\/\/samanoticiasdurango.com\/wp-content\/uploads\/2022\/12\/AULA-768x432.jpg",640,360,true],"large":["https:\/\/samanoticiasdurango.com\/wp-content\/uploads\/2022\/12\/AULA-1024x576.jpg",640,360,true],"1536x1536":["https:\/\/samanoticiasdurango.com\/wp-content\/uploads\/2022\/12\/AULA-1536x864.jpg",1536,864,true],"2048x2048":["https:\/\/samanoticiasdurango.com\/wp-content\/uploads\/2022\/12\/AULA.jpg",1600,900,false],"chromenews-featured":["https:\/\/samanoticiasdurango.com\/wp-content\/uploads\/2022\/12\/AULA-1024x576.jpg",1024,576,true],"chromenews-large":["https:\/\/samanoticiasdurango.com\/wp-content\/uploads\/2022\/12\/AULA-825x575.jpg",825,575,true],"chromenews-medium":["https:\/\/samanoticiasdurango.com\/wp-content\/uploads\/2022\/12\/AULA-590x410.jpg",590,410,true]},"author_info":{"display_name":"Redacci\u00f3n","author_link":"https:\/\/samanoticiasdurango.com\/index.php\/author\/jjsama13gmail-com\/"},"category_info":"<a href=\"https:\/\/samanoticiasdurango.com\/index.php\/category\/nacional\/\" rel=\"category tag\">NACIONAL<\/a>","tag_info":"NACIONAL","comment_count":"0","jetpack_sharing_enabled":true,"_links":{"self":[{"href":"https:\/\/samanoticiasdurango.com\/index.php\/wp-json\/wp\/v2\/posts\/3895","targetHints":{"allow":["GET"]}}],"collection":[{"href":"https:\/\/samanoticiasdurango.com\/index.php\/wp-json\/wp\/v2\/posts"}],"about":[{"href":"https:\/\/samanoticiasdurango.com\/index.php\/wp-json\/wp\/v2\/types\/post"}],"author":[{"embeddable":true,"href":"https:\/\/samanoticiasdurango.com\/index.php\/wp-json\/wp\/v2\/users\/1"}],"replies":[{"embeddable":true,"href":"https:\/\/samanoticiasdurango.com\/index.php\/wp-json\/wp\/v2\/comments?post=3895"}],"version-history":[{"count":1,"href":"https:\/\/samanoticiasdurango.com\/index.php\/wp-json\/wp\/v2\/posts\/3895\/revisions"}],"predecessor-version":[{"id":3897,"href":"https:\/\/samanoticiasdurango.com\/index.php\/wp-json\/wp\/v2\/posts\/3895\/revisions\/3897"}],"wp:featuredmedia":[{"embeddable":true,"href":"https:\/\/samanoticiasdurango.com\/index.php\/wp-json\/wp\/v2\/media\/3896"}],"wp:attachment":[{"href":"https:\/\/samanoticiasdurango.com\/index.php\/wp-json\/wp\/v2\/media?parent=3895"}],"wp:term":[{"taxonomy":"category","embeddable":true,"href":"https:\/\/samanoticiasdurango.com\/index.php\/wp-json\/wp\/v2\/categories?post=3895"},{"taxonomy":"post_tag","embeddable":true,"href":"https:\/\/samanoticiasdurango.com\/index.php\/wp-json\/wp\/v2\/tags?post=3895"}],"curies":[{"name":"wp","href":"https:\/\/api.w.org\/{rel}","templated":true}]}}