{"id":3902,"date":"2022-12-20T14:58:26","date_gmt":"2022-12-20T14:58:26","guid":{"rendered":"http:\/\/samanoticiasdurango.com\/?p=3902"},"modified":"2022-12-20T15:32:32","modified_gmt":"2022-12-20T15:32:32","slug":"colaboracion-cielo-y-tierra-por-luis-farias-mackey","status":"publish","type":"post","link":"https:\/\/samanoticiasdurango.com\/index.php\/2022\/12\/20\/colaboracion-cielo-y-tierra-por-luis-farias-mackey\/","title":{"rendered":"#Colaboraci\u00f3n Cielo y tierra Por Luis Farias Mackey"},"content":{"rendered":"\n<p>Me pregunto porque L\u00f3pez Obrador no habla en sus concentraciones desde el Balc\u00f3n Central de Palacio Nacional. En lugar de ello, monta su templete placero y convierte lo que debiera ser un acto protocolario \u2014Informes Trimestrales\u2014 en un mitin religioso.<\/p>\n\n\n\n<p>Por qu\u00e9 no acude al Congreso a rendir su informe, el constitucional; por qu\u00e9 ni siquiera recibe a los l\u00edderes de otras fracciones parlamentarias ni a un diputado de oposici\u00f3n en lo individual.<\/p>\n\n\n\n<p>Luego recuerdo que en su situaci\u00f3n no debemos buscar razones ni explicaciones, ya que lo suyo no es propio de alguien racional. Su desmesura no admite porqu\u00e9s.<\/p>\n\n\n\n<p>Pero, si bien no podemos explicarnos ni hallar raz\u00f3n en sus procederes, s\u00ed nos es dable intentar al menos leer qu\u00e9 nos dicen sus actos.<\/p>\n\n\n\n<p>Para \u00e9l, el Z\u00f3calo es un espacio del pueblo. Y si bien le encanta vivir, placearse y \u201cpalacearse\u201d dentro de su Palacio, no puede admitir que el pueblo sea algo diverso a \u00e9l. Es presidente y se asume como tal en el absolutismo de su poder omn\u00edmodo, pero al mismo tiempo quiere ser el pueblo y su expresi\u00f3n personificada y \u00fanica. La posibilidad de un Z\u00f3calo lleno y \u00e9l en su Palacio s\u00f3lo puede mentarlo como una peligrosa disociaci\u00f3n, donde \u00e9l ya no es el pueblo y aqu\u00e9l puede tener vida propia, diversa y plural. Por eso, aunque el acarreo sea organizado por \u00e9l y en su favor, se desdobla entre ser presidente y ser, a la vez, l\u00edder y expresi\u00f3n aut\u00e9ntica, \u00fanica y exclusiva del pueblo, y entonces se baja de su Palacio, se sube a su templete y desde \u00e9l habla como presidente que recibe el apoyo popular y como el pueblo que se lo otorga. En otras palabras, hasta las alabanzas a su persona le deben de ser exclusivas. Por eso podemos entender, que no explicar, que el atentado a Ciro no pueda ser para \u00e9l m\u00e1s que algo o armado en su personal contra, o en su directo beneficio.<\/p>\n\n\n\n<p>El caso lo tiene muy bien estudiado Pep\u00e9 Newman: L\u00f3pez Obrador defiende la democracia para acabar con ella. No cree en la democracia representativa, por eso no va al Congreso ni habla con m\u00e1s diputados y senadores que los suyos y no todos: preg\u00fantenle a Monreal. Ser\u00eda reconocerles representaci\u00f3n pol\u00edtica ciudadana y aqu\u00ed s\u00f3lo \u00e9l representa al pueblo. De all\u00ed que les cuelgue todo tipo de representaciones no pol\u00edticas ciudadanas a sus adversarios: representan a los conservadores, a los corruptos, a los traidores, aunque tengan la misma legitimidad democr\u00e1tica que sus diputados y senadores. Y a aqu\u00e9llos los degrada a focas amaestradas a aprobar lo que sea, como sea, cuando sea y sin quitarle ni una coma. Los malabares y machicuepas de sus legisladores rayan en la m\u00e1s bajuna e ignominiosa abyecci\u00f3n m\u00edstica. Especial menci\u00f3n merece la Florero S\u00e1nchez Cordero que de ministra de la Corte pas\u00f3 a golpista de la Constituci\u00f3n sin hacer gestos y callada como momia.<\/p>\n\n\n\n<p>Pero si no hay m\u00e1s democracia representativa m\u00e1s que la de \u00e9l, s\u00ed debe haber democracia participativa, disfrazada de consultas populares patito, lastimosas y ofensivas, que \u00a1obvio! s\u00f3lo \u00e9l puede organizar y convalidar. \u00bfPara que necesitamos al INE y el TEPJF, si lo tenemos a \u00e9l, garante del orden celestial en el universo?<\/p>\n\n\n\n<p>Lo mismo pasa con el Poder Judicial, a quien ataca porque \u00e9l defiende la justicia por sobre la ley. \u00bfY cu\u00e1ndo y c\u00f3mo saber cuando una est\u00e1 contra la otra? Cuando y como \u00e9l diga. As\u00ed, L\u00f3pez Obrador est\u00e1 contra la democracia defendi\u00e9ndola, supuestamente, y contra la ley en favor, tambi\u00e9n supuestamente, de la justicia. Y es a un tiempo pueblo y gobierno, Z\u00f3calo y Balc\u00f3n central.<\/p>\n\n\n\n<p>En ese tenor, cuando la democracia participativa se le sale de cauce y se desmanda en una marcha y concentraci\u00f3n en defensa del INE, la descalifica, porque no es suya, ni bajo su control, ni por \u00e9l encabezada, ni a su favor. Y entonces la denuncia, denost\u00e1, se victimiza y organiza y encabeza su propia marcha, adoraci\u00f3n y \u00e9xtasis; llega al Z\u00f3calo como una haza\u00f1a y conquista heroica y discursa desde \u00e9l por el pueblo en favor del presidente que es \u00e9l mismo que ha dejado vacante el balc\u00f3n central de Palacio. Todo ello hasta en tanto logre en su delirio ocupar simult\u00e1neamente la plancha capitalina y el balc\u00f3n presidencial, y, de all\u00ed, abarcar entonces ya el cielo y la tierra.<\/p>\n\n\n\n<p>\u00bfDesmesura? \u00bfQu\u00e9 m\u00e1s?<\/p>\n\n\n\n<p>Lo mismo pasa con el atentado a Ciro, o las masacres, o los ni\u00f1os con c\u00e1ncer, o los sismos y huracanes, o el Mundial del futbol, o la invasi\u00f3n a Ucrania: o son hechos a su favor; con lo cual confirma su destino sagrado y manifiesto, o son hechos en su personal contra y su m\u00edstica misi\u00f3n en el mundo, lo cual los confirma doblemente. S\u00ed, desmesura.<\/p>\n\n\n\n<p>#LFMOpinion<br>#Parreshia<br>#Desmesura<br>#Razon<\/p>\n","protected":false},"excerpt":{"rendered":"<p>Me pregunto porque L\u00f3pez Obrador no habla en sus concentraciones desde el Balc\u00f3n Central de<\/p>\n","protected":false},"author":1,"featured_media":3903,"comment_status":"open","ping_status":"open","sticky":false,"template":"","format":"standard","meta":{"om_disable_all_campaigns":false,"_monsterinsights_skip_tracking":false,"_monsterinsights_sitenote_active":false,"_monsterinsights_sitenote_note":"","_monsterinsights_sitenote_category":0,"_jetpack_memberships_contains_paid_content":false,"footnotes":"","jetpack_publicize_message":"","jetpack_publicize_feature_enabled":true,"jetpack_social_post_already_shared":false,"jetpack_social_options":{"image_generator_settings":{"template":"highway","enabled":false},"version":2}},"categories":[18],"tags":[],"class_list":["post-3902","post","type-post","status-publish","format-standard","has-post-thumbnail","hentry","category-colaboracion"],"jetpack_publicize_connections":[],"aioseo_notices":[],"jetpack_featured_media_url":"https:\/\/samanoticiasdurango.com\/wp-content\/uploads\/2022\/12\/cielo.jpg","featured_image_urls":{"full":["https:\/\/samanoticiasdurango.com\/wp-content\/uploads\/2022\/12\/cielo.jpg",1600,900,false],"thumbnail":["https:\/\/samanoticiasdurango.com\/wp-content\/uploads\/2022\/12\/cielo-150x150.jpg",150,150,true],"medium":["https:\/\/samanoticiasdurango.com\/wp-content\/uploads\/2022\/12\/cielo-300x169.jpg",300,169,true],"medium_large":["https:\/\/samanoticiasdurango.com\/wp-content\/uploads\/2022\/12\/cielo-768x432.jpg",640,360,true],"large":["https:\/\/samanoticiasdurango.com\/wp-content\/uploads\/2022\/12\/cielo-1024x576.jpg",640,360,true],"1536x1536":["https:\/\/samanoticiasdurango.com\/wp-content\/uploads\/2022\/12\/cielo-1536x864.jpg",1536,864,true],"2048x2048":["https:\/\/samanoticiasdurango.com\/wp-content\/uploads\/2022\/12\/cielo.jpg",1600,900,false],"chromenews-featured":["https:\/\/samanoticiasdurango.com\/wp-content\/uploads\/2022\/12\/cielo-1024x576.jpg",1024,576,true],"chromenews-large":["https:\/\/samanoticiasdurango.com\/wp-content\/uploads\/2022\/12\/cielo-825x575.jpg",825,575,true],"chromenews-medium":["https:\/\/samanoticiasdurango.com\/wp-content\/uploads\/2022\/12\/cielo-590x410.jpg",590,410,true]},"author_info":{"display_name":"Redacci\u00f3n","author_link":"https:\/\/samanoticiasdurango.com\/index.php\/author\/jjsama13gmail-com\/"},"category_info":"<a href=\"https:\/\/samanoticiasdurango.com\/index.php\/category\/colaboracion\/\" rel=\"category tag\">OPINION<\/a>","tag_info":"OPINION","comment_count":"0","jetpack_sharing_enabled":true,"_links":{"self":[{"href":"https:\/\/samanoticiasdurango.com\/index.php\/wp-json\/wp\/v2\/posts\/3902","targetHints":{"allow":["GET"]}}],"collection":[{"href":"https:\/\/samanoticiasdurango.com\/index.php\/wp-json\/wp\/v2\/posts"}],"about":[{"href":"https:\/\/samanoticiasdurango.com\/index.php\/wp-json\/wp\/v2\/types\/post"}],"author":[{"embeddable":true,"href":"https:\/\/samanoticiasdurango.com\/index.php\/wp-json\/wp\/v2\/users\/1"}],"replies":[{"embeddable":true,"href":"https:\/\/samanoticiasdurango.com\/index.php\/wp-json\/wp\/v2\/comments?post=3902"}],"version-history":[{"count":1,"href":"https:\/\/samanoticiasdurango.com\/index.php\/wp-json\/wp\/v2\/posts\/3902\/revisions"}],"predecessor-version":[{"id":3904,"href":"https:\/\/samanoticiasdurango.com\/index.php\/wp-json\/wp\/v2\/posts\/3902\/revisions\/3904"}],"wp:featuredmedia":[{"embeddable":true,"href":"https:\/\/samanoticiasdurango.com\/index.php\/wp-json\/wp\/v2\/media\/3903"}],"wp:attachment":[{"href":"https:\/\/samanoticiasdurango.com\/index.php\/wp-json\/wp\/v2\/media?parent=3902"}],"wp:term":[{"taxonomy":"category","embeddable":true,"href":"https:\/\/samanoticiasdurango.com\/index.php\/wp-json\/wp\/v2\/categories?post=3902"},{"taxonomy":"post_tag","embeddable":true,"href":"https:\/\/samanoticiasdurango.com\/index.php\/wp-json\/wp\/v2\/tags?post=3902"}],"curies":[{"name":"wp","href":"https:\/\/api.w.org\/{rel}","templated":true}]}}