{"id":3913,"date":"2022-12-22T14:39:02","date_gmt":"2022-12-22T14:39:02","guid":{"rendered":"http:\/\/samanoticiasdurango.com\/?p=3913"},"modified":"2022-12-22T20:58:33","modified_gmt":"2022-12-22T20:58:33","slug":"a-limpiar-durango-por-edgar-burciaga","status":"publish","type":"post","link":"https:\/\/samanoticiasdurango.com\/index.php\/2022\/12\/22\/a-limpiar-durango-por-edgar-burciaga\/","title":{"rendered":"A limpiar Durango Por Edgar Burciaga"},"content":{"rendered":"\n<p>Durango requiere de mejorar la administraci\u00f3n p\u00fablica y al cumplirse los cien d\u00edas del gobierno estatal los primeros cambios de funcionarios pueden darse despu\u00e9s de la evaluaci\u00f3n y an\u00e1lisis que se lleva a cabo, es tiempo de que el pasado quede atr\u00e1s, no m\u00e1s tr\u00e1calas ni negocios en lo oscurito para beneficio personal.<\/p>\n\n\n\n<p>La situaci\u00f3n provocada por una clase pol\u00edtica que ha vivido del erario p\u00fablico en las \u00faltimas d\u00e9cadas mina los resultados econ\u00f3micos, debilita las instituciones democr\u00e1ticas y el Estado de derecho, perturba el orden social y destruye la confianza p\u00fablica, y es que la sociedad duranguense ya no conf\u00eda de manera plena en sus autoridades debido al desfase del discurso y la actuaci\u00f3n de la anterior administraci\u00f3n, que provocaron la crisis financiera y el desorden en los sectores educativo, salud y obra p\u00fablica.<\/p>\n\n\n\n<p>En la \u00e9poca de Enrique Dupr\u00e9 Ceniceros, se dio la desaparici\u00f3n de poderes, y desde entonces no se hab\u00eda suscitado una situaci\u00f3n grave que pusiera en riesgo la convivencia social y la gobernanza, por lo que se hace necesaria m\u00e1s que nunca la conjunci\u00f3n de esfuerzos.<\/p>\n\n\n\n<p>Es momento de hacer un reencuentro con acciones que beneficien a los que m\u00e1s lo necesitan, que se desarrollen proyectos con el apoyo federal para impulsar la infraestructura productiva, no s\u00f3lo en la capital, sino en todas las regiones de la entidad, por lo que la eficiencia y la eficacia de la administraci\u00f3n p\u00fablica se han convertido en una prioridad para el gobierno.<\/p>\n\n\n\n<p>Es tiempo de que se deje de lado el divorcio entre sociedad y gobierno con el compromiso de avanzar con la participaci\u00f3n de todos los sectores, pero principalmente el pol\u00edtico, donde los partidos deben sacar a los personajes enquistados que s\u00f3lo provocan da\u00f1os, como en el caso de la Alianza, donde mientras en el PAN, algunos buscan la protecci\u00f3n de sus acciones en el anterior gobierno, en el PRI continuar\u00e1 la dirigencia nacional y eso repercutir\u00e1 a nivel local, mientras que en el PRD deber\u00e1 retomar las acciones para sumar militantes.<\/p>\n\n\n\n<p>Por eso hay que sumar, ya una diputada federal panista, que se ostenta como la principal asesora del alcalde capitalino ha destacado el acercamiento del Gobernador con el Presidente de la Rep\u00fablica, para fortalecer proyectos que denoten el desarrollo de la entidad, con gesti\u00f3n de recursos y la aplicaci\u00f3n de programas, con lo que atiende una sugerencia pol\u00edtica por el bien de Durango, y al mismo tiempo, reducir los ataques hacia el gobierno federal.<\/p>\n\n\n\n<p>Tambi\u00e9n, hay que hacer a un lado el futurismo pol\u00edtico, no es tiempo a\u00fan de pensar en puestos y posiciones para beneficio personal, el inter\u00e9s superior de Durango debe ser el objetivo principal no s\u00f3lo en este momento, sino que debe ser el eje que motive las acciones de gobierno a mediano y largo plazo.<\/p>\n","protected":false},"excerpt":{"rendered":"<p>Durango requiere de mejorar la administraci\u00f3n p\u00fablica y al cumplirse los cien d\u00edas del gobierno<\/p>\n","protected":false},"author":1,"featured_media":3915,"comment_status":"open","ping_status":"open","sticky":false,"template":"","format":"standard","meta":{"om_disable_all_campaigns":false,"_monsterinsights_skip_tracking":false,"_monsterinsights_sitenote_active":false,"_monsterinsights_sitenote_note":"","_monsterinsights_sitenote_category":0,"_jetpack_memberships_contains_paid_content":false,"footnotes":"","jetpack_publicize_message":"","jetpack_publicize_feature_enabled":true,"jetpack_social_post_already_shared":false,"jetpack_social_options":{"image_generator_settings":{"template":"highway","enabled":false},"version":2}},"categories":[18],"tags":[],"class_list":["post-3913","post","type-post","status-publish","format-standard","has-post-thumbnail","hentry","category-colaboracion"],"jetpack_publicize_connections":[],"aioseo_notices":[],"jetpack_featured_media_url":"https:\/\/samanoticiasdurango.com\/wp-content\/uploads\/2022\/12\/1600X900.00_00_03_00.Imagen-fija001.jpg","featured_image_urls":{"full":["https:\/\/samanoticiasdurango.com\/wp-content\/uploads\/2022\/12\/1600X900.00_00_03_00.Imagen-fija001.jpg",1600,900,false],"thumbnail":["https:\/\/samanoticiasdurango.com\/wp-content\/uploads\/2022\/12\/1600X900.00_00_03_00.Imagen-fija001-150x150.jpg",150,150,true],"medium":["https:\/\/samanoticiasdurango.com\/wp-content\/uploads\/2022\/12\/1600X900.00_00_03_00.Imagen-fija001-300x169.jpg",300,169,true],"medium_large":["https:\/\/samanoticiasdurango.com\/wp-content\/uploads\/2022\/12\/1600X900.00_00_03_00.Imagen-fija001-768x432.jpg",640,360,true],"large":["https:\/\/samanoticiasdurango.com\/wp-content\/uploads\/2022\/12\/1600X900.00_00_03_00.Imagen-fija001-1024x576.jpg",640,360,true],"1536x1536":["https:\/\/samanoticiasdurango.com\/wp-content\/uploads\/2022\/12\/1600X900.00_00_03_00.Imagen-fija001-1536x864.jpg",1536,864,true],"2048x2048":["https:\/\/samanoticiasdurango.com\/wp-content\/uploads\/2022\/12\/1600X900.00_00_03_00.Imagen-fija001.jpg",1600,900,false],"chromenews-featured":["https:\/\/samanoticiasdurango.com\/wp-content\/uploads\/2022\/12\/1600X900.00_00_03_00.Imagen-fija001-1024x576.jpg",1024,576,true],"chromenews-large":["https:\/\/samanoticiasdurango.com\/wp-content\/uploads\/2022\/12\/1600X900.00_00_03_00.Imagen-fija001-825x575.jpg",825,575,true],"chromenews-medium":["https:\/\/samanoticiasdurango.com\/wp-content\/uploads\/2022\/12\/1600X900.00_00_03_00.Imagen-fija001-590x410.jpg",590,410,true]},"author_info":{"display_name":"Redacci\u00f3n","author_link":"https:\/\/samanoticiasdurango.com\/index.php\/author\/jjsama13gmail-com\/"},"category_info":"<a href=\"https:\/\/samanoticiasdurango.com\/index.php\/category\/colaboracion\/\" rel=\"category tag\">OPINION<\/a>","tag_info":"OPINION","comment_count":"0","jetpack_sharing_enabled":true,"_links":{"self":[{"href":"https:\/\/samanoticiasdurango.com\/index.php\/wp-json\/wp\/v2\/posts\/3913","targetHints":{"allow":["GET"]}}],"collection":[{"href":"https:\/\/samanoticiasdurango.com\/index.php\/wp-json\/wp\/v2\/posts"}],"about":[{"href":"https:\/\/samanoticiasdurango.com\/index.php\/wp-json\/wp\/v2\/types\/post"}],"author":[{"embeddable":true,"href":"https:\/\/samanoticiasdurango.com\/index.php\/wp-json\/wp\/v2\/users\/1"}],"replies":[{"embeddable":true,"href":"https:\/\/samanoticiasdurango.com\/index.php\/wp-json\/wp\/v2\/comments?post=3913"}],"version-history":[{"count":1,"href":"https:\/\/samanoticiasdurango.com\/index.php\/wp-json\/wp\/v2\/posts\/3913\/revisions"}],"predecessor-version":[{"id":3916,"href":"https:\/\/samanoticiasdurango.com\/index.php\/wp-json\/wp\/v2\/posts\/3913\/revisions\/3916"}],"wp:featuredmedia":[{"embeddable":true,"href":"https:\/\/samanoticiasdurango.com\/index.php\/wp-json\/wp\/v2\/media\/3915"}],"wp:attachment":[{"href":"https:\/\/samanoticiasdurango.com\/index.php\/wp-json\/wp\/v2\/media?parent=3913"}],"wp:term":[{"taxonomy":"category","embeddable":true,"href":"https:\/\/samanoticiasdurango.com\/index.php\/wp-json\/wp\/v2\/categories?post=3913"},{"taxonomy":"post_tag","embeddable":true,"href":"https:\/\/samanoticiasdurango.com\/index.php\/wp-json\/wp\/v2\/tags?post=3913"}],"curies":[{"name":"wp","href":"https:\/\/api.w.org\/{rel}","templated":true}]}}