{"id":3920,"date":"2022-12-23T14:16:39","date_gmt":"2022-12-23T14:16:39","guid":{"rendered":"http:\/\/samanoticiasdurango.com\/?p=3920"},"modified":"2022-12-23T14:18:01","modified_gmt":"2022-12-23T14:18:01","slug":"colaboracion-politico-por-luis-farias-mackey","status":"publish","type":"post","link":"https:\/\/samanoticiasdurango.com\/index.php\/2022\/12\/23\/colaboracion-politico-por-luis-farias-mackey\/","title":{"rendered":"#Colaboraci\u00f3n || Pol\u00edtico Por\u00a0<a href=\"https:\/\/lfmopinion.com\/4288\/Pol%C3%ADtico#\">Luis Farias Mackey<\/a>"},"content":{"rendered":"\n<p>Hace a\u00f1os, en alg\u00fan litigio electoral, mis interlocutores se llamaron \u201cpol\u00edticos profesionales\u201d; yo acud\u00eda a la reuni\u00f3n como abogado postulante, pero su autocalificativo me incomod\u00f3. Mucho antes, hab\u00edan surgido los \u201capol\u00edticos\u201d, convertidos luego en \u201cciudadanizados\u201d, una especie de seres angelicales, metaf\u00edsicos, m\u00e1s all\u00e1 del bien y del mal, ajenos a las tentaciones humanas, refractarios al poder, propios de un mesianismo democr\u00e1tico que se vendi\u00f3 entonces como cualquier patra\u00f1a ma\u00f1anera de hoy en d\u00eda.<\/p>\n\n\n\n<p>En ambos casos algo me incomodaba: el abuso, apropiaci\u00f3n y prostituci\u00f3n de \u201clo pol\u00edtico\u201d. Ambas posturas estaban en el coraz\u00f3n de la crisis de la pol\u00edtica, de los pol\u00edticos y de los partidos que nos tiene donde hoy estamos. Crisis en gran parte provocada por quienes se ostentan como pol\u00edticos, profesionales o aficionados, en la escala de los primeros citados, pero, tambi\u00e9n \u2014y en proporci\u00f3n significativa\u2014, de quienes estructuraron una cr\u00edtica sist\u00e9mica contra \u201clo pol\u00edtico\u201d con fines particulares, interesados, excluyentes y acotados.<\/p>\n\n\n\n<p>Me explico. Por supuesto que se estudia la ciencia pol\u00edtica y se profesionaliza como empleo, facultad u oficio de alguien que ejerce a cambio de una retribuci\u00f3n. Pero s\u00e9 es licenciado, es decir, se cuenta con una licencia, para ejercer la ciencia pol\u00edtica, no la pol\u00edtica en s\u00ed. La pol\u00edtica no es una ciencia, menos un arte, aunque tenga mucho de virtuosismo. Ya veremos qu\u00e9 es. Decir que s\u00e9 es pol\u00edtico profesional es como decir que s\u00e9 es ciudadano profesional, hombre o mujer profesional, que se respira profesionalmente, que s\u00e9 es un pensante profesional. Porque lo pol\u00edtico es consustancial al hombre. Que se trabaje en \u00e1reas propias de lo pol\u00edtico no hace al profesional m\u00e1s o menos pol\u00edtico que cualquier otro ser humano. La m\u00e1s de las veces cuando se dice \u201cvamos a hacer pol\u00edtica\u201d se hace grilla, manipulaci\u00f3n, apariencia, enga\u00f1o, ma\u00f1a, negocio.<\/p>\n\n\n\n<p>Los dirigentes de los partidos, s\u00ed, trabajan en un \u00e1rea eminentemente pol\u00edtica, pero son igual de pol\u00edticos que sus militantes, simpatizantes y empleados. Un funcionario p\u00fablico puede o no trabajar en \u00e1reas pol\u00edticas, como Gobernaci\u00f3n o INE, o en \u00e1mbitos t\u00e9cnicos, como obras p\u00fablicas, salud, educaci\u00f3n, hacienda p\u00fablica; y tambi\u00e9n sociales: bienestar o guarder\u00edas. Todos desarrollan una funci\u00f3n de car\u00e1cter y consecuencias p\u00fablicos, dentro de una organizaci\u00f3n pol\u00edtica llamada Estado, pero ello no los hace pol\u00edticos profesionales ni superiores al m\u00e1s modesto ciudadano de la Rep\u00fablica. Y esto se comprueba en la casilla, all\u00ed se entra como ciudadano, sin importar clase, educaci\u00f3n, creencia, color, cargo, dinero o cualquier otra clasificaci\u00f3n. El propio presidente de casilla, cuando se pasa del otro lado de la mesa, lo hace en calidad de ciudadano y como tal vota y como tal vale y cuenta su sufragio.<\/p>\n\n\n\n<p>Las m\u00e1s de las veces quienes se llaman pol\u00edticos son expertos en el juego de poder, en el manejo de las organizaciones pol\u00edticas, en la conquista de espacios, en el control de castigos y est\u00edmulos, en manipulaciones y componendas. Las menos, son grandes negociadores y constructores de consensos.<\/p>\n\n\n\n<p>Hoy la pol\u00edtica es espect\u00e1culo, lo pol\u00edtico es ruido y la pol\u00edtica la nada.<\/p>\n\n\n\n<p>Veamos el otro extremo: los \u201capol\u00edticos\u201d ciudadanizados, en s\u00ed mismos una contradicci\u00f3n en sus t\u00e9rminos. Absurdos, ambos, que fueron comprados cual vellocinos de oro y salvaci\u00f3n nacional, cuando solo era una gran patra\u00f1a \u2014una m\u00e1s\u2014 para desbancar a los \u2014 tambi\u00e9n patra\u00f1a\u2014 \u201cpol\u00edticos profesionales\u201d. Qu\u00e9 mejor entonces que los apol\u00edticos salv\u00edficos y angelicales, seres sin tentaciones: \u201cmetahumanos\u201d que ni Plat\u00f3n pudo imaginar: Creel, Molinar, Ortiz Pinchetti, por mencionar solo algunos espec\u00edmenes que llegaron a proclamarse representantes exclusivos y aut\u00e9nticos de la ciudadan\u00eda. En el fondo se trataba de la conquista del \u2014entonces\u2014 IFE por los partidos pol\u00edticos y que termin\u00f3 en su rapto \u2014secuestro con violaci\u00f3n\u2014 por los \u201cdem\u00f3cratas profesionales\u201d, padres y depositarios de la democracia, que desde hace mucho impusieron en el seno de las autoridades electorales la Ley de Hierro de Mitchels. Es decir, su oligarqu\u00eda sobre la democracia, algo que ni Arist\u00f3teles pudo prever.<\/p>\n\n\n\n<p>Habr\u00e1 que dejar claro que lo anterior no se inscribe en los ataques lopezobradoristas para destruir al INE que, a pesar de sus contradicciones y excesos internos, ha cumplido como un \u00e1rbitro funcional y eficaz \u2014si bien no modesto, como visionaba Woldernberg\u00ac\u2014 y cuyos excesos oligarcas doblegaron al hoy INE en la guillotina de sus propias criaturas y consecuencias. M\u00e1s adelante explicitare este p\u00e1rrafo.<\/p>\n\n\n\n<p>Veamos: \u00bfse puede ser apol\u00edtico y ciudadano? \u00bfSe puede ser dem\u00f3crata y apol\u00edtico? Y, peor a\u00fan, en la postura que lleg\u00f3 a asumir Ortiz Pinchetti \u2014hoy desdorado florero en la Fiscal\u00eda de Delitos Electorales\u2014 al proclamarse, sin elecci\u00f3n de por medio, representante aut\u00e9ntico y \u00fanico de la ciudadan\u00eda. O de Creel, \u00a1Oh Dios, \u00a1qu\u00e9 hicimos para merecerlo!, de abrazar en la ignominia las cajas vac\u00edas de la elecci\u00f3n de AMLO en Tabasco y apoyarlo en una de sus tantas tomas&nbsp;<em>pay per view<\/em>&nbsp;del Z\u00f3calo, en su calidad de autoridad electoral y garante de la legalidad comicial, en tanto Consejero Ciudadano del IFE, desconociendo un proceso electoral en Tabasco y a sus autoridades (entonces el IFE \u2014hoy INE\u2014 no organizaba las elecciones estatales). Uno y otro, Creel y Ortiz Pinchetti, hac\u00edan pol\u00edtica \u2014de la m\u00e1s baja ralea, por cierto\u2014 ostent\u00e1ndose como \u201capol\u00edticos\u201d y sin m\u00e1s sentido que el hacerse ver en pos de una carrera de \u201cpol\u00edtico profesional\u201d que hoy est\u00e1 a los ojos de todos.<\/p>\n\n\n\n<p>Lo hac\u00edan, adem\u00e1s, calificando su apolitismo de ciudadanizado, una especie de ciudadan\u00eda superior. Por naturaleza todos somos desiguales, es la pol\u00edtica la que nos iguala para tratar las cosas que nos son comunes. Pues bien, los \u201capol\u00edticos\u201d, no s\u00f3lo hac\u00edan pol\u00edtica travestidos de seres angelicales, sino, adem\u00e1s, se vend\u00edan como ciudadanos ciudadanizados: superiores. Y en ello radic\u00f3 el mayor de sus pecados que, desde entonces, critique del IFE\u2014INE: si ya ten\u00edamos seres superiores, m\u00e1s all\u00e1 del bien y del mal, sin apetito de poder, \u201capol\u00edticos\u201d y \u201cciudadanizados\u201d, a cargo de las elecciones y de nuestra democracia, los dem\u00e1s ciudadanos ya no ten\u00edamos que temer ni, sobre todo, que actuar, bastaban y sobraban ellos para salvar y darnos una democracia por siempre. \u00bfQu\u00e9 result\u00f3? Una democracia sin demos. Un d\u00e9ficit de ciudadan\u00eda, una partidocracia oligop\u00f3lica, una autoridad electoral protag\u00f3nica, sobrada y escriturada a un grupo de iluminados, y, finalmente, la cereza en el pastel: el lopezobradorismo. L\u00f3pez Obrador es hijo de nuestra ausencia ciudadana, de nuestro denuesto por lo pol\u00edtico, de nuestra democracia de dirigentes y santones, de nuestra deserci\u00f3n por lo pol\u00edtico, por nuestra renuncia ciudadana.<\/p>\n\n\n\n<p>Entonces bien, \u00bfQu\u00e9 es ser pol\u00edtico? \u00bfQui\u00e9n es pol\u00edtico? \u00bfC\u00f3mo se hace pol\u00edtica? Pol\u00edtico no es quien vive de la pol\u00edtica, \u00e9stos, generalmente suelen ser los m\u00e1s antipol\u00edticos. \u00bfSi la ciudad tiene ciudadanos, qu\u00e9 ten\u00eda la Polis griega? Pol\u00edticos.<\/p>\n\n\n\n<p>Los seres humanos tenemos muchas facetas: biol\u00f3gica, familiar, fraternal, pensante, de creencias, de afici\u00f3n, de vocaci\u00f3n, de ocupaci\u00f3n, de necesidades, de cultura, de gustos y de amores. Entre tantas, tenemos una faceta pol\u00edtica. En las primeras vemos por nosotros en lo individual, por nuestras necesidades y apetitos personales y por nuestra familia; en la segunda vemos por la pluralidad de la comunidad donde nacimos o a donde finalmente migramos. No hay ciudadanos de tiempo completo; s\u00ed hay seres biol\u00f3gicos que si no respiran y comen se mueren; as\u00ed los humanos necesitamos respirar, comer, cubrirnos, ver por nuestra salud y familia. Pero, adem\u00e1s, en otra esfera del quehacer humano, los humanos tenemos que hacernos cargo, en alg\u00fan momento, de nuestra pluralidad, ya no de un yo y familia, sino de un nosotros y naci\u00f3n.<\/p>\n\n\n\n<p>Pol\u00edtico es, pues, todo ciudadano que, le guste o no, tiene que hacerse cargo del nosotros del que forma parte. \u00bfC\u00f3mo lo hace? Antes que nada, reconoci\u00e9ndose en algo superior a \u00e9l y diferente y diverso a \u00e9l. Reconociendo el espacio que media entre \u00e9l y aquellos que llama otros, reconoci\u00e9ndose en una pluralidad no nada m\u00e1s de seres, sino de posiciones y diferencias. Despu\u00e9s pensando. Quien piensa se hace presente en el mundo y cuestiona y se cuestiona por todo aquello que no le es conocido: se piensa y piensa, ya no solo como un yo, sino como un yo entre lo que le es diverso y diferente, frente a lo otro y al otro. Ese yo que piensa se manifiesta, se hace ver y se hace o\u00edr: discursa. El discurso implica que alguien m\u00e1s escuche: la pluralidad y, en \u00e9sta, el discurso se vuelve deliberaci\u00f3n. Finalmente, la deliberaci\u00f3n deriva en juicio: qu\u00e9 en la pluralidad va antes y qu\u00e9 despu\u00e9s, qu\u00e9 es mejor, qu\u00e9 procede. Finalmente, el juicio llama a la acci\u00f3n, puede ser una acci\u00f3n individual con fines colectivos, o bien una acci\u00f3n colectiva con objetivos igualmente colectivos, no se trata de las necesidades del hombre en lo individual, sino de las libertades propias de lo plural. Al final, la suma de todo esto otorga un sentido y un valor a la vida en comunidad. Ese sentido y valor es eminentemente pol\u00edtico. Propio de todos, no solo de unos iniciados. Eso que hay hemos perdido en M\u00e9xico: el sentido y valor de nuestra vida en colectivo.<\/p>\n\n\n\n<p>Pol\u00edticos somos todos los que vivimos en una pluralidad, pol\u00edtico es el individuo de la Polis. Por eso tenemos que recuperar, rescatar, salvar lo pol\u00edtico de quienes se han apropiado de ello, de quienes se postulan como sus sumos sacerdotes, de quienes quieren decidir por todos e imponer como plurales sus visiones excluyentes y sesgadas. Salvar la pol\u00edtica de sus vividores y explotadores.<\/p>\n\n\n\n<p>Esto es a\u00fan m\u00e1s importante en una democracia representativa, que no es otra cosa m\u00e1s que la soluci\u00f3n a las grandes poblaciones imposibles de concitarse y procesarse en un \u00c1gora de cientos o miles de millones de gentes. Habr\u00e1 que partir que la representaci\u00f3n jur\u00eddica en tanto creaci\u00f3n humana precede por muchos siglos a la pol\u00edtica, pero su estructura es igual: un mandante encarga a un mandatario cierta tarea en su nombre y representaci\u00f3n, y de ello tiene que rendirle cuentas. Llevada la representaci\u00f3n a la pol\u00edtica, los representados mandatan con su voto a ciertos individuos para actuar en su nombre y representaci\u00f3n frente a otros representantes. Por ello en una democracia representativa lo m\u00e1s cercano a lo pol\u00edtico son los Congreso, porque, en principio, los legisladores act\u00faan como personas en lo individual, pero tambi\u00e9n a nombre y representaci\u00f3n de otros, para pensar, discursar, deliberar, juzgar, decidir y actuar.<\/p>\n\n\n\n<p>De all\u00ed que no pueda ser m\u00e1s antipol\u00edtico un legislador que en lugar de representar a sus electores, entregue hasta su dignidad a una persona o a un movimiento; porque lo suyo es actuar a nombre de otro y ver por su mandato dentro de una pluralidad de pareceres, deliberar, juzgar y llegar a una decisi\u00f3n mayoritariamente construida, no impuesta por ning\u00fan agente externo. No se trata de \u201cser leal\u201d al poder o a alguien, su representaci\u00f3n solo responde a sus representados. Pero es imposible que lo entiendan quienes nacieron para adorar y no para pensar: quienes niegan la pluralidad en lo pol\u00edtico y se niega a s\u00ed mismos en su dignidad y niegan lo pol\u00edtico.<\/p>\n\n\n\n<p>En fin, pol\u00edticos somos todos, nada m\u00e1s que hemos abdicado de la pol\u00edtica y dejado a ella a sus \u201cprofesionales\u201d, merolicos, impostores, vividores y publicistas.<\/p>\n\n\n\n<p>Y as\u00ed nos va.<\/p>\n\n\n\n<p>#LFMOpinion<br>#Parreshia<br>#Politico<br>#Prefesional<br>#Apoliticas<br>#Ciudadanizacion<br>#Politica<\/p>\n","protected":false},"excerpt":{"rendered":"<p>Hace a\u00f1os, en alg\u00fan litigio electoral, mis interlocutores se llamaron \u201cpol\u00edticos profesionales\u201d; yo acud\u00eda a<\/p>\n","protected":false},"author":1,"featured_media":3921,"comment_status":"open","ping_status":"open","sticky":false,"template":"","format":"standard","meta":{"om_disable_all_campaigns":false,"_monsterinsights_skip_tracking":false,"_monsterinsights_sitenote_active":false,"_monsterinsights_sitenote_note":"","_monsterinsights_sitenote_category":0,"_jetpack_memberships_contains_paid_content":false,"footnotes":"","jetpack_publicize_message":"","jetpack_publicize_feature_enabled":true,"jetpack_social_post_already_shared":false,"jetpack_social_options":{"image_generator_settings":{"template":"highway","enabled":false},"version":2}},"categories":[18],"tags":[],"class_list":["post-3920","post","type-post","status-publish","format-standard","has-post-thumbnail","hentry","category-colaboracion"],"jetpack_publicize_connections":[],"aioseo_notices":[],"jetpack_featured_media_url":"https:\/\/samanoticiasdurango.com\/wp-content\/uploads\/2022\/12\/1600X900.00_00_02_10.Imagen-fija002-1.jpg","featured_image_urls":{"full":["https:\/\/samanoticiasdurango.com\/wp-content\/uploads\/2022\/12\/1600X900.00_00_02_10.Imagen-fija002-1.jpg",1600,900,false],"thumbnail":["https:\/\/samanoticiasdurango.com\/wp-content\/uploads\/2022\/12\/1600X900.00_00_02_10.Imagen-fija002-1-150x150.jpg",150,150,true],"medium":["https:\/\/samanoticiasdurango.com\/wp-content\/uploads\/2022\/12\/1600X900.00_00_02_10.Imagen-fija002-1-300x169.jpg",300,169,true],"medium_large":["https:\/\/samanoticiasdurango.com\/wp-content\/uploads\/2022\/12\/1600X900.00_00_02_10.Imagen-fija002-1-768x432.jpg",640,360,true],"large":["https:\/\/samanoticiasdurango.com\/wp-content\/uploads\/2022\/12\/1600X900.00_00_02_10.Imagen-fija002-1-1024x576.jpg",640,360,true],"1536x1536":["https:\/\/samanoticiasdurango.com\/wp-content\/uploads\/2022\/12\/1600X900.00_00_02_10.Imagen-fija002-1-1536x864.jpg",1536,864,true],"2048x2048":["https:\/\/samanoticiasdurango.com\/wp-content\/uploads\/2022\/12\/1600X900.00_00_02_10.Imagen-fija002-1.jpg",1600,900,false],"chromenews-featured":["https:\/\/samanoticiasdurango.com\/wp-content\/uploads\/2022\/12\/1600X900.00_00_02_10.Imagen-fija002-1-1024x576.jpg",1024,576,true],"chromenews-large":["https:\/\/samanoticiasdurango.com\/wp-content\/uploads\/2022\/12\/1600X900.00_00_02_10.Imagen-fija002-1-825x575.jpg",825,575,true],"chromenews-medium":["https:\/\/samanoticiasdurango.com\/wp-content\/uploads\/2022\/12\/1600X900.00_00_02_10.Imagen-fija002-1-590x410.jpg",590,410,true]},"author_info":{"display_name":"Redacci\u00f3n","author_link":"https:\/\/samanoticiasdurango.com\/index.php\/author\/jjsama13gmail-com\/"},"category_info":"<a href=\"https:\/\/samanoticiasdurango.com\/index.php\/category\/colaboracion\/\" rel=\"category tag\">OPINION<\/a>","tag_info":"OPINION","comment_count":"0","jetpack_sharing_enabled":true,"_links":{"self":[{"href":"https:\/\/samanoticiasdurango.com\/index.php\/wp-json\/wp\/v2\/posts\/3920","targetHints":{"allow":["GET"]}}],"collection":[{"href":"https:\/\/samanoticiasdurango.com\/index.php\/wp-json\/wp\/v2\/posts"}],"about":[{"href":"https:\/\/samanoticiasdurango.com\/index.php\/wp-json\/wp\/v2\/types\/post"}],"author":[{"embeddable":true,"href":"https:\/\/samanoticiasdurango.com\/index.php\/wp-json\/wp\/v2\/users\/1"}],"replies":[{"embeddable":true,"href":"https:\/\/samanoticiasdurango.com\/index.php\/wp-json\/wp\/v2\/comments?post=3920"}],"version-history":[{"count":1,"href":"https:\/\/samanoticiasdurango.com\/index.php\/wp-json\/wp\/v2\/posts\/3920\/revisions"}],"predecessor-version":[{"id":3922,"href":"https:\/\/samanoticiasdurango.com\/index.php\/wp-json\/wp\/v2\/posts\/3920\/revisions\/3922"}],"wp:featuredmedia":[{"embeddable":true,"href":"https:\/\/samanoticiasdurango.com\/index.php\/wp-json\/wp\/v2\/media\/3921"}],"wp:attachment":[{"href":"https:\/\/samanoticiasdurango.com\/index.php\/wp-json\/wp\/v2\/media?parent=3920"}],"wp:term":[{"taxonomy":"category","embeddable":true,"href":"https:\/\/samanoticiasdurango.com\/index.php\/wp-json\/wp\/v2\/categories?post=3920"},{"taxonomy":"post_tag","embeddable":true,"href":"https:\/\/samanoticiasdurango.com\/index.php\/wp-json\/wp\/v2\/tags?post=3920"}],"curies":[{"name":"wp","href":"https:\/\/api.w.org\/{rel}","templated":true}]}}