{"id":3932,"date":"2022-12-26T01:35:56","date_gmt":"2022-12-26T01:35:56","guid":{"rendered":"http:\/\/samanoticiasdurango.com\/?p=3932"},"modified":"2022-12-26T01:35:58","modified_gmt":"2022-12-26T01:35:58","slug":"arranca-este-lunes-vacunacion-de-refuerzo-contra-covid-19","status":"publish","type":"post","link":"https:\/\/samanoticiasdurango.com\/index.php\/2022\/12\/26\/arranca-este-lunes-vacunacion-de-refuerzo-contra-covid-19\/","title":{"rendered":"Arranca este lunes vacunaci\u00f3n de refuerzo contra Covid-19"},"content":{"rendered":"\n<p>\u2022 El llamado es para la poblaci\u00f3n de 18 a\u00f1os en adelante a quienes se aplicar\u00e1 la vacuna Abdala.<\/p>\n\n\n\n<p>\u2022 La Secretar\u00eda de Salud dispondr\u00e1 de m\u00f3dulos fijos en centros de salud de la capital y algunos municipios; tambi\u00e9n en el IMSS e ISSSTE.<\/p>\n\n\n\n<p>El gobierno del Estado que encabeza Esteban Villegas Villarreal, arrancar\u00e1 este lunes 26 de diciembre con la vacunaci\u00f3n de refuerzo contra COVID-19 para poblaci\u00f3n de 18 a\u00f1os en adelante, que respecta al biol\u00f3gico Abdala.<\/p>\n\n\n\n<p>El esquema consta de tres dosis, separadas por al menos 15 dias entre cada una y deber\u00e1 ser aplicada al menos tres meses desde la \u00faltima vacunaci\u00f3n contra el COVID-19.<\/p>\n\n\n\n<p>De igual forma se aplicar\u00e1n en los municipios de Cu\u00e9ncame, G\u00f3mez Palacio, Lerdo y Nazas, en un horario de 8:30 am a 19 horas.<\/p>\n\n\n\n<p>Es importante presentarse a la aplicaci\u00f3n con la siguiente documentaci\u00f3n: copia de credencial del INE, copia de CURP, y haberse registrado previamente en la p\u00e1gina de internet: mivacuna.com<\/p>\n\n\n\n<p>Sitios de aplicaci\u00f3n de vacuna Abdala:<\/p>\n\n\n\n<p>Durango<\/p>\n\n\n\n<ul class=\"wp-block-list\">\n<li>CESSA 450<\/li>\n\n\n\n<li>CESSA 1 &#8220;Dr. Carlos Le\u00f3n de la Pe\u00f1a&#8221;.<\/li>\n\n\n\n<li>Centro de Salud #2<\/li>\n\n\n\n<li>Unidad de Medicina Familiar #1 (IMSS).<\/li>\n\n\n\n<li>Unidad de Medicina Familiar ISSSTE.<\/li>\n<\/ul>\n\n\n\n<p>G\u00f3mez Palacio:<\/p>\n\n\n\n<ul class=\"wp-block-list\">\n<li>Centro de Salud &#8220;Isauro Venzor&#8221;.<\/li>\n\n\n\n<li>Unidad de Medicina Familiar #53 (IMSS)<\/li>\n<\/ul>\n\n\n\n<p>Lerdo:<\/p>\n\n\n\n<ul class=\"wp-block-list\">\n<li>Centro de Salud &#8220;Roberto Garc\u00eda Sosa&#8221;.<\/li>\n\n\n\n<li>Cl\u00ednica de Medicina Familiar de Lerdo (ISSSTE)<\/li>\n<\/ul>\n\n\n\n<p>Nazas:<\/p>\n\n\n\n<ul class=\"wp-block-list\">\n<li>Hospital Integral de Nazas<\/li>\n<\/ul>\n","protected":false},"excerpt":{"rendered":"<p>\u2022 El llamado es para la poblaci\u00f3n de 18 a\u00f1os en adelante a quienes se<\/p>\n","protected":false},"author":1,"featured_media":3933,"comment_status":"open","ping_status":"open","sticky":false,"template":"","format":"standard","meta":{"om_disable_all_campaigns":false,"_monsterinsights_skip_tracking":false,"_monsterinsights_sitenote_active":false,"_monsterinsights_sitenote_note":"","_monsterinsights_sitenote_category":0,"_jetpack_memberships_contains_paid_content":false,"footnotes":"","jetpack_publicize_message":"","jetpack_publicize_feature_enabled":true,"jetpack_social_post_already_shared":false,"jetpack_social_options":{"image_generator_settings":{"template":"highway","enabled":false},"version":2}},"categories":[1],"tags":[],"class_list":["post-3932","post","type-post","status-publish","format-standard","has-post-thumbnail","hentry","category-archivo"],"jetpack_publicize_connections":[],"aioseo_notices":[],"jetpack_featured_media_url":"https:\/\/samanoticiasdurango.com\/wp-content\/uploads\/2022\/12\/AGUA.00_00_00_00.Imagen-fija001.bmp","featured_image_urls":{"full":["https:\/\/samanoticiasdurango.com\/wp-content\/uploads\/2022\/12\/AGUA.00_00_00_00.Imagen-fija001.bmp",1600,900,false],"thumbnail":["https:\/\/samanoticiasdurango.com\/wp-content\/uploads\/2022\/12\/AGUA.00_00_00_00.Imagen-fija001-150x150.jpg",150,150,true],"medium":["https:\/\/samanoticiasdurango.com\/wp-content\/uploads\/2022\/12\/AGUA.00_00_00_00.Imagen-fija001-300x169.jpg",300,169,true],"medium_large":["https:\/\/samanoticiasdurango.com\/wp-content\/uploads\/2022\/12\/AGUA.00_00_00_00.Imagen-fija001-768x432.jpg",640,360,true],"large":["https:\/\/samanoticiasdurango.com\/wp-content\/uploads\/2022\/12\/AGUA.00_00_00_00.Imagen-fija001-1024x576.jpg",640,360,true],"1536x1536":["https:\/\/samanoticiasdurango.com\/wp-content\/uploads\/2022\/12\/AGUA.00_00_00_00.Imagen-fija001-1536x864.jpg",1536,864,true],"2048x2048":["https:\/\/samanoticiasdurango.com\/wp-content\/uploads\/2022\/12\/AGUA.00_00_00_00.Imagen-fija001.bmp",1600,900,false],"chromenews-featured":["https:\/\/samanoticiasdurango.com\/wp-content\/uploads\/2022\/12\/AGUA.00_00_00_00.Imagen-fija001-1024x576.jpg",1024,576,true],"chromenews-large":["https:\/\/samanoticiasdurango.com\/wp-content\/uploads\/2022\/12\/AGUA.00_00_00_00.Imagen-fija001-825x575.jpg",825,575,true],"chromenews-medium":["https:\/\/samanoticiasdurango.com\/wp-content\/uploads\/2022\/12\/AGUA.00_00_00_00.Imagen-fija001-590x410.jpg",590,410,true]},"author_info":{"display_name":"Redacci\u00f3n","author_link":"https:\/\/samanoticiasdurango.com\/index.php\/author\/jjsama13gmail-com\/"},"category_info":"<a href=\"https:\/\/samanoticiasdurango.com\/index.php\/category\/archivo\/\" rel=\"category tag\">DURANGO<\/a>","tag_info":"DURANGO","comment_count":"0","jetpack_sharing_enabled":true,"_links":{"self":[{"href":"https:\/\/samanoticiasdurango.com\/index.php\/wp-json\/wp\/v2\/posts\/3932","targetHints":{"allow":["GET"]}}],"collection":[{"href":"https:\/\/samanoticiasdurango.com\/index.php\/wp-json\/wp\/v2\/posts"}],"about":[{"href":"https:\/\/samanoticiasdurango.com\/index.php\/wp-json\/wp\/v2\/types\/post"}],"author":[{"embeddable":true,"href":"https:\/\/samanoticiasdurango.com\/index.php\/wp-json\/wp\/v2\/users\/1"}],"replies":[{"embeddable":true,"href":"https:\/\/samanoticiasdurango.com\/index.php\/wp-json\/wp\/v2\/comments?post=3932"}],"version-history":[{"count":1,"href":"https:\/\/samanoticiasdurango.com\/index.php\/wp-json\/wp\/v2\/posts\/3932\/revisions"}],"predecessor-version":[{"id":3934,"href":"https:\/\/samanoticiasdurango.com\/index.php\/wp-json\/wp\/v2\/posts\/3932\/revisions\/3934"}],"wp:featuredmedia":[{"embeddable":true,"href":"https:\/\/samanoticiasdurango.com\/index.php\/wp-json\/wp\/v2\/media\/3933"}],"wp:attachment":[{"href":"https:\/\/samanoticiasdurango.com\/index.php\/wp-json\/wp\/v2\/media?parent=3932"}],"wp:term":[{"taxonomy":"category","embeddable":true,"href":"https:\/\/samanoticiasdurango.com\/index.php\/wp-json\/wp\/v2\/categories?post=3932"},{"taxonomy":"post_tag","embeddable":true,"href":"https:\/\/samanoticiasdurango.com\/index.php\/wp-json\/wp\/v2\/tags?post=3932"}],"curies":[{"name":"wp","href":"https:\/\/api.w.org\/{rel}","templated":true}]}}