{"id":3977,"date":"2022-12-30T15:03:50","date_gmt":"2022-12-30T15:03:50","guid":{"rendered":"http:\/\/samanoticiasdurango.com\/?p=3977"},"modified":"2022-12-30T15:05:42","modified_gmt":"2022-12-30T15:05:42","slug":"plantean-sancionar-a-quien-sustraiga-agua-de-forma-ilegal","status":"publish","type":"post","link":"https:\/\/samanoticiasdurango.com\/index.php\/2022\/12\/30\/plantean-sancionar-a-quien-sustraiga-agua-de-forma-ilegal\/","title":{"rendered":"Plantean sancionar a quien sustraiga agua de forma ilegal"},"content":{"rendered":"\n<p>\u2022 Ineludible establecer medidas para la protecci\u00f3n, cuidado y uso del l\u00edquido vital: Paty Jim\u00e9nez<\/p>\n\n\n\n<p>Con la finalidad de establecer como delito la sustracci\u00f3n ilegal de agua potable y su distribuci\u00f3n sin la autorizaci\u00f3n de las autoridades competentes, la diputada Paty Jim\u00e9nez Delgado, present\u00f3 una iniciativa para incluir un nuevo cap\u00edtulo al C\u00f3digo Penal del Estado.<\/p>\n\n\n\n<p>\u201cUna cultura de verdadero cuidado del agua, incluye desde las acciones que se realizan por parte de los entes gubernamentales y de la sociedad civil, para el uso racional y eficiente del agua, hasta las sanciones que correspondan a las diversas conductas que se ejecuten para da\u00f1ar la infraestructura para la distribuci\u00f3n del l\u00edquido y el uso desproporcionado\u201d, resalt\u00f3.<\/p>\n\n\n\n<p>La legisladora coment\u00f3 que la intenci\u00f3n es prevenir problemas como los que han vivido y viven actualmente, una gran cantidad de centros urbanos alrededor del mundo y de nuestro pa\u00eds, como es el caso de Nuevo Le\u00f3n.<\/p>\n\n\n\n<p>\u201cLa propuesta no se presenta con la intenci\u00f3n de crear p\u00e1nico, sino de crear conciencia y poner especial atenci\u00f3n al cuidado real de la m\u00e1s grande de las riquezas naturales con las que puede contar una sociedad, el agua\u201d, aclar\u00f3.<\/p>\n\n\n\n<p>En este sentido, la iniciativa del Grupo Parlamentario del PAN, plantea medidas para el cuidado del agua, uso y hasta su protecci\u00f3n. \u201cEllo depende exclusivamente de nosotros y esa responsabilidad no es improrrogable ni eludible, es tiempo de cuidar este recurso natural por el bien de las y los duranguenses\u201d.<\/p>\n\n\n\n<p>Precis\u00f3 que lo propuesto o disposiciones semejantes, ya se encuentran vigentes en el Estado de M\u00e9xico y en otras entidades federativas, o ya se han presentado y se encuentran en estudio en diversas legislaturas de los estados.<\/p>\n","protected":false},"excerpt":{"rendered":"<p>\u2022 Ineludible establecer medidas para la protecci\u00f3n, cuidado y uso del l\u00edquido vital: Paty Jim\u00e9nez<\/p>\n","protected":false},"author":1,"featured_media":3978,"comment_status":"open","ping_status":"open","sticky":false,"template":"","format":"standard","meta":{"om_disable_all_campaigns":false,"_monsterinsights_skip_tracking":false,"_monsterinsights_sitenote_active":false,"_monsterinsights_sitenote_note":"","_monsterinsights_sitenote_category":0,"_jetpack_memberships_contains_paid_content":false,"footnotes":"","jetpack_publicize_message":"","jetpack_publicize_feature_enabled":true,"jetpack_social_post_already_shared":false,"jetpack_social_options":{"image_generator_settings":{"template":"highway","enabled":false},"version":2}},"categories":[1],"tags":[],"class_list":["post-3977","post","type-post","status-publish","format-standard","has-post-thumbnail","hentry","category-archivo"],"jetpack_publicize_connections":[],"aioseo_notices":[],"jetpack_featured_media_url":"https:\/\/samanoticiasdurango.com\/wp-content\/uploads\/2022\/12\/AGUA.png","featured_image_urls":{"full":["https:\/\/samanoticiasdurango.com\/wp-content\/uploads\/2022\/12\/AGUA.png",1600,900,false],"thumbnail":["https:\/\/samanoticiasdurango.com\/wp-content\/uploads\/2022\/12\/AGUA-150x150.png",150,150,true],"medium":["https:\/\/samanoticiasdurango.com\/wp-content\/uploads\/2022\/12\/AGUA-300x169.png",300,169,true],"medium_large":["https:\/\/samanoticiasdurango.com\/wp-content\/uploads\/2022\/12\/AGUA-768x432.png",640,360,true],"large":["https:\/\/samanoticiasdurango.com\/wp-content\/uploads\/2022\/12\/AGUA-1024x576.png",640,360,true],"1536x1536":["https:\/\/samanoticiasdurango.com\/wp-content\/uploads\/2022\/12\/AGUA-1536x864.png",1536,864,true],"2048x2048":["https:\/\/samanoticiasdurango.com\/wp-content\/uploads\/2022\/12\/AGUA.png",1600,900,false],"chromenews-featured":["https:\/\/samanoticiasdurango.com\/wp-content\/uploads\/2022\/12\/AGUA-1024x576.png",1024,576,true],"chromenews-large":["https:\/\/samanoticiasdurango.com\/wp-content\/uploads\/2022\/12\/AGUA-825x575.png",825,575,true],"chromenews-medium":["https:\/\/samanoticiasdurango.com\/wp-content\/uploads\/2022\/12\/AGUA-590x410.png",590,410,true]},"author_info":{"display_name":"Redacci\u00f3n","author_link":"https:\/\/samanoticiasdurango.com\/index.php\/author\/jjsama13gmail-com\/"},"category_info":"<a href=\"https:\/\/samanoticiasdurango.com\/index.php\/category\/archivo\/\" rel=\"category tag\">DURANGO<\/a>","tag_info":"DURANGO","comment_count":"0","jetpack_sharing_enabled":true,"_links":{"self":[{"href":"https:\/\/samanoticiasdurango.com\/index.php\/wp-json\/wp\/v2\/posts\/3977","targetHints":{"allow":["GET"]}}],"collection":[{"href":"https:\/\/samanoticiasdurango.com\/index.php\/wp-json\/wp\/v2\/posts"}],"about":[{"href":"https:\/\/samanoticiasdurango.com\/index.php\/wp-json\/wp\/v2\/types\/post"}],"author":[{"embeddable":true,"href":"https:\/\/samanoticiasdurango.com\/index.php\/wp-json\/wp\/v2\/users\/1"}],"replies":[{"embeddable":true,"href":"https:\/\/samanoticiasdurango.com\/index.php\/wp-json\/wp\/v2\/comments?post=3977"}],"version-history":[{"count":1,"href":"https:\/\/samanoticiasdurango.com\/index.php\/wp-json\/wp\/v2\/posts\/3977\/revisions"}],"predecessor-version":[{"id":3979,"href":"https:\/\/samanoticiasdurango.com\/index.php\/wp-json\/wp\/v2\/posts\/3977\/revisions\/3979"}],"wp:featuredmedia":[{"embeddable":true,"href":"https:\/\/samanoticiasdurango.com\/index.php\/wp-json\/wp\/v2\/media\/3978"}],"wp:attachment":[{"href":"https:\/\/samanoticiasdurango.com\/index.php\/wp-json\/wp\/v2\/media?parent=3977"}],"wp:term":[{"taxonomy":"category","embeddable":true,"href":"https:\/\/samanoticiasdurango.com\/index.php\/wp-json\/wp\/v2\/categories?post=3977"},{"taxonomy":"post_tag","embeddable":true,"href":"https:\/\/samanoticiasdurango.com\/index.php\/wp-json\/wp\/v2\/tags?post=3977"}],"curies":[{"name":"wp","href":"https:\/\/api.w.org\/{rel}","templated":true}]}}