{"id":4217,"date":"2023-01-27T21:49:11","date_gmt":"2023-01-27T21:49:11","guid":{"rendered":"http:\/\/samanoticiasdurango.com\/?p=4217"},"modified":"2023-01-27T21:58:43","modified_gmt":"2023-01-27T21:58:43","slug":"implementara-gobierno-protocolo-mochila-segura","status":"publish","type":"post","link":"https:\/\/samanoticiasdurango.com\/index.php\/2023\/01\/27\/implementara-gobierno-protocolo-mochila-segura\/","title":{"rendered":"Implementar\u00e1 gobierno  protocolo \u201cMochila Segura\u201d"},"content":{"rendered":"\n<p>\u2022 Trabajan de cerca Gobierno Estatal, Poder Legislativo y Sociedad Civil para mantener instituciones educativas seguras.<\/p>\n\n\n\n<p>\u2022 Participaron en la reuni\u00f3n la CEDH, padres de familia, entre otros, para llevar a cabo estas acciones en escuelas preferentemente de la zona urbana.<\/p>\n\n\n\n<p>\u201cPromover una cultura de paz, nos corresponde a todos\u201d, dijo el Secretario al destacar que una de las prioridades en el gobierno que encabeza Esteban Villegas Villarreal, es la seguridad de los alumnos en primarias y secundarias.<\/p>\n\n\n\n<p>En esta reuni\u00f3n donde participaron el Gobierno Estatal, Poder Legislativo y Sociedad Civil, la diputada local, Sughey Torres Rodr\u00edguez, present\u00f3 una iniciativa de ley en el Congreso Local, que habr\u00e1 de sumarse al protocolo para crear conciencia en la sociedad.<\/p>\n\n\n\n<p>Por su parte, el director del DIF Estatal, Eduardo D\u00edaz Ju\u00e1rez, manifest\u00f3 que, a trav\u00e9s de la suma de todos los esfuerzos, se podr\u00e1n dar mejores resultados a los padres de familia.<\/p>\n\n\n\n<p>Cabe mencionar que los protocolos se dirigir\u00e1n a construir, con la participaci\u00f3n conjunta entre gobierno y sociedad, una cultura de paz permanente que permita reducir los \u00edndices de violencia escolar y pr\u00e1cticas nocivas en las instituciones educativas.<\/p>\n\n\n\n<p>La estrategia, se aplicar\u00e1 principalmente en los m\u00e1s de 300 mil alumnos de los niveles de primaria y secundaria, de manera preferencial en todas las comunidades urbanas.<\/p>\n","protected":false},"excerpt":{"rendered":"<p>\u2022 Trabajan de cerca Gobierno Estatal, Poder Legislativo y Sociedad Civil para mantener instituciones educativas<\/p>\n","protected":false},"author":1,"featured_media":4218,"comment_status":"open","ping_status":"open","sticky":false,"template":"","format":"standard","meta":{"om_disable_all_campaigns":false,"_monsterinsights_skip_tracking":false,"_monsterinsights_sitenote_active":false,"_monsterinsights_sitenote_note":"","_monsterinsights_sitenote_category":0,"_jetpack_memberships_contains_paid_content":false,"footnotes":"","jetpack_publicize_message":"","jetpack_publicize_feature_enabled":true,"jetpack_social_post_already_shared":false,"jetpack_social_options":{"image_generator_settings":{"template":"highway","enabled":false},"version":2}},"categories":[1],"tags":[],"class_list":["post-4217","post","type-post","status-publish","format-standard","has-post-thumbnail","hentry","category-archivo"],"jetpack_publicize_connections":[],"aioseo_notices":[],"jetpack_featured_media_url":"https:\/\/samanoticiasdurango.com\/wp-content\/uploads\/2023\/01\/0.png","featured_image_urls":{"full":["https:\/\/samanoticiasdurango.com\/wp-content\/uploads\/2023\/01\/0.png",1920,1080,false],"thumbnail":["https:\/\/samanoticiasdurango.com\/wp-content\/uploads\/2023\/01\/0-150x150.png",150,150,true],"medium":["https:\/\/samanoticiasdurango.com\/wp-content\/uploads\/2023\/01\/0-300x169.png",300,169,true],"medium_large":["https:\/\/samanoticiasdurango.com\/wp-content\/uploads\/2023\/01\/0-768x432.png",640,360,true],"large":["https:\/\/samanoticiasdurango.com\/wp-content\/uploads\/2023\/01\/0-1024x576.png",640,360,true],"1536x1536":["https:\/\/samanoticiasdurango.com\/wp-content\/uploads\/2023\/01\/0-1536x864.png",1536,864,true],"2048x2048":["https:\/\/samanoticiasdurango.com\/wp-content\/uploads\/2023\/01\/0.png",1920,1080,false],"chromenews-featured":["https:\/\/samanoticiasdurango.com\/wp-content\/uploads\/2023\/01\/0-1024x576.png",1024,576,true],"chromenews-large":["https:\/\/samanoticiasdurango.com\/wp-content\/uploads\/2023\/01\/0-825x575.png",825,575,true],"chromenews-medium":["https:\/\/samanoticiasdurango.com\/wp-content\/uploads\/2023\/01\/0-590x410.png",590,410,true]},"author_info":{"display_name":"Redacci\u00f3n","author_link":"https:\/\/samanoticiasdurango.com\/index.php\/author\/jjsama13gmail-com\/"},"category_info":"<a href=\"https:\/\/samanoticiasdurango.com\/index.php\/category\/archivo\/\" rel=\"category tag\">DURANGO<\/a>","tag_info":"DURANGO","comment_count":"0","jetpack_sharing_enabled":true,"_links":{"self":[{"href":"https:\/\/samanoticiasdurango.com\/index.php\/wp-json\/wp\/v2\/posts\/4217","targetHints":{"allow":["GET"]}}],"collection":[{"href":"https:\/\/samanoticiasdurango.com\/index.php\/wp-json\/wp\/v2\/posts"}],"about":[{"href":"https:\/\/samanoticiasdurango.com\/index.php\/wp-json\/wp\/v2\/types\/post"}],"author":[{"embeddable":true,"href":"https:\/\/samanoticiasdurango.com\/index.php\/wp-json\/wp\/v2\/users\/1"}],"replies":[{"embeddable":true,"href":"https:\/\/samanoticiasdurango.com\/index.php\/wp-json\/wp\/v2\/comments?post=4217"}],"version-history":[{"count":1,"href":"https:\/\/samanoticiasdurango.com\/index.php\/wp-json\/wp\/v2\/posts\/4217\/revisions"}],"predecessor-version":[{"id":4219,"href":"https:\/\/samanoticiasdurango.com\/index.php\/wp-json\/wp\/v2\/posts\/4217\/revisions\/4219"}],"wp:featuredmedia":[{"embeddable":true,"href":"https:\/\/samanoticiasdurango.com\/index.php\/wp-json\/wp\/v2\/media\/4218"}],"wp:attachment":[{"href":"https:\/\/samanoticiasdurango.com\/index.php\/wp-json\/wp\/v2\/media?parent=4217"}],"wp:term":[{"taxonomy":"category","embeddable":true,"href":"https:\/\/samanoticiasdurango.com\/index.php\/wp-json\/wp\/v2\/categories?post=4217"},{"taxonomy":"post_tag","embeddable":true,"href":"https:\/\/samanoticiasdurango.com\/index.php\/wp-json\/wp\/v2\/tags?post=4217"}],"curies":[{"name":"wp","href":"https:\/\/api.w.org\/{rel}","templated":true}]}}