{"id":4347,"date":"2023-02-12T04:59:35","date_gmt":"2023-02-12T04:59:35","guid":{"rendered":"http:\/\/samanoticiasdurango.com\/?p=4347"},"modified":"2023-02-12T04:59:37","modified_gmt":"2023-02-12T04:59:37","slug":"justicia-si-olvido-nunca-por-elcontralor","status":"publish","type":"post","link":"https:\/\/samanoticiasdurango.com\/index.php\/2023\/02\/12\/justicia-si-olvido-nunca-por-elcontralor\/","title":{"rendered":"!Justicia si, olvido NUNCA! Por #ElContralor"},"content":{"rendered":"\n<p>Durango, Dgo. (EL CONTRALOR). &#8211; En la pasada movilizaci\u00f3n social del viernes 10 del presente mes de febrero, los duranguenses familiares y amigos de las 35 v\u00edctimas fatales por la meningitis \u201cas\u00e9ptica\u201d se mostraron impacientes, desconfiados y muy decepcionados por la demora en recibir respuesta a su clamor y exigencia de JUSTICIA, que hasta el d\u00eda de hoy no la han recibido, por parte de la administraci\u00f3n del gobierno \u201cDgo. El valor de nuestra gente\u201d. Esta crisis sanitaria acontecida durante la segunda mitad del sexto a\u00f1o de la indefendible y tristemente c\u00e9lebre administraci\u00f3n panista del gobierno \u201cDgo. Para Todos\u201d encabezada por el Dr. Jos\u00e9 R. Aispuro Torres y que estall\u00f3 con p\u00e9rdida de vidas durante la actual administraci\u00f3n estatal, periodo 2022-2028; ya que a partir del 1\u00ba de noviembre inician la estela de cruces por fallecimiento a causa de la meningitis.<br>\u201cPor las que fueron a recibir una vida y solo encontraron la muerte\u201d fueron algunas de las consignas que se dejaron sentir en la marcha del pasado viernes, en donde decenas de familiares y amigos de las v\u00edctimas, se manifestaron con lonas y pancartas por la avenida principal de la ciudad, para exigir justicia por los 35 homicidios y las dem\u00e1s personas afectadas por la meningitis \u201cas\u00e9ptica\u201d hoy mic\u00f3tica y que al d\u00eda de hoy no se sabe con certeza como lleg\u00f3 ese hongo hasta la anestesia ni quien o quienes deban responder por ello. La marcha se llev\u00f3 a cabo partiendo de Calle Heroico Colegio Militar hasta el Centro de Convenciones Bicentenario, misma que fue encabezada por dos mujeres sobrevivientes y ayudadas por sus esposos a desplazarse en sillas de ruedas, una de ellas con una pancarta que dice \u201cTodos los d\u00edas vivo con miedo\u201d tras ellas una lona con la leyenda: \u201cYo no quer\u00eda un \u00e1ngel en el cielo\u201d<br>Igualmente, t\u00edas y abuelas llevaron a beb\u00e9s, muchos de los que han perdido ya a su madre y otros tantos que la tienen en estado delicado de salud. Asimismo, la madre de una de las mujeres que perdi\u00f3 la vida dio un sentido mensaje dirigido tanto a la ciudadan\u00eda como a las autoridades.<br>\u201cNuestra marcha tiene un motivo muy importante: pedir justicia. Que el Gobierno nos haga caso\u201d, \u201cNo es justo que estemos aqu\u00ed con una lona, con un n\u00famero\u201d<br>Cabe resaltar que algunos manifestantes llevaron lonas y carteles se\u00f1alando al ex gobernador Jos\u00e9 Rosas Aispuro Torres, y a Joaqu\u00edn \u201cN\u201d, y exigiendo justicia; sin embargo, organizadores de la marcha retiraron las mantas donde se exige que los exfuncionarios sean enjuiciados.<br>Por su parte el gobernador de Estado Esteban Villegas Villarreal manifest\u00f3 que las v\u00edctimas de meningitis, tienen la garant\u00eda de que el gobierno est\u00e1 de su lado, resalt\u00f3 que la manifestaci\u00f3n de las personas tambi\u00e9n es muy v\u00e1lida, \u201cyo creo que cualquiera lo har\u00edamos, murieron 35 personas hasta el d\u00eda de hoy y tiene que haber justicia, no se puede quedar as\u00ed\u201d. Asegur\u00f3 tambi\u00e9n que en lo que compete al gobierno del estado s\u00ed est\u00e1 trabajando en la atenci\u00f3n a los pacientes, a sus familias que se est\u00e1 dando un seguimiento y que las v\u00edctimas de esta enfermedad tienen al gobierno de su lado, tambi\u00e9n pidi\u00f3 que el asunto no se politice, que es un tema sensible, no de partidos.<br>En torno al tema de los m\u00e9dicos dijo \u201cYo soy m\u00e9dico, ustedes lo saben, yo le he pedido tambi\u00e9n al Poder Judicial, que no vayan a afectar a alguien que no tenga nada que ver en este tema, es parte de la investigaci\u00f3n que se est\u00e1 haciendo, nadie ha dicho que los m\u00e9dicos son culpables, es parte de la investigaci\u00f3n, ellos se tienen que defender por supuesto y yo conf\u00edo, igual que ellos y le pido al Poder Judicial que haga su trabajo de la manera m\u00e1s transparente y sin inclinarse a trav\u00e9s de alguna presi\u00f3n, absolutamente de nadie\u201d.<br>Aunque en repetidas ocasiones se ha dicho que el gobernador Villegas ha girado \u00f3rdenes a sus colaboradores a no escatimar en apoyo a las familias afectadas, se dice que, en la realidad, las familias han batallado incluso para que se suministre el medicamento a las mujeres hospitalizadas. Es por eso que muchos ciudadanos han se\u00f1alado que un verdadero apoyo ser\u00eda asegurar a esos hijos que han quedado en orfandad, alguna beca que no les deje quedar con un futuro incierto, ya que el apoyo que actualmente han recibido de poco o nada sirve comparado con la irreparable p\u00e9rdida de sus madres.<br>En Durango, ante todo lo ocurrido, la gente pierde cada d\u00eda m\u00e1s la capacidad de asombro, mientras que el 2023 parece aferrarse a sorprendernos a\u00fan m\u00e1s a todos de una manera multifac\u00e9tica y muy peculiar. El mes de enero fue interesante y tuvo muchos matices que se hicieron notar en la agenda de inter\u00e9s de la ciudadan\u00eda duranguense, pero febrero se ha pasado de la raya en los desconciertos y en los devenires.<br>En su segunda emisi\u00f3n continua desde que se estrenaron los llamados \u201cMartes a las 10\u201d -una estrategia que est\u00e1 estrenando la administraci\u00f3n del gobierno \u201cDgo. El valor de nuestra gente\u201d de Esteban Villegas Villarreal para posicionar obras y acciones hechas por su gobierno-, dos elementos se pusieron a discusi\u00f3n en la conversaci\u00f3n p\u00fablica.<br>Uno. Por el carril meramente institucional, el pasado martes 7 de febrero se lanz\u00f3 la pol\u00edtica anti aviadores en las n\u00f3minas oficiales, con el anuncio de que el sexenio de Villegas va a acabar con esta pr\u00e1ctica de corrupci\u00f3n atomizada, sobre todo en el sector educativo estatal. Claro est\u00e1, que recibi\u00f3 sendos raspones en las redes sociales quienes le presentaron un listado de actuales colaboradores que han gozado de ese estatus.<br>Dos. En el carril paralelo, tambi\u00e9n institucional pero de mensajes subliminales, ese mismo d\u00eda se realiz\u00f3 desde temprano la ejecuci\u00f3n de tres \u00f3rdenes de aprehensi\u00f3n liberadas por un juez en contra de quienes, se dijo, eran o fueron los principales responsables del inicio y la propagaci\u00f3n del hongo que caus\u00f3 la meningitis, y que por ende, ha dejado hu\u00e9rfanos a decenas de ni\u00f1os y adolescentes, y en otras decenas de familias sigue causando dolor, angustia, desesperaci\u00f3n e incluso desesperanza pues sus familiares enfermas no mejoran y no dan visos de que eso suceda pronto.<br>De esa manera, el \u201cMartes a las 10\u201d se ha empezado a entender en varias de sus facetas y se ha entendido parte de su alcance, porque as\u00ed como se ofreci\u00f3 en una rueda de prensa colorida el inicio de la lucha contra los aviadores en la Secretar\u00eda de Educaci\u00f3n del Estado de Durango, de la misma forma entraron a escena personajes muy cercanos a Aispuro Torres y a su esposa, como nuevos hu\u00e9spedes del Centro de Reinserci\u00f3n Social n\u00famero Uno de Durango.<br>La narrativa de la meningitis, mientras tanto, ha corrido por varios carriles dependiendo del inter\u00e9s o el enfoque poblacional con el que se mire este vasto y complejo tema, pues el gobierno estatal ya ofreci\u00f3 a la tribuna p\u00fablica el encarcelamiento del ex Director de la Comisi\u00f3n para la Protecci\u00f3n Contra Riesgos Sanitarios del Estado de Durango, Joaqu\u00edn \u201cN\u201d, as\u00ed como el de una de sus entonces subordinadas de nombre Guadalupe \u201cN\u201d, y del anestesi\u00f3logo Omar \u201cN\u201d.<br>El hecho es que, mientras el ex gobernador y su familia se siguen mostrando con total desinter\u00e9s y excesiva confianza que nada les pasar\u00e1 a consecuencia de las investigaciones de la actual contra la anterior administraci\u00f3n estatal, es decir la suya, ahora las detenciones llegan de nuevo a puntos neur\u00e1lgicos y toca fibras sensibles con el ingreso al CERESO de uno de los personajes con mayor cercan\u00eda en el matrimonio de Jos\u00e9 Aispuro Torres y Elvira Barrantes Velarde, Joaqu\u00edn \u201cN\u201d.<br>La ruta para empezar a deslindar responsabilidades por la meningitis comenz\u00f3 con la noticia del encarcelamiento simult\u00e1neo de Joaqu\u00edn \u201cN\u201d, Guadalupe \u201cN\u201d y el m\u00e9dico anestesi\u00f3logo Omar \u201cN\u201d.<br>Ruth \u201cN\u201d detenida. &#8211;<br>Sin embargo, d\u00edas antes de su detenci\u00f3n se supo de un acontecimiento que seguramente cal\u00f3 muy fuerte en los afectos del matrimonio Aispuro-Elvira, y es cuando cay\u00f3 su socia y amiga \u00edntima de nombre Ruth \u201cN\u201d, la que hac\u00eda las funciones de administradora general de la Secretar\u00eda de Salud de Durango. Cargo en el que ya hab\u00eda estado fungiendo la C.P. Lourdes Mora Serrano, actual auditora superior de la Entidad de la Auditoria Superior del Estado del H. Congreso del Estado.<br>El Gobierno del \u201cDgo. El Valor de su gente\u201d, con estos movimientos en el terreno jur\u00eddico-penal, increment\u00f3 el trato rudo y el caf\u00e9 cargado que ha venido suministrando la actual administraci\u00f3n estatal a los personajes cada vez m\u00e1s cercanos a la red piramidal de corrupci\u00f3n que despachaba y mandaba desde Villas Campestre, durante el periodo gubernamental del Gobierno panista \u201cDgo. Para Todos\u201d.<br>Acci\u00f3n contra el cartel jur\u00eddico Aispurista. &#8211;<br>Pero, la semana no empez\u00f3 ni termin\u00f3 con esa emisi\u00f3n de \u201cMartes a las 10\u201d. Porque ah\u00ed no par\u00f3 la cosa. El viernes 10 por la noche, nos sorprender\u00eda a todos, y m\u00e1s al foro jur\u00eddico duranguense, con la primera audiencia penal que se realiza a funcionarios del Poder Judicial por presunto mal manejo de recursos p\u00fablicos de esa instituci\u00f3n.<br>De pronto trascendi\u00f3 la informaci\u00f3n primero extraoficial y luego confirmada en un bolet\u00edn oficial, confirmando el inicio de la acci\u00f3n penal en contra de Daniel \u201cN\u201d, Secretario General de Acuerdos del Tribunal Superior de Justicia del Estado de Durango, el brazo derecho de Ram\u00f3n Guzm\u00e1n Benavente y, por ende, socio de la red de corrupci\u00f3n jur\u00eddica que encabez\u00f3 Aispuro junto a Galdino Torrecillas y otros \u201clugartenientes\u201d del grupo que, dicho sea de paso, se comport\u00f3 m\u00e1s como un c\u00e1rtel jur\u00eddico.<br>Tambi\u00e9n, se supo que la misma suerte corre la titular del Fondo Auxiliar del Poder Judicial, Shelley \u201cN\u201d, quienes enfrentar\u00e1n su proceso en prisi\u00f3n domiciliaria por un tiempo mientras aclaran una serie de faltantes millonarios en recursos que estuvieron a disposici\u00f3n de ambos funcionarios, seguramente por indicaciones del a\u00fan magistrado Lic. Ram\u00f3n Guzm\u00e1n Benavente y la C.P. Teresa Aispuro de Botello, personajes de mayor jerarqu\u00eda pol\u00edtica en el grupo Aispuro-Barrantes.<br>Pero, la semana no podr\u00eda estar m\u00e1s llena de situaciones at\u00edpicas. Veamos m\u00e1s episodios que marcaron agenda:<br>Violencia de genero.-<br>Mart\u00edn Vivanco Lira, dirigente estatal del partido Movimiento Ciudadano en Durango, fue exhibido por haber golpeado al parecer salvajemente a otra persona tambi\u00e9n de Durango, pero en suelo sinaloense. Su v\u00edctima de la violencia suscitada en un antro de Mazatl\u00e1n, circul\u00f3 su versi\u00f3n de los hechos a trav\u00e9s de grupos de whatsapp y en sus redes sociales, y se le vino la noche al emecista.<br>Su reacci\u00f3n fue a\u00fan m\u00e1s sorprendente. Mart\u00edn hizo circular su respuesta y su postura ante estos hechos varias horas despu\u00e9s, y contrario a la imagen de alguien que podr\u00eda tener la experiencia ante una crisis, solo sali\u00f3 con esa versi\u00f3n para confirmar a todos que cometi\u00f3 uno o varios delitos al golpear salvajemente a esa persona, y justificarse por hacerlo en extremo alcoholizado, como si esa fuera una atenuante para un dirigente de un partido pol\u00edtico o para cualquier otra persona.<br>A este esc\u00e1ndalo de violencia se suman cada d\u00eda m\u00e1s problemas de violencia dom\u00e9stica, peleas de pareja, ataques a ni\u00f1os y nuevos casos de feminicidio, como el de la se\u00f1ora Mar\u00eda de los \u00c1ngeles S\u00e1nchez, de 53 a\u00f1os, quien fue asesinada con un hacha a manos de su yerno, esto en el fraccionamiento 20 de noviembre 2 de la ciudad capital, un dantesco episodio que, por si fuera poco, atestigu\u00f3 un ni\u00f1o de apenas 4 a\u00f1os, nieto de Mar\u00eda de los \u00c1ngeles y al parecer hijo del asesino de \u00e9sta.<br>OLVIDO NUNCA. &#8211;<br>La meningitis y sus fatales consecuencias es hoy por hoy para los ciudadanos duranguenses un tema que queda inscrito en los anales de la historia y en su percepci\u00f3n, es un tema que no tiene OLVIDO, por el solo hecho de que los fallecimientos dejaron no tan solo luto en los hogares de los deudos, sino que tambi\u00e9n dejaron hu\u00e9rfanos y por esas razones este tema estar\u00e1 siempre en la mente de la prensa libre duranguense y de su sociedad.<\/p>\n","protected":false},"excerpt":{"rendered":"<p>Durango, Dgo. (EL CONTRALOR). &#8211; En la pasada movilizaci\u00f3n social del viernes 10 del presente<\/p>\n","protected":false},"author":1,"featured_media":4348,"comment_status":"open","ping_status":"open","sticky":false,"template":"","format":"standard","meta":{"om_disable_all_campaigns":false,"_monsterinsights_skip_tracking":false,"_monsterinsights_sitenote_active":false,"_monsterinsights_sitenote_note":"","_monsterinsights_sitenote_category":0,"_jetpack_memberships_contains_paid_content":false,"footnotes":"","jetpack_publicize_message":"","jetpack_publicize_feature_enabled":true,"jetpack_social_post_already_shared":false,"jetpack_social_options":{"image_generator_settings":{"template":"highway","enabled":false},"version":2}},"categories":[1],"tags":[],"class_list":["post-4347","post","type-post","status-publish","format-standard","has-post-thumbnail","hentry","category-archivo"],"jetpack_publicize_connections":[],"aioseo_notices":[],"jetpack_featured_media_url":"https:\/\/samanoticiasdurango.com\/wp-content\/uploads\/2023\/02\/El-Contralor-11-de-febrero-2023_page-0001.jpg","featured_image_urls":{"full":["https:\/\/samanoticiasdurango.com\/wp-content\/uploads\/2023\/02\/El-Contralor-11-de-febrero-2023_page-0001.jpg",1648,1648,false],"thumbnail":["https:\/\/samanoticiasdurango.com\/wp-content\/uploads\/2023\/02\/El-Contralor-11-de-febrero-2023_page-0001-150x150.jpg",150,150,true],"medium":["https:\/\/samanoticiasdurango.com\/wp-content\/uploads\/2023\/02\/El-Contralor-11-de-febrero-2023_page-0001-300x300.jpg",300,300,true],"medium_large":["https:\/\/samanoticiasdurango.com\/wp-content\/uploads\/2023\/02\/El-Contralor-11-de-febrero-2023_page-0001-768x768.jpg",640,640,true],"large":["https:\/\/samanoticiasdurango.com\/wp-content\/uploads\/2023\/02\/El-Contralor-11-de-febrero-2023_page-0001-1024x1024.jpg",640,640,true],"1536x1536":["https:\/\/samanoticiasdurango.com\/wp-content\/uploads\/2023\/02\/El-Contralor-11-de-febrero-2023_page-0001-1536x1536.jpg",1536,1536,true],"2048x2048":["https:\/\/samanoticiasdurango.com\/wp-content\/uploads\/2023\/02\/El-Contralor-11-de-febrero-2023_page-0001.jpg",1648,1648,false],"chromenews-featured":["https:\/\/samanoticiasdurango.com\/wp-content\/uploads\/2023\/02\/El-Contralor-11-de-febrero-2023_page-0001-1024x1024.jpg",1024,1024,true],"chromenews-large":["https:\/\/samanoticiasdurango.com\/wp-content\/uploads\/2023\/02\/El-Contralor-11-de-febrero-2023_page-0001-825x575.jpg",825,575,true],"chromenews-medium":["https:\/\/samanoticiasdurango.com\/wp-content\/uploads\/2023\/02\/El-Contralor-11-de-febrero-2023_page-0001-590x410.jpg",590,410,true]},"author_info":{"display_name":"Redacci\u00f3n","author_link":"https:\/\/samanoticiasdurango.com\/index.php\/author\/jjsama13gmail-com\/"},"category_info":"<a href=\"https:\/\/samanoticiasdurango.com\/index.php\/category\/archivo\/\" rel=\"category tag\">DURANGO<\/a>","tag_info":"DURANGO","comment_count":"0","jetpack_sharing_enabled":true,"_links":{"self":[{"href":"https:\/\/samanoticiasdurango.com\/index.php\/wp-json\/wp\/v2\/posts\/4347","targetHints":{"allow":["GET"]}}],"collection":[{"href":"https:\/\/samanoticiasdurango.com\/index.php\/wp-json\/wp\/v2\/posts"}],"about":[{"href":"https:\/\/samanoticiasdurango.com\/index.php\/wp-json\/wp\/v2\/types\/post"}],"author":[{"embeddable":true,"href":"https:\/\/samanoticiasdurango.com\/index.php\/wp-json\/wp\/v2\/users\/1"}],"replies":[{"embeddable":true,"href":"https:\/\/samanoticiasdurango.com\/index.php\/wp-json\/wp\/v2\/comments?post=4347"}],"version-history":[{"count":1,"href":"https:\/\/samanoticiasdurango.com\/index.php\/wp-json\/wp\/v2\/posts\/4347\/revisions"}],"predecessor-version":[{"id":4349,"href":"https:\/\/samanoticiasdurango.com\/index.php\/wp-json\/wp\/v2\/posts\/4347\/revisions\/4349"}],"wp:featuredmedia":[{"embeddable":true,"href":"https:\/\/samanoticiasdurango.com\/index.php\/wp-json\/wp\/v2\/media\/4348"}],"wp:attachment":[{"href":"https:\/\/samanoticiasdurango.com\/index.php\/wp-json\/wp\/v2\/media?parent=4347"}],"wp:term":[{"taxonomy":"category","embeddable":true,"href":"https:\/\/samanoticiasdurango.com\/index.php\/wp-json\/wp\/v2\/categories?post=4347"},{"taxonomy":"post_tag","embeddable":true,"href":"https:\/\/samanoticiasdurango.com\/index.php\/wp-json\/wp\/v2\/tags?post=4347"}],"curies":[{"name":"wp","href":"https:\/\/api.w.org\/{rel}","templated":true}]}}