{"id":4351,"date":"2023-02-12T16:01:24","date_gmt":"2023-02-12T16:01:24","guid":{"rendered":"http:\/\/samanoticiasdurango.com\/?p=4351"},"modified":"2023-02-12T16:56:33","modified_gmt":"2023-02-12T16:56:33","slug":"colaboracion-manicomio-nacion-por-luis-farias-mackey","status":"publish","type":"post","link":"https:\/\/samanoticiasdurango.com\/index.php\/2023\/02\/12\/colaboracion-manicomio-nacion-por-luis-farias-mackey\/","title":{"rendered":"#Colaboraci\u00f3n || Manicomio Naci\u00f3n Por:\u00a0Luis Farias Mackey"},"content":{"rendered":"\n<p>Platicando con un buen amigo las circunstancias diversas y encontradas de M\u00e9xico en estos d\u00edas, hall\u00e1bamos un eje de unidad y de unificaci\u00f3n en pr\u00e1cticamente todos los frentes: la locura.<\/p>\n\n\n\n<p>Creo que es tiempo que cada quien en su fuero interno se pregunte si todav\u00eda estamos en condiciones de evitar terminar en una naci\u00f3n convertida en un psiqui\u00e1trico nacional en el que sea imposible diferenciar entre los internos y sus cuidadores.<\/p>\n\n\n\n<p>Cuando la Casta\u00f1eda estaba por ser cerrada para dar paso a los nuevos centros psiqui\u00e1tricos, un grupo de universitarios fue a tocar sus puertas. Encontraron un manicomio en el m\u00e1s absoluto abandono: sin administraci\u00f3n, sin cuerpo m\u00e9dico ni de apoyo, sin servicios de limpieza, con los matorrales tan desbordados como la desmesura de sus inquilinos. No hablemos ya de los ba\u00f1os y ropas de cama. Algo as\u00ed como los rusos cuando entraron en los Campos de Concentraci\u00f3n y Exterminio Nazis reci\u00e9n abandonados por \u00e9stos. Seguramente para el traslado de los enfermos de la Casta\u00f1eda, todo el personal m\u00e9dico y administrativo estaba concentrado en los nuevos psiqui\u00e1tricos mientras aqu\u00e9lla, en algo muy parecido a las c\u00e1rceles en M\u00e9xico hoy, estaba bajo el control de los internos y la locura desatada.<\/p>\n\n\n\n<p>Para aquellos muchachos fue una inmersi\u00f3n directa en la locura sin sistematizaci\u00f3n, metodolog\u00eda ni asidero posible. Algo as\u00ed como aprender la ley de la gravedad avent\u00e1ndose al vac\u00edo.<\/p>\n\n\n\n<p>Pues bien, hoy en M\u00e9xico hemos perdido toda posibilidad y distancia para observar la locura que nos envuelve y devora.<\/p>\n\n\n\n<p>Para ver hay que tener cierta distancia. No es lo mismo ver la piel de un elefante en la punta de nuestra nariz que verlo y dimensionarlo en su totalidad a 10 metros de distancia.<\/p>\n\n\n\n<p>Hoy la locura ya est\u00e1 al nivel de nuestros poros, lo que nos hace imposible verla y distinguirla de nosotros. Nos es propia y cotidiana, mientras silenciosamente nos penetra y domina hasta el alma misma.<\/p>\n\n\n\n<p>Por eso es tan dif\u00edcil deliberar lo p\u00fablico hoy en M\u00e9xico. Cada quien ve exclusivamente su agenda y todos hablan el mismo lenguaje, desde la misma perspectiva y al son de una polarizaci\u00f3n desmandada; sobran alianzas y salvadores, los aspirantes a presidentes y propuestas para lanzar candidatos en busca de partidos que los acojan colman el espacio sideral, la gastada cantaleta del voto \u00fatil, que no es otra cosa que el voto utilizado bajo un horizonte de lo que no queremos, sin que nadie se pregunte y pregunte qu\u00e9 s\u00ed queremos, se nos vende hoy en una rifa de alianzas salvadoras, \u00fanicas, vacuas y forzosas.<\/p>\n\n\n\n<p>Los esfuerzos que se intentan para brincar esa trampa y ampliar horizontes y perspectivas no est\u00e1n exentos de la locura, la inmediatez, el pragmatismo, las agendas e intereses particulares y los protagonismos.<\/p>\n\n\n\n<p>Somos como aquella vieja Casta\u00f1eda en sus \u00faltimos d\u00edas: una inmersi\u00f3n en la locura sin fronteras.<\/p>\n\n\n\n<p>\u00bfSer\u00e1 posible darnos la cordura y la distancia para ver nuestra locura en acci\u00f3n? O la inmediatez y el pragmatismo terminaran por devorarnos en un manicomio Naci\u00f3n.<\/p>\n\n\n\n<p>Publicado en&nbsp;<a href=\"https:\/\/lfmopinion.com\/\" target=\"_blank\" rel=\"noreferrer noopener\">LFMOpini\u00f3n<\/a>.<\/p>\n\n\n\n<p>#TheBunkerMX<br>#LFMOpinion<br>#Parreshia<br>#Locura<br>#Nacion<br>#Distancia<br>#Pragmatismo<br>Alianzas<br>#Candidatos<\/p>\n","protected":false},"excerpt":{"rendered":"<p>Platicando con un buen amigo las circunstancias diversas y encontradas de M\u00e9xico en estos d\u00edas,<\/p>\n","protected":false},"author":1,"featured_media":4352,"comment_status":"open","ping_status":"open","sticky":false,"template":"","format":"standard","meta":{"om_disable_all_campaigns":false,"_monsterinsights_skip_tracking":false,"_monsterinsights_sitenote_active":false,"_monsterinsights_sitenote_note":"","_monsterinsights_sitenote_category":0,"_jetpack_memberships_contains_paid_content":false,"footnotes":"","jetpack_publicize_message":"","jetpack_publicize_feature_enabled":true,"jetpack_social_post_already_shared":false,"jetpack_social_options":{"image_generator_settings":{"template":"highway","enabled":false},"version":2}},"categories":[18],"tags":[],"class_list":["post-4351","post","type-post","status-publish","format-standard","has-post-thumbnail","hentry","category-colaboracion"],"jetpack_publicize_connections":[],"aioseo_notices":[],"jetpack_featured_media_url":"https:\/\/samanoticiasdurango.com\/wp-content\/uploads\/2023\/02\/LOCURA.jpg","featured_image_urls":{"full":["https:\/\/samanoticiasdurango.com\/wp-content\/uploads\/2023\/02\/LOCURA.jpg",1600,900,false],"thumbnail":["https:\/\/samanoticiasdurango.com\/wp-content\/uploads\/2023\/02\/LOCURA-150x150.jpg",150,150,true],"medium":["https:\/\/samanoticiasdurango.com\/wp-content\/uploads\/2023\/02\/LOCURA-300x169.jpg",300,169,true],"medium_large":["https:\/\/samanoticiasdurango.com\/wp-content\/uploads\/2023\/02\/LOCURA-768x432.jpg",640,360,true],"large":["https:\/\/samanoticiasdurango.com\/wp-content\/uploads\/2023\/02\/LOCURA-1024x576.jpg",640,360,true],"1536x1536":["https:\/\/samanoticiasdurango.com\/wp-content\/uploads\/2023\/02\/LOCURA-1536x864.jpg",1536,864,true],"2048x2048":["https:\/\/samanoticiasdurango.com\/wp-content\/uploads\/2023\/02\/LOCURA.jpg",1600,900,false],"chromenews-featured":["https:\/\/samanoticiasdurango.com\/wp-content\/uploads\/2023\/02\/LOCURA-1024x576.jpg",1024,576,true],"chromenews-large":["https:\/\/samanoticiasdurango.com\/wp-content\/uploads\/2023\/02\/LOCURA-825x575.jpg",825,575,true],"chromenews-medium":["https:\/\/samanoticiasdurango.com\/wp-content\/uploads\/2023\/02\/LOCURA-590x410.jpg",590,410,true]},"author_info":{"display_name":"Redacci\u00f3n","author_link":"https:\/\/samanoticiasdurango.com\/index.php\/author\/jjsama13gmail-com\/"},"category_info":"<a href=\"https:\/\/samanoticiasdurango.com\/index.php\/category\/colaboracion\/\" rel=\"category tag\">OPINION<\/a>","tag_info":"OPINION","comment_count":"0","jetpack_sharing_enabled":true,"_links":{"self":[{"href":"https:\/\/samanoticiasdurango.com\/index.php\/wp-json\/wp\/v2\/posts\/4351","targetHints":{"allow":["GET"]}}],"collection":[{"href":"https:\/\/samanoticiasdurango.com\/index.php\/wp-json\/wp\/v2\/posts"}],"about":[{"href":"https:\/\/samanoticiasdurango.com\/index.php\/wp-json\/wp\/v2\/types\/post"}],"author":[{"embeddable":true,"href":"https:\/\/samanoticiasdurango.com\/index.php\/wp-json\/wp\/v2\/users\/1"}],"replies":[{"embeddable":true,"href":"https:\/\/samanoticiasdurango.com\/index.php\/wp-json\/wp\/v2\/comments?post=4351"}],"version-history":[{"count":1,"href":"https:\/\/samanoticiasdurango.com\/index.php\/wp-json\/wp\/v2\/posts\/4351\/revisions"}],"predecessor-version":[{"id":4353,"href":"https:\/\/samanoticiasdurango.com\/index.php\/wp-json\/wp\/v2\/posts\/4351\/revisions\/4353"}],"wp:featuredmedia":[{"embeddable":true,"href":"https:\/\/samanoticiasdurango.com\/index.php\/wp-json\/wp\/v2\/media\/4352"}],"wp:attachment":[{"href":"https:\/\/samanoticiasdurango.com\/index.php\/wp-json\/wp\/v2\/media?parent=4351"}],"wp:term":[{"taxonomy":"category","embeddable":true,"href":"https:\/\/samanoticiasdurango.com\/index.php\/wp-json\/wp\/v2\/categories?post=4351"},{"taxonomy":"post_tag","embeddable":true,"href":"https:\/\/samanoticiasdurango.com\/index.php\/wp-json\/wp\/v2\/tags?post=4351"}],"curies":[{"name":"wp","href":"https:\/\/api.w.org\/{rel}","templated":true}]}}