{"id":4420,"date":"2023-02-23T03:43:29","date_gmt":"2023-02-23T03:43:29","guid":{"rendered":"http:\/\/samanoticiasdurango.com\/?p=4420"},"modified":"2023-02-23T03:52:44","modified_gmt":"2023-02-23T03:52:44","slug":"en-libertad-el-secretario-general-del-supremo-tribunal-de-justicia-por-antonio-rodriguez","status":"publish","type":"post","link":"https:\/\/samanoticiasdurango.com\/index.php\/2023\/02\/23\/en-libertad-el-secretario-general-del-supremo-tribunal-de-justicia-por-antonio-rodriguez\/","title":{"rendered":"En libertad el Secretario General del Supremo Tribunal de JUSTICIA. Por Antonio Rodr\u00edguez"},"content":{"rendered":"\n<p>Se le hab\u00eda dictado como medida precautoria, el arraigo domiciliario. Pues a partir de la fecha contin\u00faa sujeto a proceso y dice nuestra Se\u00f1ora presidenta del Tribunal de Justicia, que esta libre y podr\u00e1 regresar a trabajar<br>Y Entonces qu\u00e9 va hacer con Miguel \u00c1ngel Olvera Porque recientemente lo nombr\u00f3 Secretario General en sustituci\u00f3n del que hab\u00eda sido encarcelado.<br>S\u00ed como Secretario General no re\u00fane los requisitos de ley para el encargo, menos como Juez. As\u00ed las cosas en el Templo de Justicia<br>La interrogante en los pasillos de el Tribunal de JUSTICIA \u2753 Qui\u00e9n est\u00e1 asesorando a Yolanda de la Torre. Y qui\u00e9n sigue<br>Muy extra\u00f1o el encarcelamiento de Daniel Mijares. \u2757\u2757\u2757<br>Porque de acuerdo al delito que le imputaron, no proced\u00eda que el fiscal solicitara la orden de captura, tampoco proced\u00eda que el juez ordenar\u00e1 la orden de captura sobre todo porque se trata de un delito que no es grave.<\/p>\n\n\n\n<p>Es decir que lo legal debi\u00f3 haber sido, que le notificaran para en una audiencia formular la imputaci\u00f3n.<\/p>\n\n\n\n<p>El no conocer el derecho conlleva a realizar acciones que con intenci\u00f3n o sin intenci\u00f3n generan un abuso de autoridad, c\u00f3mo lo fue la captura de Daniel Mijares. Pues sin prejuzgar sobre su conducta, no se le debi\u00f3 haber dictado orden de captura.<\/p>\n\n\n\n<p>El asesoramiento puede ser perverso y manipular la decisi\u00f3n.<\/p>\n\n\n\n<p>De ah\u00ed la importancia de tener conocedores del derecho dirigiendo la justicia en Durango.<\/p>\n\n\n\n<p>Pues bien pudieron ordenar la orden de cateo, incluso imputar un delito mayor.<\/p>\n\n\n\n<p>Y como han estado las cosas en el Tribunal de Justicia tenemos la confesi\u00f3n expresa de Ram\u00f3n Guzm\u00e1n Benavente qui\u00e9n anteriormente era el presidente del tribunal de Justicia \u2696\ufe0f\ud83e\uddd1\u200d\u2696\ufe0f qui\u00e9n explic\u00f3 que tom\u00f3 90 millones de pesos del fondo auxiliar para pagar sueldos y n\u00f3minas atrasadas porque el Gobierno del Estado no le depositaba su presupuesto.<\/p>\n\n\n\n<p>En esa comparaci\u00f3n de conductas, Entonces tenemos que Yolanda de la Torre tiene un comod\u00edn, el cual puede instrumentar cuando le plazca.<\/p>\n\n\n\n<p>Dicho de otro modo, as\u00ed las cosas, Entonces tenemos que el pleno autoriz\u00f3, seg\u00fan el dicho de Ram\u00f3n Guzm\u00e1n Benavente, tomar esos 90 millones de pesos de fondo auxiliar.<\/p>\n\n\n\n<p>De ah\u00ed que Yolanda bien puede con su s\u00faper asesor generar una orden de captura en contra de sus MAGISTRADOS sin importarle el fuero, ni el pacto que Ram\u00f3n Guzm\u00e1n Benavente haya tenido con el candidato a senador Jos\u00e9 rosas Aispuro.<\/p>\n\n\n\n<p>Ahora bien Yolanda de la Torre no tiene ninguna responsabilidad, porque ella no gira las \u00f3rdenes de captura.<\/p>\n\n\n\n<p>Solo observa y deja las manos libres del s\u00faper asesor y del Mega juez \u2696\ufe0f\ud83e\uddd1\u200d\u2696\ufe0f<\/p>\n","protected":false},"excerpt":{"rendered":"<p>Se le hab\u00eda dictado como medida precautoria, el arraigo domiciliario. Pues a partir de la<\/p>\n","protected":false},"author":1,"featured_media":4424,"comment_status":"open","ping_status":"open","sticky":false,"template":"","format":"standard","meta":{"om_disable_all_campaigns":false,"_monsterinsights_skip_tracking":false,"_monsterinsights_sitenote_active":false,"_monsterinsights_sitenote_note":"","_monsterinsights_sitenote_category":0,"_jetpack_memberships_contains_paid_content":false,"footnotes":"","jetpack_publicize_message":"","jetpack_publicize_feature_enabled":true,"jetpack_social_post_already_shared":false,"jetpack_social_options":{"image_generator_settings":{"template":"highway","enabled":false},"version":2}},"categories":[1],"tags":[],"class_list":["post-4420","post","type-post","status-publish","format-standard","has-post-thumbnail","hentry","category-archivo"],"jetpack_publicize_connections":[],"aioseo_notices":[],"jetpack_featured_media_url":"https:\/\/samanoticiasdurango.com\/wp-content\/uploads\/2023\/02\/JUSTICIA.jpg","featured_image_urls":{"full":["https:\/\/samanoticiasdurango.com\/wp-content\/uploads\/2023\/02\/JUSTICIA.jpg",700,394,false],"thumbnail":["https:\/\/samanoticiasdurango.com\/wp-content\/uploads\/2023\/02\/JUSTICIA-150x150.jpg",150,150,true],"medium":["https:\/\/samanoticiasdurango.com\/wp-content\/uploads\/2023\/02\/JUSTICIA-300x169.jpg",300,169,true],"medium_large":["https:\/\/samanoticiasdurango.com\/wp-content\/uploads\/2023\/02\/JUSTICIA.jpg",640,360,false],"large":["https:\/\/samanoticiasdurango.com\/wp-content\/uploads\/2023\/02\/JUSTICIA.jpg",640,360,false],"1536x1536":["https:\/\/samanoticiasdurango.com\/wp-content\/uploads\/2023\/02\/JUSTICIA.jpg",700,394,false],"2048x2048":["https:\/\/samanoticiasdurango.com\/wp-content\/uploads\/2023\/02\/JUSTICIA.jpg",700,394,false],"chromenews-featured":["https:\/\/samanoticiasdurango.com\/wp-content\/uploads\/2023\/02\/JUSTICIA.jpg",700,394,false],"chromenews-large":["https:\/\/samanoticiasdurango.com\/wp-content\/uploads\/2023\/02\/JUSTICIA.jpg",700,394,false],"chromenews-medium":["https:\/\/samanoticiasdurango.com\/wp-content\/uploads\/2023\/02\/JUSTICIA-590x394.jpg",590,394,true]},"author_info":{"display_name":"Redacci\u00f3n","author_link":"https:\/\/samanoticiasdurango.com\/index.php\/author\/jjsama13gmail-com\/"},"category_info":"<a href=\"https:\/\/samanoticiasdurango.com\/index.php\/category\/archivo\/\" rel=\"category tag\">DURANGO<\/a>","tag_info":"DURANGO","comment_count":"0","jetpack_sharing_enabled":true,"_links":{"self":[{"href":"https:\/\/samanoticiasdurango.com\/index.php\/wp-json\/wp\/v2\/posts\/4420","targetHints":{"allow":["GET"]}}],"collection":[{"href":"https:\/\/samanoticiasdurango.com\/index.php\/wp-json\/wp\/v2\/posts"}],"about":[{"href":"https:\/\/samanoticiasdurango.com\/index.php\/wp-json\/wp\/v2\/types\/post"}],"author":[{"embeddable":true,"href":"https:\/\/samanoticiasdurango.com\/index.php\/wp-json\/wp\/v2\/users\/1"}],"replies":[{"embeddable":true,"href":"https:\/\/samanoticiasdurango.com\/index.php\/wp-json\/wp\/v2\/comments?post=4420"}],"version-history":[{"count":2,"href":"https:\/\/samanoticiasdurango.com\/index.php\/wp-json\/wp\/v2\/posts\/4420\/revisions"}],"predecessor-version":[{"id":4425,"href":"https:\/\/samanoticiasdurango.com\/index.php\/wp-json\/wp\/v2\/posts\/4420\/revisions\/4425"}],"wp:featuredmedia":[{"embeddable":true,"href":"https:\/\/samanoticiasdurango.com\/index.php\/wp-json\/wp\/v2\/media\/4424"}],"wp:attachment":[{"href":"https:\/\/samanoticiasdurango.com\/index.php\/wp-json\/wp\/v2\/media?parent=4420"}],"wp:term":[{"taxonomy":"category","embeddable":true,"href":"https:\/\/samanoticiasdurango.com\/index.php\/wp-json\/wp\/v2\/categories?post=4420"},{"taxonomy":"post_tag","embeddable":true,"href":"https:\/\/samanoticiasdurango.com\/index.php\/wp-json\/wp\/v2\/tags?post=4420"}],"curies":[{"name":"wp","href":"https:\/\/api.w.org\/{rel}","templated":true}]}}