{"id":492,"date":"2022-05-02T22:00:04","date_gmt":"2022-05-02T22:00:04","guid":{"rendered":"http:\/\/samanoticiasdurango.com\/?p=492"},"modified":"2022-05-02T22:00:08","modified_gmt":"2022-05-02T22:00:08","slug":"en-mi-gobierno-no-solo-habra-uniformes-gratuitos-sino-tambien-mochilas-tenis-y-utiles-escolares-marina-vitela","status":"publish","type":"post","link":"https:\/\/samanoticiasdurango.com\/index.php\/2022\/05\/02\/en-mi-gobierno-no-solo-habra-uniformes-gratuitos-sino-tambien-mochilas-tenis-y-utiles-escolares-marina-vitela\/","title":{"rendered":"\u201cEn mi gobierno no s\u00f3lo habr\u00e1 uniformes gratuitos, sino tambi\u00e9n mochilas, tenis y \u00fatiles escolares\u201d: Marina Vitela"},"content":{"rendered":"\n<p>Un respiro a la econom\u00eda familiar y un impulso extra a la formaci\u00f3n de las ni\u00f1as y ni\u00f1os de Durango ser\u00e1 el resultado del programa \u201cEducar para Transformar\u201d, que anunci\u00f3 Marina Vitela, candidata a la gubernatura por la coalici\u00f3n \u201cJuntos Hacemos Historia\u201d.<\/p>\n\n\n\n<p>En el marco del D\u00eda del Ni\u00f1o, coincidi\u00f3 con padres de familia en que lo mejor que podemos darle a nuestros hijos es la formaci\u00f3n para su futuro.<\/p>\n\n\n\n<p>\u201cEn mi gobierno no s\u00f3lo habr\u00e1 uniformes gratuitos, sino tambi\u00e9n mochilas, tenis y \u00fatiles escolares\u201d, detall\u00f3 la candidata.<\/p>\n\n\n\n<p>Record\u00f3 que la pandemia fue dif\u00edcil, muchos perdieron su trabajo o su negocio, no ve\u00edan la manera de solventar la educaci\u00f3n de sus hijos, &#8220;pero este gobierno del cambio verdadero les brindar\u00e1 a todos la esperanza de un futuro prometedor, en especial para los que m\u00e1s lo necesitan&#8221;, destac\u00f3.<\/p>\n\n\n\n<p>Hugo Delgado, presidente de la Asociaci\u00f3n de Padres de Familia, Interfac, destac\u00f3, &#8220;los padres de familia trabajamos d\u00eda a d\u00eda para llevar el sustento a casa y batallamos cuando es el regreso a clases, porque hay quienes tienen m\u00e1s de tres hijos en edad escolar y el programa \u2018Educar para Transformar\u2019 resulta una gran noticia\u201d.<\/p>\n\n\n\n<p>Adem\u00e1s recalc\u00f3 que el anuncio de la abanderada por Morena-PT-PVEM-RSP-Ruta5&nbsp; les brindar\u00e1n desayunos en las escuelas a los ni\u00f1os de preescolar, primaria y secundaria.<\/p>\n\n\n\n<p>Marina Vitela, asever\u00f3 que esta iniciativa nace de la necesidad que ha visto en zonas como el norte del estado y el Mezquital, as\u00ed como la gran necesidad de reactivar la econom\u00eda local, pero tambi\u00e9n de la visi\u00f3n como madre y abuela de generar las condiciones para que las ni\u00f1as y ni\u00f1os gocen de oportunidades y un desarrollo integral.<\/p>\n\n\n\n<p><a><\/a>Y ante la solicitud de la Asociaci\u00f3n de Padres de Familia Interfac, de que haya terapeutas profesionales en cada plantel escolar para que sus hijos tengan las herramientas para desarrollar inteligencia emocional, la candidata dijo que, como legisladora, present\u00f3 una iniciativa relacionada al tema y que permitir\u00eda a los estudiantes de Psicolog\u00eda realizar su servicio social en las escuelas.<\/p>\n","protected":false},"excerpt":{"rendered":"<p>Un respiro a la econom\u00eda familiar y un impulso extra a la formaci\u00f3n de las<\/p>\n","protected":false},"author":1,"featured_media":493,"comment_status":"open","ping_status":"open","sticky":false,"template":"","format":"standard","meta":{"om_disable_all_campaigns":false,"_monsterinsights_skip_tracking":false,"_monsterinsights_sitenote_active":false,"_monsterinsights_sitenote_note":"","_monsterinsights_sitenote_category":0,"_jetpack_memberships_contains_paid_content":false,"footnotes":"","jetpack_publicize_message":"","jetpack_publicize_feature_enabled":true,"jetpack_social_post_already_shared":false,"jetpack_social_options":{"image_generator_settings":{"template":"highway","enabled":false},"version":2}},"categories":[1],"tags":[],"class_list":["post-492","post","type-post","status-publish","format-standard","has-post-thumbnail","hentry","category-archivo"],"jetpack_publicize_connections":[],"aioseo_notices":[],"jetpack_featured_media_url":"https:\/\/samanoticiasdurango.com\/wp-content\/uploads\/2022\/05\/Final-Educacion-Marina.m4v.00_02_23_03.Imagen-fija001.jpg","featured_image_urls":{"full":["https:\/\/samanoticiasdurango.com\/wp-content\/uploads\/2022\/05\/Final-Educacion-Marina.m4v.00_02_23_03.Imagen-fija001.jpg",1920,1080,false],"thumbnail":["https:\/\/samanoticiasdurango.com\/wp-content\/uploads\/2022\/05\/Final-Educacion-Marina.m4v.00_02_23_03.Imagen-fija001-150x150.jpg",150,150,true],"medium":["https:\/\/samanoticiasdurango.com\/wp-content\/uploads\/2022\/05\/Final-Educacion-Marina.m4v.00_02_23_03.Imagen-fija001-300x169.jpg",300,169,true],"medium_large":["https:\/\/samanoticiasdurango.com\/wp-content\/uploads\/2022\/05\/Final-Educacion-Marina.m4v.00_02_23_03.Imagen-fija001-768x432.jpg",640,360,true],"large":["https:\/\/samanoticiasdurango.com\/wp-content\/uploads\/2022\/05\/Final-Educacion-Marina.m4v.00_02_23_03.Imagen-fija001-1024x576.jpg",640,360,true],"1536x1536":["https:\/\/samanoticiasdurango.com\/wp-content\/uploads\/2022\/05\/Final-Educacion-Marina.m4v.00_02_23_03.Imagen-fija001-1536x864.jpg",1536,864,true],"2048x2048":["https:\/\/samanoticiasdurango.com\/wp-content\/uploads\/2022\/05\/Final-Educacion-Marina.m4v.00_02_23_03.Imagen-fija001.jpg",1920,1080,false],"chromenews-featured":["https:\/\/samanoticiasdurango.com\/wp-content\/uploads\/2022\/05\/Final-Educacion-Marina.m4v.00_02_23_03.Imagen-fija001-1024x576.jpg",1024,576,true],"chromenews-large":["https:\/\/samanoticiasdurango.com\/wp-content\/uploads\/2022\/05\/Final-Educacion-Marina.m4v.00_02_23_03.Imagen-fija001-825x575.jpg",825,575,true],"chromenews-medium":["https:\/\/samanoticiasdurango.com\/wp-content\/uploads\/2022\/05\/Final-Educacion-Marina.m4v.00_02_23_03.Imagen-fija001-590x410.jpg",590,410,true]},"author_info":{"display_name":"Redacci\u00f3n","author_link":"https:\/\/samanoticiasdurango.com\/index.php\/author\/jjsama13gmail-com\/"},"category_info":"<a href=\"https:\/\/samanoticiasdurango.com\/index.php\/category\/archivo\/\" rel=\"category tag\">DURANGO<\/a>","tag_info":"DURANGO","comment_count":"0","jetpack_sharing_enabled":true,"_links":{"self":[{"href":"https:\/\/samanoticiasdurango.com\/index.php\/wp-json\/wp\/v2\/posts\/492","targetHints":{"allow":["GET"]}}],"collection":[{"href":"https:\/\/samanoticiasdurango.com\/index.php\/wp-json\/wp\/v2\/posts"}],"about":[{"href":"https:\/\/samanoticiasdurango.com\/index.php\/wp-json\/wp\/v2\/types\/post"}],"author":[{"embeddable":true,"href":"https:\/\/samanoticiasdurango.com\/index.php\/wp-json\/wp\/v2\/users\/1"}],"replies":[{"embeddable":true,"href":"https:\/\/samanoticiasdurango.com\/index.php\/wp-json\/wp\/v2\/comments?post=492"}],"version-history":[{"count":1,"href":"https:\/\/samanoticiasdurango.com\/index.php\/wp-json\/wp\/v2\/posts\/492\/revisions"}],"predecessor-version":[{"id":494,"href":"https:\/\/samanoticiasdurango.com\/index.php\/wp-json\/wp\/v2\/posts\/492\/revisions\/494"}],"wp:featuredmedia":[{"embeddable":true,"href":"https:\/\/samanoticiasdurango.com\/index.php\/wp-json\/wp\/v2\/media\/493"}],"wp:attachment":[{"href":"https:\/\/samanoticiasdurango.com\/index.php\/wp-json\/wp\/v2\/media?parent=492"}],"wp:term":[{"taxonomy":"category","embeddable":true,"href":"https:\/\/samanoticiasdurango.com\/index.php\/wp-json\/wp\/v2\/categories?post=492"},{"taxonomy":"post_tag","embeddable":true,"href":"https:\/\/samanoticiasdurango.com\/index.php\/wp-json\/wp\/v2\/tags?post=492"}],"curies":[{"name":"wp","href":"https:\/\/api.w.org\/{rel}","templated":true}]}}