{"id":5040,"date":"2023-04-15T18:51:22","date_gmt":"2023-04-15T18:51:22","guid":{"rendered":"http:\/\/samanoticiasdurango.com\/?p=5040"},"modified":"2023-04-15T18:54:43","modified_gmt":"2023-04-15T18:54:43","slug":"presentan-iniciativa-para-combatir-violencia-mediatica","status":"publish","type":"post","link":"https:\/\/samanoticiasdurango.com\/index.php\/2023\/04\/15\/presentan-iniciativa-para-combatir-violencia-mediatica\/","title":{"rendered":"Presentan iniciativa para combatir violencia medi\u00e1tica"},"content":{"rendered":"\n<p>A fin de combatir la violencia de g\u00e9nero y evitar la difusi\u00f3n de estereotipos, la dominaci\u00f3n, desigualdad y discriminaci\u00f3n o la subordinaci\u00f3n de la mujer, la diputada Sandra Amaya Rosales present\u00f3 la iniciativa de reformas a la Ley de las Mujeres para una Vida sin Violencia.<\/p>\n\n\n\n<p>\u201cDebemos de tener claro que la protecci\u00f3n de los derechos de las mujeres, no solo depende de las leyes y de las pol\u00edticas p\u00fablicas, sino tambi\u00e9n de la educaci\u00f3n y la cultura de nuestra sociedad, porque solo as\u00ed lograremos ser un Durango m\u00e1s igualitario y m\u00e1s justo, fomentando el respeto y la empat\u00eda hacia las mujeres\u201d, resalt\u00f3.<\/p>\n\n\n\n<p>Al hacer uso de la tribuna, explic\u00f3 que hay muchos otros tipos de violencia contra las mujeres, m\u00e1s sutiles, pero que tambi\u00e9n generan un da\u00f1o profundo en la sociedad, ya que de manera silenciosa se va normalizando la violencia en sus diferentes expresiones.<\/p>\n\n\n\n<p>Al respecto, puso como ejemplo que la violencia medi\u00e1tica en contra de las mujeres es un problema grave en nuestro pa\u00eds, la cual se refiere a la forma en que los medios de comunicaci\u00f3n, incluyendo las redes sociales, perpet\u00faan y normalizan la violencia de g\u00e9nero a trav\u00e9s de la difusi\u00f3n de estereotipos y contenidos sexistas.<\/p>\n\n\n\n<p>\u201cA menudo se les representa como objetos sexuales o se les muestra en roles tradicionales de g\u00e9nero, como el cuidado del hogar y la familia. Esto perpet\u00faa la idea de que las mujeres son inferiores a los hombres y que su papel en la sociedad es limitado\u201d, puntualiz\u00f3 a largo de su intervenci\u00f3n.<\/p>\n\n\n\n<p>Finalmente, coment\u00f3 que esta situaci\u00f3n no solo afecta a las mujeres, sino que tambi\u00e9n perjudica a la sociedad en su conjunto. \u201cLa normalizaci\u00f3n de la violencia de g\u00e9nero a trav\u00e9s de los medios de comunicaci\u00f3n contribuye a la perpetuaci\u00f3n de un sistema patriarcal que discrimina y excluye a las mujeres\u201d.<\/p>\n","protected":false},"excerpt":{"rendered":"<p>A fin de combatir la violencia de g\u00e9nero y evitar la difusi\u00f3n de estereotipos, la<\/p>\n","protected":false},"author":1,"featured_media":5041,"comment_status":"open","ping_status":"open","sticky":false,"template":"","format":"standard","meta":{"om_disable_all_campaigns":false,"_monsterinsights_skip_tracking":false,"_monsterinsights_sitenote_active":false,"_monsterinsights_sitenote_note":"","_monsterinsights_sitenote_category":0,"_jetpack_memberships_contains_paid_content":false,"footnotes":"","jetpack_publicize_message":"","jetpack_publicize_feature_enabled":true,"jetpack_social_post_already_shared":false,"jetpack_social_options":{"image_generator_settings":{"template":"highway","enabled":false},"version":2}},"categories":[1],"tags":[],"class_list":["post-5040","post","type-post","status-publish","format-standard","has-post-thumbnail","hentry","category-archivo"],"jetpack_publicize_connections":[],"aioseo_notices":[],"jetpack_featured_media_url":"https:\/\/samanoticiasdurango.com\/wp-content\/uploads\/2023\/04\/Secuencia-03.00_00_02_16.Imagen-fija011.png","featured_image_urls":{"full":["https:\/\/samanoticiasdurango.com\/wp-content\/uploads\/2023\/04\/Secuencia-03.00_00_02_16.Imagen-fija011.png",1600,900,false],"thumbnail":["https:\/\/samanoticiasdurango.com\/wp-content\/uploads\/2023\/04\/Secuencia-03.00_00_02_16.Imagen-fija011-150x150.png",150,150,true],"medium":["https:\/\/samanoticiasdurango.com\/wp-content\/uploads\/2023\/04\/Secuencia-03.00_00_02_16.Imagen-fija011-300x169.png",300,169,true],"medium_large":["https:\/\/samanoticiasdurango.com\/wp-content\/uploads\/2023\/04\/Secuencia-03.00_00_02_16.Imagen-fija011-768x432.png",640,360,true],"large":["https:\/\/samanoticiasdurango.com\/wp-content\/uploads\/2023\/04\/Secuencia-03.00_00_02_16.Imagen-fija011-1024x576.png",640,360,true],"1536x1536":["https:\/\/samanoticiasdurango.com\/wp-content\/uploads\/2023\/04\/Secuencia-03.00_00_02_16.Imagen-fija011-1536x864.png",1536,864,true],"2048x2048":["https:\/\/samanoticiasdurango.com\/wp-content\/uploads\/2023\/04\/Secuencia-03.00_00_02_16.Imagen-fija011.png",1600,900,false],"chromenews-featured":["https:\/\/samanoticiasdurango.com\/wp-content\/uploads\/2023\/04\/Secuencia-03.00_00_02_16.Imagen-fija011-1024x576.png",1024,576,true],"chromenews-large":["https:\/\/samanoticiasdurango.com\/wp-content\/uploads\/2023\/04\/Secuencia-03.00_00_02_16.Imagen-fija011-825x575.png",825,575,true],"chromenews-medium":["https:\/\/samanoticiasdurango.com\/wp-content\/uploads\/2023\/04\/Secuencia-03.00_00_02_16.Imagen-fija011-590x410.png",590,410,true]},"author_info":{"display_name":"Redacci\u00f3n","author_link":"https:\/\/samanoticiasdurango.com\/index.php\/author\/jjsama13gmail-com\/"},"category_info":"<a href=\"https:\/\/samanoticiasdurango.com\/index.php\/category\/archivo\/\" rel=\"category tag\">DURANGO<\/a>","tag_info":"DURANGO","comment_count":"0","jetpack_sharing_enabled":true,"_links":{"self":[{"href":"https:\/\/samanoticiasdurango.com\/index.php\/wp-json\/wp\/v2\/posts\/5040","targetHints":{"allow":["GET"]}}],"collection":[{"href":"https:\/\/samanoticiasdurango.com\/index.php\/wp-json\/wp\/v2\/posts"}],"about":[{"href":"https:\/\/samanoticiasdurango.com\/index.php\/wp-json\/wp\/v2\/types\/post"}],"author":[{"embeddable":true,"href":"https:\/\/samanoticiasdurango.com\/index.php\/wp-json\/wp\/v2\/users\/1"}],"replies":[{"embeddable":true,"href":"https:\/\/samanoticiasdurango.com\/index.php\/wp-json\/wp\/v2\/comments?post=5040"}],"version-history":[{"count":1,"href":"https:\/\/samanoticiasdurango.com\/index.php\/wp-json\/wp\/v2\/posts\/5040\/revisions"}],"predecessor-version":[{"id":5042,"href":"https:\/\/samanoticiasdurango.com\/index.php\/wp-json\/wp\/v2\/posts\/5040\/revisions\/5042"}],"wp:featuredmedia":[{"embeddable":true,"href":"https:\/\/samanoticiasdurango.com\/index.php\/wp-json\/wp\/v2\/media\/5041"}],"wp:attachment":[{"href":"https:\/\/samanoticiasdurango.com\/index.php\/wp-json\/wp\/v2\/media?parent=5040"}],"wp:term":[{"taxonomy":"category","embeddable":true,"href":"https:\/\/samanoticiasdurango.com\/index.php\/wp-json\/wp\/v2\/categories?post=5040"},{"taxonomy":"post_tag","embeddable":true,"href":"https:\/\/samanoticiasdurango.com\/index.php\/wp-json\/wp\/v2\/tags?post=5040"}],"curies":[{"name":"wp","href":"https:\/\/api.w.org\/{rel}","templated":true}]}}