{"id":5331,"date":"2023-04-30T18:39:34","date_gmt":"2023-04-30T18:39:34","guid":{"rendered":"http:\/\/samanoticiasdurango.com\/?p=5331"},"modified":"2023-04-30T18:40:44","modified_gmt":"2023-04-30T18:40:44","slug":"papa-francisco-pide-a-los-paises-que-trabajen-por-la-paz-mas-cunas-menos-tumbas-efe","status":"publish","type":"post","link":"https:\/\/samanoticiasdurango.com\/index.php\/2023\/04\/30\/papa-francisco-pide-a-los-paises-que-trabajen-por-la-paz-mas-cunas-menos-tumbas-efe\/","title":{"rendered":"Papa Francisco pide a los pa\u00edses que trabajen por la paz; \u201cm\u00e1s cunas, menos tumbas\u201d: EFE"},"content":{"rendered":"\n<p>El&nbsp;<strong>papa Francisco<\/strong>&nbsp;volvi\u00f3 a pedir esfuerzos a los responsables de los pa\u00edses para la&nbsp;<strong>paz<\/strong>, con una referencia a la guerra en Ucrania, y para \u201cun futuro lleno de cunas, no de tumbas, un mundo de hermanos y no de muros\u201d, durante el mensaje tras la oraci\u00f3n del Regina Coeli durante su visita a&nbsp;<a href=\"https:\/\/www.vaticannews.va\/es\/papa\/news\/2023-04\/papa-francisco-regina-caeli-hungria-paz-rusia-ucrania.html\" target=\"_blank\" rel=\"noreferrer noopener\">Budapest<\/a>.<\/p>\n\n\n\n<p>Al terminar la misa que celebr\u00f3 ante 50 mil personas en la capital h\u00fangara, el papa confi\u00f3 al coraz\u00f3n de la Virgen \u201cel futuro de todo el continente europeo\u201d, del que dijo ha estado pensando estos d\u00edas y en particular \u201ca la causa de la paz\u201d.<\/p>\n\n\n\n<p>\u201cSant\u00edsima Virgen, mira a los pueblos que m\u00e1s sufren. Mira sobre todo al cercano y martirizado pueblo ucraniano y al pueblo ruso, consagrados a ti\u201d, afirm\u00f3 el pont\u00edfice que en este viaje ha tenido muy presente la guerra en las reuniones que ha mantenido como con el primer ministro, Viktor Orb\u00e1n, el mandatario europeo m\u00e1s cercano al presidente ruso, Vladimir Putin, y con el metropolita de Budapest, Hilarion, de la Iglesia ortodoxa rusa.<\/p>\n\n\n\n<p>\u201cT\u00fa eres la Reina de la paz, infunde en los corazones de los hombres y de los responsables de las naciones el deseo de construir la paz, de dar a las j\u00f3venes generaciones un futuro de esperanza, no de guerra; un futuro lleno de cunas, no de tumbas; un mundo de hermanos, no de muros\u201d, fue el llamamiento del papa.<\/p>\n\n\n\n<p>En su saludo final tras tres d\u00edas de viaje, el papa afirm\u00f3: \u201cEs hermoso que las fronteras no representen barreras que separan, sino zonas de contacto; y que los creyentes en Cristo pongan en primer lugar la caridad que une y no las diferencias hist\u00f3ricas, culturales y religiosas que dividen\u201d.<\/p>\n\n\n\n<p>Durante este viaje, el papa ha hecho en varias ocasiones referencia a la necesidad de una Iglesia que acoja a los migrantes y tambi\u00e9n durante la homil\u00eda de hoy lamento \u201clas puertas cerradas\u201d.<\/p>\n\n\n\n<p>Francisco concluir\u00e1 su visita a Hungr\u00eda con un discurso en la Facultad de Inform\u00e1tica y Ciencias Bi\u00f3nicas de la Universidad Cat\u00f3lica P\u00e9ter P\u00e1zm\u00e1ny de Budapest dirigido al mundo acad\u00e9mico y universitario.<\/p>\n\n\n\n<p>Con informaci\u00f3n de EFE<\/p>\n","protected":false},"excerpt":{"rendered":"<p>El&nbsp;papa Francisco&nbsp;volvi\u00f3 a pedir esfuerzos a los responsables de los pa\u00edses para la&nbsp;paz, con una<\/p>\n","protected":false},"author":1,"featured_media":5332,"comment_status":"open","ping_status":"open","sticky":false,"template":"","format":"standard","meta":{"om_disable_all_campaigns":false,"_monsterinsights_skip_tracking":false,"_monsterinsights_sitenote_active":false,"_monsterinsights_sitenote_note":"","_monsterinsights_sitenote_category":0,"_jetpack_memberships_contains_paid_content":false,"footnotes":"","jetpack_publicize_message":"","jetpack_publicize_feature_enabled":true,"jetpack_social_post_already_shared":false,"jetpack_social_options":{"image_generator_settings":{"template":"highway","enabled":false},"version":2}},"categories":[6],"tags":[],"class_list":["post-5331","post","type-post","status-publish","format-standard","has-post-thumbnail","hentry","category-internacional"],"jetpack_publicize_connections":[],"aioseo_notices":[],"jetpack_featured_media_url":"https:\/\/samanoticiasdurango.com\/wp-content\/uploads\/2023\/04\/SALAS_MANCINAS.00_00_36_06.Imagen-fija002.jpg","featured_image_urls":{"full":["https:\/\/samanoticiasdurango.com\/wp-content\/uploads\/2023\/04\/SALAS_MANCINAS.00_00_36_06.Imagen-fija002.jpg",1600,900,false],"thumbnail":["https:\/\/samanoticiasdurango.com\/wp-content\/uploads\/2023\/04\/SALAS_MANCINAS.00_00_36_06.Imagen-fija002-150x150.jpg",150,150,true],"medium":["https:\/\/samanoticiasdurango.com\/wp-content\/uploads\/2023\/04\/SALAS_MANCINAS.00_00_36_06.Imagen-fija002-300x169.jpg",300,169,true],"medium_large":["https:\/\/samanoticiasdurango.com\/wp-content\/uploads\/2023\/04\/SALAS_MANCINAS.00_00_36_06.Imagen-fija002-768x432.jpg",640,360,true],"large":["https:\/\/samanoticiasdurango.com\/wp-content\/uploads\/2023\/04\/SALAS_MANCINAS.00_00_36_06.Imagen-fija002-1024x576.jpg",640,360,true],"1536x1536":["https:\/\/samanoticiasdurango.com\/wp-content\/uploads\/2023\/04\/SALAS_MANCINAS.00_00_36_06.Imagen-fija002-1536x864.jpg",1536,864,true],"2048x2048":["https:\/\/samanoticiasdurango.com\/wp-content\/uploads\/2023\/04\/SALAS_MANCINAS.00_00_36_06.Imagen-fija002.jpg",1600,900,false],"chromenews-featured":["https:\/\/samanoticiasdurango.com\/wp-content\/uploads\/2023\/04\/SALAS_MANCINAS.00_00_36_06.Imagen-fija002-1024x576.jpg",1024,576,true],"chromenews-large":["https:\/\/samanoticiasdurango.com\/wp-content\/uploads\/2023\/04\/SALAS_MANCINAS.00_00_36_06.Imagen-fija002-825x575.jpg",825,575,true],"chromenews-medium":["https:\/\/samanoticiasdurango.com\/wp-content\/uploads\/2023\/04\/SALAS_MANCINAS.00_00_36_06.Imagen-fija002-590x410.jpg",590,410,true]},"author_info":{"display_name":"Redacci\u00f3n","author_link":"https:\/\/samanoticiasdurango.com\/index.php\/author\/jjsama13gmail-com\/"},"category_info":"<a href=\"https:\/\/samanoticiasdurango.com\/index.php\/category\/internacional\/\" rel=\"category tag\">INTERNACIONAL<\/a>","tag_info":"INTERNACIONAL","comment_count":"0","jetpack_sharing_enabled":true,"_links":{"self":[{"href":"https:\/\/samanoticiasdurango.com\/index.php\/wp-json\/wp\/v2\/posts\/5331","targetHints":{"allow":["GET"]}}],"collection":[{"href":"https:\/\/samanoticiasdurango.com\/index.php\/wp-json\/wp\/v2\/posts"}],"about":[{"href":"https:\/\/samanoticiasdurango.com\/index.php\/wp-json\/wp\/v2\/types\/post"}],"author":[{"embeddable":true,"href":"https:\/\/samanoticiasdurango.com\/index.php\/wp-json\/wp\/v2\/users\/1"}],"replies":[{"embeddable":true,"href":"https:\/\/samanoticiasdurango.com\/index.php\/wp-json\/wp\/v2\/comments?post=5331"}],"version-history":[{"count":1,"href":"https:\/\/samanoticiasdurango.com\/index.php\/wp-json\/wp\/v2\/posts\/5331\/revisions"}],"predecessor-version":[{"id":5333,"href":"https:\/\/samanoticiasdurango.com\/index.php\/wp-json\/wp\/v2\/posts\/5331\/revisions\/5333"}],"wp:featuredmedia":[{"embeddable":true,"href":"https:\/\/samanoticiasdurango.com\/index.php\/wp-json\/wp\/v2\/media\/5332"}],"wp:attachment":[{"href":"https:\/\/samanoticiasdurango.com\/index.php\/wp-json\/wp\/v2\/media?parent=5331"}],"wp:term":[{"taxonomy":"category","embeddable":true,"href":"https:\/\/samanoticiasdurango.com\/index.php\/wp-json\/wp\/v2\/categories?post=5331"},{"taxonomy":"post_tag","embeddable":true,"href":"https:\/\/samanoticiasdurango.com\/index.php\/wp-json\/wp\/v2\/tags?post=5331"}],"curies":[{"name":"wp","href":"https:\/\/api.w.org\/{rel}","templated":true}]}}