{"id":5385,"date":"2023-05-03T14:37:55","date_gmt":"2023-05-03T14:37:55","guid":{"rendered":"http:\/\/samanoticiasdurango.com\/?p=5385"},"modified":"2023-05-03T15:02:19","modified_gmt":"2023-05-03T15:02:19","slug":"dia-mundial-de-la-libertad-de-expresion","status":"publish","type":"post","link":"https:\/\/samanoticiasdurango.com\/index.php\/2023\/05\/03\/dia-mundial-de-la-libertad-de-expresion\/","title":{"rendered":"D\u00eda Mundial de la Libertad de Expresi\u00f3n"},"content":{"rendered":"\n<p>La libertad de expresi\u00f3n y pensamiento es un derecho humano que permite a una persona o grupo de personas expresar y comunicar sus opiniones y pensamientos sin temor a ser castigados o censurados. Este derecho es esencial para las sociedades democr\u00e1ticas y cualquier violaci\u00f3n del mismo es un ataque a la libertad.<\/p>\n\n\n\n<p>Es importante porque permite el intercambio de ideas, el debate p\u00fablico y la cr\u00edtica constructiva, lo que enriquece y fortalece la democracia. Sin embargo, esta libertad no es absoluta y tiene restricciones para garantizar otros derechos, como la protecci\u00f3n de la dignidad humana, la privacidad y la seguridad nacional.<\/p>\n\n\n\n<p>El 3 de mayo se celebra el D\u00eda Mundial de la Libertad de Prensa, decretada por la ONU desde el a\u00f1o 1993.<\/p>\n\n\n\n<p>En esta fecha se eval\u00faa el estado de la libertad de prensa a nivel mundial, la defensa a los ataques a la independencia de la prensa y de los periodistas y se rinde homenaje a aquellos profesionales del periodismo que han perdido la vida en el ejercicio de su labor.<\/p>\n\n\n\n<h2 class=\"wp-block-heading\" id=\"resTit_2\">\u00bfQu\u00e9 se entiende por libertad de prensa?<\/h2>\n\n\n\n<p>La libertad de prensa es el derecho que tienen todos los medios de comunicaci\u00f3n de investigar y&nbsp;<a href=\"https:\/\/cadenapolitica.com\/met-gala-2023-famosos-atrajeron-miradas-en-el-desfile\/\">mantener<\/a>&nbsp;informada a la sociedad en general sobre los hechos y acontecimientos que suceden en el d\u00eda a d\u00eda, sin que por ello, puedan ser v\u00edctimas de censura, acoso, hostigamiento o alg\u00fan tipo de coacci\u00f3n durante el ejercicio de su profesi\u00f3n.<\/p>\n\n\n\n<p>La libertad de prensa goza de una garant\u00eda constitucional, a trav\u00e9s de la cual, de forma totalmente libre y democr\u00e1tica, las personas pueden unirse para crear medios de comunicaci\u00f3n aut\u00f3nomos y libres de censura.<\/p>\n","protected":false},"excerpt":{"rendered":"<p>La libertad de expresi\u00f3n y pensamiento es un derecho humano que permite a una persona<\/p>\n","protected":false},"author":1,"featured_media":5386,"comment_status":"open","ping_status":"open","sticky":false,"template":"","format":"standard","meta":{"om_disable_all_campaigns":false,"_monsterinsights_skip_tracking":false,"_monsterinsights_sitenote_active":false,"_monsterinsights_sitenote_note":"","_monsterinsights_sitenote_category":0,"_jetpack_memberships_contains_paid_content":false,"footnotes":"","jetpack_publicize_message":"","jetpack_publicize_feature_enabled":true,"jetpack_social_post_already_shared":false,"jetpack_social_options":{"image_generator_settings":{"template":"highway","enabled":false},"version":2}},"categories":[6],"tags":[],"class_list":["post-5385","post","type-post","status-publish","format-standard","has-post-thumbnail","hentry","category-internacional"],"jetpack_publicize_connections":[],"aioseo_notices":[],"jetpack_featured_media_url":"https:\/\/samanoticiasdurango.com\/wp-content\/uploads\/2023\/05\/00.jpg","featured_image_urls":{"full":["https:\/\/samanoticiasdurango.com\/wp-content\/uploads\/2023\/05\/00.jpg",1600,900,false],"thumbnail":["https:\/\/samanoticiasdurango.com\/wp-content\/uploads\/2023\/05\/00-150x150.jpg",150,150,true],"medium":["https:\/\/samanoticiasdurango.com\/wp-content\/uploads\/2023\/05\/00-300x169.jpg",300,169,true],"medium_large":["https:\/\/samanoticiasdurango.com\/wp-content\/uploads\/2023\/05\/00-768x432.jpg",640,360,true],"large":["https:\/\/samanoticiasdurango.com\/wp-content\/uploads\/2023\/05\/00-1024x576.jpg",640,360,true],"1536x1536":["https:\/\/samanoticiasdurango.com\/wp-content\/uploads\/2023\/05\/00-1536x864.jpg",1536,864,true],"2048x2048":["https:\/\/samanoticiasdurango.com\/wp-content\/uploads\/2023\/05\/00.jpg",1600,900,false],"chromenews-featured":["https:\/\/samanoticiasdurango.com\/wp-content\/uploads\/2023\/05\/00-1024x576.jpg",1024,576,true],"chromenews-large":["https:\/\/samanoticiasdurango.com\/wp-content\/uploads\/2023\/05\/00-825x575.jpg",825,575,true],"chromenews-medium":["https:\/\/samanoticiasdurango.com\/wp-content\/uploads\/2023\/05\/00-590x410.jpg",590,410,true]},"author_info":{"display_name":"Redacci\u00f3n","author_link":"https:\/\/samanoticiasdurango.com\/index.php\/author\/jjsama13gmail-com\/"},"category_info":"<a href=\"https:\/\/samanoticiasdurango.com\/index.php\/category\/internacional\/\" rel=\"category tag\">INTERNACIONAL<\/a>","tag_info":"INTERNACIONAL","comment_count":"0","jetpack_sharing_enabled":true,"_links":{"self":[{"href":"https:\/\/samanoticiasdurango.com\/index.php\/wp-json\/wp\/v2\/posts\/5385","targetHints":{"allow":["GET"]}}],"collection":[{"href":"https:\/\/samanoticiasdurango.com\/index.php\/wp-json\/wp\/v2\/posts"}],"about":[{"href":"https:\/\/samanoticiasdurango.com\/index.php\/wp-json\/wp\/v2\/types\/post"}],"author":[{"embeddable":true,"href":"https:\/\/samanoticiasdurango.com\/index.php\/wp-json\/wp\/v2\/users\/1"}],"replies":[{"embeddable":true,"href":"https:\/\/samanoticiasdurango.com\/index.php\/wp-json\/wp\/v2\/comments?post=5385"}],"version-history":[{"count":1,"href":"https:\/\/samanoticiasdurango.com\/index.php\/wp-json\/wp\/v2\/posts\/5385\/revisions"}],"predecessor-version":[{"id":5387,"href":"https:\/\/samanoticiasdurango.com\/index.php\/wp-json\/wp\/v2\/posts\/5385\/revisions\/5387"}],"wp:featuredmedia":[{"embeddable":true,"href":"https:\/\/samanoticiasdurango.com\/index.php\/wp-json\/wp\/v2\/media\/5386"}],"wp:attachment":[{"href":"https:\/\/samanoticiasdurango.com\/index.php\/wp-json\/wp\/v2\/media?parent=5385"}],"wp:term":[{"taxonomy":"category","embeddable":true,"href":"https:\/\/samanoticiasdurango.com\/index.php\/wp-json\/wp\/v2\/categories?post=5385"},{"taxonomy":"post_tag","embeddable":true,"href":"https:\/\/samanoticiasdurango.com\/index.php\/wp-json\/wp\/v2\/tags?post=5385"}],"curies":[{"name":"wp","href":"https:\/\/api.w.org\/{rel}","templated":true}]}}