{"id":5821,"date":"2023-06-26T22:48:05","date_gmt":"2023-06-26T22:48:05","guid":{"rendered":"http:\/\/samanoticiasdurango.com\/?p=5821"},"modified":"2023-06-26T22:50:35","modified_gmt":"2023-06-26T22:50:35","slug":"se-cumple-con-el-compromiso-que-se-tenia-de-regresar-los-uniformes","status":"publish","type":"post","link":"https:\/\/samanoticiasdurango.com\/index.php\/2023\/06\/26\/se-cumple-con-el-compromiso-que-se-tenia-de-regresar-los-uniformes\/","title":{"rendered":"Se cumple con el compromiso que se ten\u00eda de regresar los uniformes"},"content":{"rendered":"\n<p>Con este Gobierno s\u00ed hay uniformes escolares, queremos que se queden de manera permanente, expres\u00f3 el gobernador Esteban Villegas Villarreal al presentar junto a su esposa Marisol Rosso, en un evento llamativo y art\u00edstico, los nuevos modelos que los alumnos de educaci\u00f3n b\u00e1sica portar\u00e1n a partir de agosto en sus escuelas.<\/p>\n\n\n\n<p>Lo m\u00e1s importante es que exista igualdad entre los alumnos y que no haya diferencias en las instituciones, manifest\u00f3 el Mandatario Estatal a estudiantes de diferentes planteles educativos durante la din\u00e1mica de pasarela de prendas escolares.<\/p>\n\n\n\n<p>Y es que ser\u00e1n un apoyo permanente a la econom\u00eda familiar, ya que se quedar\u00e1n en Durango, porque qued\u00f3 estipulado en un decreto de ley; \u201cnadie los podr\u00e1 quitar\u201d, subray\u00f3.<\/p>\n\n\n\n<p>En el ciclo escolar 2023 -2024, se entregar\u00e1n 363 mil uniformes deportivos para educaci\u00f3n preescolar, primaria y secundaria, de los cuales 260 mil son para Durango y 103 mil para la Regi\u00f3n Laguna, detall\u00f3 el Gobernador.<\/p>\n\n\n\n<p>En el esquema de confecci\u00f3n de prendas, se crearon uniformes tradicionales para los estudiantes de escuelas ind\u00edgenas, cuyos dise\u00f1os los realizaron ellos mismos para ocho regiones espec\u00edficas como huicholes, mexicaneros y tepehuanos de distintas comunidades.<\/p>\n\n\n\n<p>En cuanto a su distribuci\u00f3n, \u00e9sta comenzar\u00e1 a partir del 28 de agosto, para que arranque el ciclo escolar 2023-2024 con estudiantes totalmente uniformados.<\/p>\n\n\n\n<p>La log\u00edstica correr\u00e1 a cargo del Gabinete Estatal, mediante la din\u00e1mica de padrinos, apoyados por la estructura de la Secretar\u00eda de Educaci\u00f3n, el DIF Estatal, los DIF Municipales, as\u00ed como tambi\u00e9n, el trabajo de la Direcci\u00f3n de Servicios Regionales.<\/p>\n\n\n\n<p>Con la presencia de Gabinete Estatal y el alcalde Jos\u00e9 Antonio Ochoa, Esteban Villegas, destac\u00f3 que, se cumple con el compromiso que se ten\u00eda de regresar los uniformes, los cuales brindar\u00e1n igualdad, motivaci\u00f3n y seguridad escolar a ni\u00f1as, ni\u00f1os y j\u00f3venes.<\/p>\n","protected":false},"excerpt":{"rendered":"<p>Con este Gobierno s\u00ed hay uniformes escolares, queremos que se queden de manera permanente, expres\u00f3<\/p>\n","protected":false},"author":1,"featured_media":5822,"comment_status":"open","ping_status":"open","sticky":false,"template":"","format":"standard","meta":{"om_disable_all_campaigns":false,"_monsterinsights_skip_tracking":false,"_monsterinsights_sitenote_active":false,"_monsterinsights_sitenote_note":"","_monsterinsights_sitenote_category":0,"_jetpack_memberships_contains_paid_content":false,"footnotes":"","jetpack_publicize_message":"","jetpack_publicize_feature_enabled":true,"jetpack_social_post_already_shared":false,"jetpack_social_options":{"image_generator_settings":{"template":"highway","enabled":false},"version":2}},"categories":[1],"tags":[],"class_list":["post-5821","post","type-post","status-publish","format-standard","has-post-thumbnail","hentry","category-archivo"],"jetpack_publicize_connections":[],"aioseo_notices":[],"jetpack_featured_media_url":"https:\/\/samanoticiasdurango.com\/wp-content\/uploads\/2023\/06\/90909090.jpg","featured_image_urls":{"full":["https:\/\/samanoticiasdurango.com\/wp-content\/uploads\/2023\/06\/90909090.jpg",1600,900,false],"thumbnail":["https:\/\/samanoticiasdurango.com\/wp-content\/uploads\/2023\/06\/90909090-150x150.jpg",150,150,true],"medium":["https:\/\/samanoticiasdurango.com\/wp-content\/uploads\/2023\/06\/90909090-300x169.jpg",300,169,true],"medium_large":["https:\/\/samanoticiasdurango.com\/wp-content\/uploads\/2023\/06\/90909090-768x432.jpg",640,360,true],"large":["https:\/\/samanoticiasdurango.com\/wp-content\/uploads\/2023\/06\/90909090-1024x576.jpg",640,360,true],"1536x1536":["https:\/\/samanoticiasdurango.com\/wp-content\/uploads\/2023\/06\/90909090-1536x864.jpg",1536,864,true],"2048x2048":["https:\/\/samanoticiasdurango.com\/wp-content\/uploads\/2023\/06\/90909090.jpg",1600,900,false],"chromenews-featured":["https:\/\/samanoticiasdurango.com\/wp-content\/uploads\/2023\/06\/90909090-1024x576.jpg",1024,576,true],"chromenews-large":["https:\/\/samanoticiasdurango.com\/wp-content\/uploads\/2023\/06\/90909090-825x575.jpg",825,575,true],"chromenews-medium":["https:\/\/samanoticiasdurango.com\/wp-content\/uploads\/2023\/06\/90909090-590x410.jpg",590,410,true]},"author_info":{"display_name":"Redacci\u00f3n","author_link":"https:\/\/samanoticiasdurango.com\/index.php\/author\/jjsama13gmail-com\/"},"category_info":"<a href=\"https:\/\/samanoticiasdurango.com\/index.php\/category\/archivo\/\" rel=\"category tag\">DURANGO<\/a>","tag_info":"DURANGO","comment_count":"0","jetpack_sharing_enabled":true,"_links":{"self":[{"href":"https:\/\/samanoticiasdurango.com\/index.php\/wp-json\/wp\/v2\/posts\/5821","targetHints":{"allow":["GET"]}}],"collection":[{"href":"https:\/\/samanoticiasdurango.com\/index.php\/wp-json\/wp\/v2\/posts"}],"about":[{"href":"https:\/\/samanoticiasdurango.com\/index.php\/wp-json\/wp\/v2\/types\/post"}],"author":[{"embeddable":true,"href":"https:\/\/samanoticiasdurango.com\/index.php\/wp-json\/wp\/v2\/users\/1"}],"replies":[{"embeddable":true,"href":"https:\/\/samanoticiasdurango.com\/index.php\/wp-json\/wp\/v2\/comments?post=5821"}],"version-history":[{"count":1,"href":"https:\/\/samanoticiasdurango.com\/index.php\/wp-json\/wp\/v2\/posts\/5821\/revisions"}],"predecessor-version":[{"id":5823,"href":"https:\/\/samanoticiasdurango.com\/index.php\/wp-json\/wp\/v2\/posts\/5821\/revisions\/5823"}],"wp:featuredmedia":[{"embeddable":true,"href":"https:\/\/samanoticiasdurango.com\/index.php\/wp-json\/wp\/v2\/media\/5822"}],"wp:attachment":[{"href":"https:\/\/samanoticiasdurango.com\/index.php\/wp-json\/wp\/v2\/media?parent=5821"}],"wp:term":[{"taxonomy":"category","embeddable":true,"href":"https:\/\/samanoticiasdurango.com\/index.php\/wp-json\/wp\/v2\/categories?post=5821"},{"taxonomy":"post_tag","embeddable":true,"href":"https:\/\/samanoticiasdurango.com\/index.php\/wp-json\/wp\/v2\/tags?post=5821"}],"curies":[{"name":"wp","href":"https:\/\/api.w.org\/{rel}","templated":true}]}}