{"id":5848,"date":"2023-06-30T05:40:45","date_gmt":"2023-06-30T05:40:45","guid":{"rendered":"http:\/\/samanoticiasdurango.com\/?p=5848"},"modified":"2023-06-30T05:43:31","modified_gmt":"2023-06-30T05:43:31","slug":"al-alcance-de-todos-ponen-esteban-y-marisol-auxiliares-auditivos-gratuitos","status":"publish","type":"post","link":"https:\/\/samanoticiasdurango.com\/index.php\/2023\/06\/30\/al-alcance-de-todos-ponen-esteban-y-marisol-auxiliares-auditivos-gratuitos\/","title":{"rendered":"Al alcance de todos, ponen Esteban y Marisol auxiliares auditivos gratuitos"},"content":{"rendered":"\n<p>es vamos a cambiar la vida, para que las ni\u00f1as, ni\u00f1os y adultos mayores no se a\u00edslen por no escuchar bien, expres\u00f3 el gobernador Esteban Villegas Villarreal, quien junto a su esposa la presidenta del DIF Estatal, Marisol Rosso Rivera, ponen al alcance de todos, la campa\u00f1a de Auxiliares Auditivos gratuitos.<\/p>\n\n\n\n<p>El Gobierno del Estado de Durango, a trav\u00e9s del Sistema para el Desarrollo Integral de la Familia, en conjunto con el Patrimonio de la Beneficencia P\u00fablica, facilitar\u00e1 auxiliares auditivos sin costo alguno para los municipios, regi\u00f3n Laguna y la capital.<\/p>\n\n\n\n<p>El Ejecutivo Estatal record\u00f3 que la fecha l\u00edmite para solicitar su aparato m\u00e9dico, es hasta el 4 de julio y coment\u00f3 que es papeler\u00eda muy sencilla la que se requiere para ingresar al programa como receta o resumen m\u00e9dico (Sector Salud), INE, CURP, comprobante de domicilio, elaboraci\u00f3n de formatos especiales (por parte del \u00e1rea de Trabajo Social).<\/p>\n\n\n\n<p>Sabemos que cualquier tipo de discapacidad representa gastos y a veces muchos sacrificios, por eso vamos a ayudar a quien m\u00e1s lo necesita con apoyos funcionales que cambiar\u00e1n la vida de muchas familias, indic\u00f3 Marisol Rosso de Villegas, al extender la invitaci\u00f3n para que acudan al DIF Estatal, ubicado sobre bulevar Jos\u00e9 Mar\u00eda Patoni, cerca del hospital General 450.<\/p>\n\n\n\n<p>\u201cGracias al apoyo de mi esposa Marisol tenemos hasta el 4 de julio para poder ingresar a quien requiera aparatos funcionales auditivos de todo el estado completamente gratis, vale la pena\u201d, a\u00f1adi\u00f3 el Gobernador.<\/p>\n\n\n\n<p>Este apoyo a las familias duranguenses, forma parte de las acciones que emprende el Gobierno del Estado para lograr la igualdad, mejorar la calidad de vida y el desarrollo integral de los duranguenses.<\/p>\n","protected":false},"excerpt":{"rendered":"<p>es vamos a cambiar la vida, para que las ni\u00f1as, ni\u00f1os y adultos mayores no<\/p>\n","protected":false},"author":1,"featured_media":5849,"comment_status":"open","ping_status":"open","sticky":false,"template":"","format":"standard","meta":{"om_disable_all_campaigns":false,"_monsterinsights_skip_tracking":false,"_monsterinsights_sitenote_active":false,"_monsterinsights_sitenote_note":"","_monsterinsights_sitenote_category":0,"_jetpack_memberships_contains_paid_content":false,"footnotes":"","jetpack_publicize_message":"","jetpack_publicize_feature_enabled":true,"jetpack_social_post_already_shared":false,"jetpack_social_options":{"image_generator_settings":{"template":"highway","enabled":false},"version":2}},"categories":[1],"tags":[],"class_list":["post-5848","post","type-post","status-publish","format-standard","has-post-thumbnail","hentry","category-archivo"],"jetpack_publicize_connections":[],"aioseo_notices":[],"jetpack_featured_media_url":"https:\/\/samanoticiasdurango.com\/wp-content\/uploads\/2023\/06\/Noticias.00_00_48_17.Imagen-fija001.jpg","featured_image_urls":{"full":["https:\/\/samanoticiasdurango.com\/wp-content\/uploads\/2023\/06\/Noticias.00_00_48_17.Imagen-fija001.jpg",1920,1080,false],"thumbnail":["https:\/\/samanoticiasdurango.com\/wp-content\/uploads\/2023\/06\/Noticias.00_00_48_17.Imagen-fija001-150x150.jpg",150,150,true],"medium":["https:\/\/samanoticiasdurango.com\/wp-content\/uploads\/2023\/06\/Noticias.00_00_48_17.Imagen-fija001-300x169.jpg",300,169,true],"medium_large":["https:\/\/samanoticiasdurango.com\/wp-content\/uploads\/2023\/06\/Noticias.00_00_48_17.Imagen-fija001-768x432.jpg",640,360,true],"large":["https:\/\/samanoticiasdurango.com\/wp-content\/uploads\/2023\/06\/Noticias.00_00_48_17.Imagen-fija001-1024x576.jpg",640,360,true],"1536x1536":["https:\/\/samanoticiasdurango.com\/wp-content\/uploads\/2023\/06\/Noticias.00_00_48_17.Imagen-fija001-1536x864.jpg",1536,864,true],"2048x2048":["https:\/\/samanoticiasdurango.com\/wp-content\/uploads\/2023\/06\/Noticias.00_00_48_17.Imagen-fija001.jpg",1920,1080,false],"chromenews-featured":["https:\/\/samanoticiasdurango.com\/wp-content\/uploads\/2023\/06\/Noticias.00_00_48_17.Imagen-fija001-1024x576.jpg",1024,576,true],"chromenews-large":["https:\/\/samanoticiasdurango.com\/wp-content\/uploads\/2023\/06\/Noticias.00_00_48_17.Imagen-fija001-825x575.jpg",825,575,true],"chromenews-medium":["https:\/\/samanoticiasdurango.com\/wp-content\/uploads\/2023\/06\/Noticias.00_00_48_17.Imagen-fija001-590x410.jpg",590,410,true]},"author_info":{"display_name":"Redacci\u00f3n","author_link":"https:\/\/samanoticiasdurango.com\/index.php\/author\/jjsama13gmail-com\/"},"category_info":"<a href=\"https:\/\/samanoticiasdurango.com\/index.php\/category\/archivo\/\" rel=\"category tag\">DURANGO<\/a>","tag_info":"DURANGO","comment_count":"0","jetpack_sharing_enabled":true,"_links":{"self":[{"href":"https:\/\/samanoticiasdurango.com\/index.php\/wp-json\/wp\/v2\/posts\/5848","targetHints":{"allow":["GET"]}}],"collection":[{"href":"https:\/\/samanoticiasdurango.com\/index.php\/wp-json\/wp\/v2\/posts"}],"about":[{"href":"https:\/\/samanoticiasdurango.com\/index.php\/wp-json\/wp\/v2\/types\/post"}],"author":[{"embeddable":true,"href":"https:\/\/samanoticiasdurango.com\/index.php\/wp-json\/wp\/v2\/users\/1"}],"replies":[{"embeddable":true,"href":"https:\/\/samanoticiasdurango.com\/index.php\/wp-json\/wp\/v2\/comments?post=5848"}],"version-history":[{"count":1,"href":"https:\/\/samanoticiasdurango.com\/index.php\/wp-json\/wp\/v2\/posts\/5848\/revisions"}],"predecessor-version":[{"id":5850,"href":"https:\/\/samanoticiasdurango.com\/index.php\/wp-json\/wp\/v2\/posts\/5848\/revisions\/5850"}],"wp:featuredmedia":[{"embeddable":true,"href":"https:\/\/samanoticiasdurango.com\/index.php\/wp-json\/wp\/v2\/media\/5849"}],"wp:attachment":[{"href":"https:\/\/samanoticiasdurango.com\/index.php\/wp-json\/wp\/v2\/media?parent=5848"}],"wp:term":[{"taxonomy":"category","embeddable":true,"href":"https:\/\/samanoticiasdurango.com\/index.php\/wp-json\/wp\/v2\/categories?post=5848"},{"taxonomy":"post_tag","embeddable":true,"href":"https:\/\/samanoticiasdurango.com\/index.php\/wp-json\/wp\/v2\/tags?post=5848"}],"curies":[{"name":"wp","href":"https:\/\/api.w.org\/{rel}","templated":true}]}}