{"id":6332,"date":"2023-08-19T14:56:51","date_gmt":"2023-08-19T14:56:51","guid":{"rendered":"http:\/\/samanoticiasdurango.com\/?p=6332"},"modified":"2023-08-19T14:59:55","modified_gmt":"2023-08-19T14:59:55","slug":"quo-vadis-por-luis-farias-mackeyquo-vadis","status":"publish","type":"post","link":"https:\/\/samanoticiasdurango.com\/index.php\/2023\/08\/19\/quo-vadis-por-luis-farias-mackeyquo-vadis\/","title":{"rendered":"Quo vadis Por:\u00a0Luis Farias Mackey"},"content":{"rendered":"\n<p>En \u201c<a href=\"https:\/\/bit.ly\/43VUZwc\" target=\"_blank\" rel=\"noreferrer noopener\">No me defiendas compadre<\/a>\u201d lament\u00e9 el nivel de la discusi\u00f3n sobre los Libros de Texto Gratuito, \u00a1y eso que todav\u00eda no empezaban las ma\u00f1aneras vespertinas!, que m\u00e1s que defensa son una mezcla de autoincriminanci\u00f3n, masoquismo y exceso de ignorancia e ineptitud.<\/p>\n\n\n\n<p>Reconozco, claro est\u00e1, muchas participaciones alrededor del tema por su profundidad, ciencia, profesionalismo, capacidad cr\u00edtica y propositiva, principalmente en la prensa escrita y programas de an\u00e1lisis. Sin embargo, esos textos y razonamientos tienen un alcance reducido a un grupo en su mayor\u00eda af\u00edn a sus cr\u00edticas. De suerte tal que para el grueso de los mexicanos el problema de los Libros de Texto se reduce a una lid entre el \u201ccomunismo\u201d y lo que sea en lo que se parapeta el se\u00f1or Salinas Pliego que, a estas alturas y a dueto con la se\u00f1ora Citlalli \u2014\u00a1qu\u00e9 buena pareja hacen, son el uno para la otra!\u2014, parecen jugar carambola a cuatro bandas con el presidente y sus habilidades de enga\u00f1ar, distraer y confrontar como medio para mantener el desgobierno que hoy es M\u00e9xico. Un gobierno, adem\u00e1s, que entre risotadas grita \u201cno te oigo\u201d ante el drama humano de cinco j\u00f3venes que se suman a la muerte de decenas de miles m\u00e1s en M\u00e9xico y contando.<\/p>\n\n\n\n<p>Tengo para m\u00ed que el tema no es, siquiera, los Libros de Texto Gratuito, entre los que la discusi\u00f3n se extraviar\u00e1 en vespertinas, en la nueva versi\u00f3n \u201cAzteca s\u00ed, comunismo no\u201d, estad\u00edstica de errores, conversaciones de reparto entre Salinas y Citlalli, y discusiones sobre temas que, pareciera, fueron incluidos en los libros precisamente para extraviar la discusi\u00f3n y reducirla al&nbsp;<em>vodevile<\/em>, sin ning\u00fan destino m\u00e1s all\u00e1 del ruido medi\u00e1tico y el&nbsp;<em>raiting<\/em>. Habilidades ambas de L\u00f3pez Obrador, genio generar&nbsp;<em>discusiones fuelle<\/em>, que \u201cmientras m\u00e1s se inflan m\u00e1s vac\u00edas est\u00e1n\u201d (Nietzsche).<\/p>\n\n\n\n<p>Pero el problema es otro: el de un gobierno sin sentido ni puerto. Un gobierno que se enmascara en la entelequia de la Transformaci\u00f3n para ocultar que no puede responder a d\u00f3nde va. Porque no lo sabe. Porque lo suyo no es ir, ni hacer, ni llegar; lo suyo es enardecer, extraviar, enfrentar, desperdiciare todas las energ\u00edas individuales y sociales en una entrop\u00eda suicida ensimismada en el espejo de su delirio.<\/p>\n\n\n\n<p>Y as\u00ed, como en contra de la consideraci\u00f3n profesional de sus asesores L\u00f3pez decidi\u00f3 cancelar un aeropuerto a medio construir y pagar en nuestro nombre y con recursos p\u00fablicos algo que jam\u00e1s vamos a tener; levantar un aeropuerto sin accesos terrestres, ni tr\u00e1fico a\u00e9reo; pero que desquici\u00f3 el sistema aeroportuario de la capital del Pa\u00eds y la calificaci\u00f3n a\u00e9rea internacional de M\u00e9xico; as\u00ed como construye una refiner\u00eda en una ci\u00e9nega y hace un ecocidio de escala mundial por el capricho de un tren que \u00e9l personalmente dise\u00f1a cada fin de semana conforme lo construye desde un helic\u00f3ptero. As\u00ed como no existe estrategia alguna en materia de seguridad, ni de salud, ni de pol\u00edtica exterior, ni de nada en este gobierno, para tapar la ausencia de un plan y programa educativos, decidi\u00f3 gastar en unos libros inservibles, en un pleito que hoy amenaza con sal\u00edrseles de control y en condenar a varias generaciones de mexicanos a la esclavitud de las d\u00e1divas de una Transformaci\u00f3n que, adem\u00e1s, a estas alturas ya se qued\u00f3 sin dinero para mantener su vulgar clientelismo.<\/p>\n\n\n\n<p>Los Libros de Textos Gratuito son como sus ma\u00f1aneras: in\u00fatil suma de ocurrencias amontonadas entre rencores y delirios sin m\u00e1s sentido que distraer a M\u00e9xico de su agon\u00eda.<\/p>\n\n\n\n<p>Ese y no otro es \u201cEl Problema\u201d de la 4T, que jam\u00e1s han sabido qu\u00e9 quiere, a d\u00f3nde va, c\u00f3mo llegar a d\u00f3nde no se sabe que no va. Ser una ocurrencia delirante permanente que se consume a s\u00ed misma llev\u00e1ndose a la Naci\u00f3n entre las patas y dementes risotadas.<\/p>\n\n\n\n<p>L\u00f3pez Obrador es un personaje propio de la pol\u00edtica espect\u00e1culo y de la teledemocracia. Si bien se queja de ser el presidente m\u00e1s atacado en el universo y anexas; si bien se doli\u00f3 toda la vida del cerco informativo que, dec\u00eda, sufr\u00eda; la verdad es que desde siempre ha vivido del cuento y la explotaci\u00f3n, del \u201ccolgarse\u201d de aquellas noticias que por su capacidad de audiencia y morbo escog\u00eda d\u00eda a d\u00eda para montarse sobre la ola que los propios medios creaban sin saber que \u00e9l se beneficiaba indirectamente de ello. Ambos buscaban el mismo objetivo: esc\u00e1ndalo, audiencia, emociones bajunas y manipulaci\u00f3n. Si se me permite: apendejar. \u00bfPor qu\u00e9 hoy habr\u00edamos de extra\u00f1arnos que tal sea el mismo uso que hace de los Libros de Texto, si son el mejor medio para llegar a una franja etaria a la que no llega las ma\u00f1aneras ni medios tradicionales? Los Libros de Texto son la versi\u00f3n de consumo infantil de la ma\u00f1anera hecha gobierno.<\/p>\n\n\n\n<p>Pero el problema, repito, no son los libros de nuestro Marx regi\u00f3n 4T y su pilota, es que nadie en M\u00e9xico puede decir hoy a d\u00f3nde va la educaci\u00f3n de nuestros ni\u00f1os; qu\u00e9 queremos ense\u00f1arles; para qu\u00e9, ni c\u00f3mo. Porque es un gobierno incapaz de armar un plan, un programa, un curso de acci\u00f3n, un pensamiento. Y porque nosotros, en lugar de discutirlo, caemos en las trampas sembradas por L\u00f3pez en los libros para hacer de esa conversaci\u00f3n un manicomio.<\/p>\n\n\n\n<p>No nada m\u00e1s en la educaci\u00f3n vivimos en extrav\u00edo. No hay rubro, cualesquiera del acontecer nacional en que el gobierno \u2014\u00e9l para todo efecto pr\u00e1ctico\u2014 tenga la m\u00e1s m\u00ednima idea, porque su mundo es \u00e9l, no los ni\u00f1os, no los muertos, no los desaparecidos, no los enfermos, no \u201cel otro\u201d. Es un hombre\u2014gobierno sin otredad: es Dios.<\/p>\n\n\n\n<p>Volamos a 12 mil metros de altura en lo m\u00e1s profundo de la tormenta perfecta y el piloto no sabe volar, desconoce el avi\u00f3n y sus instrumentos, los principios m\u00e1s elementales de la aeron\u00e1utica, de la f\u00edsica, de la gravedad; no sabe leer el radar, usar la radio, interpretar los instrumentos de vuelo; abrocharse el cintur\u00f3n de seguridad. Para \u00e9l pilotear \u2014respirar\u2014 es pelearse e insultar a tripulaci\u00f3n, a los pasajeros, a los controladores de vuelo, al tr\u00e1fico a\u00e9reo, a las poblaciones sobre las que vuela, al equipaje y hasta el comisariato del avi\u00f3n. Culpar a la nave, a su constructor, al clima, a todo piloto anterior y posterior a \u00e9l y a los Fenicios mientras la nave cae en picada con destino a algo que llama Transformaci\u00f3n y \u00e9l se dedica a flagelar el viento y las nubes con el l\u00e1tigo de su resentimiento.<\/p>\n\n\n\n<p>En esa nave vamos todos, nuestros hijos incluidos, quiz\u00e1s por ello los eduque para la nada.<\/p>\n","protected":false},"excerpt":{"rendered":"<p>En \u201cNo me defiendas compadre\u201d lament\u00e9 el nivel de la discusi\u00f3n sobre los Libros de<\/p>\n","protected":false},"author":1,"featured_media":6333,"comment_status":"open","ping_status":"open","sticky":false,"template":"","format":"standard","meta":{"om_disable_all_campaigns":false,"_monsterinsights_skip_tracking":false,"_monsterinsights_sitenote_active":false,"_monsterinsights_sitenote_note":"","_monsterinsights_sitenote_category":0,"_jetpack_memberships_contains_paid_content":false,"footnotes":"","jetpack_publicize_message":"","jetpack_publicize_feature_enabled":true,"jetpack_social_post_already_shared":false,"jetpack_social_options":{"image_generator_settings":{"template":"highway","enabled":false},"version":2}},"categories":[18],"tags":[],"class_list":["post-6332","post","type-post","status-publish","format-standard","has-post-thumbnail","hentry","category-colaboracion"],"jetpack_publicize_connections":[],"aioseo_notices":[],"jetpack_featured_media_url":"https:\/\/samanoticiasdurango.com\/wp-content\/uploads\/2023\/08\/nota-1144527340649.jpg","featured_image_urls":{"full":["https:\/\/samanoticiasdurango.com\/wp-content\/uploads\/2023\/08\/nota-1144527340649.jpg",780,500,false],"thumbnail":["https:\/\/samanoticiasdurango.com\/wp-content\/uploads\/2023\/08\/nota-1144527340649-150x150.jpg",150,150,true],"medium":["https:\/\/samanoticiasdurango.com\/wp-content\/uploads\/2023\/08\/nota-1144527340649-300x192.jpg",300,192,true],"medium_large":["https:\/\/samanoticiasdurango.com\/wp-content\/uploads\/2023\/08\/nota-1144527340649-768x492.jpg",640,410,true],"large":["https:\/\/samanoticiasdurango.com\/wp-content\/uploads\/2023\/08\/nota-1144527340649.jpg",640,410,false],"1536x1536":["https:\/\/samanoticiasdurango.com\/wp-content\/uploads\/2023\/08\/nota-1144527340649.jpg",780,500,false],"2048x2048":["https:\/\/samanoticiasdurango.com\/wp-content\/uploads\/2023\/08\/nota-1144527340649.jpg",780,500,false],"chromenews-featured":["https:\/\/samanoticiasdurango.com\/wp-content\/uploads\/2023\/08\/nota-1144527340649.jpg",780,500,false],"chromenews-large":["https:\/\/samanoticiasdurango.com\/wp-content\/uploads\/2023\/08\/nota-1144527340649.jpg",780,500,false],"chromenews-medium":["https:\/\/samanoticiasdurango.com\/wp-content\/uploads\/2023\/08\/nota-1144527340649-590x410.jpg",590,410,true]},"author_info":{"display_name":"Redacci\u00f3n","author_link":"https:\/\/samanoticiasdurango.com\/index.php\/author\/jjsama13gmail-com\/"},"category_info":"<a href=\"https:\/\/samanoticiasdurango.com\/index.php\/category\/colaboracion\/\" rel=\"category tag\">OPINION<\/a>","tag_info":"OPINION","comment_count":"0","jetpack_sharing_enabled":true,"_links":{"self":[{"href":"https:\/\/samanoticiasdurango.com\/index.php\/wp-json\/wp\/v2\/posts\/6332","targetHints":{"allow":["GET"]}}],"collection":[{"href":"https:\/\/samanoticiasdurango.com\/index.php\/wp-json\/wp\/v2\/posts"}],"about":[{"href":"https:\/\/samanoticiasdurango.com\/index.php\/wp-json\/wp\/v2\/types\/post"}],"author":[{"embeddable":true,"href":"https:\/\/samanoticiasdurango.com\/index.php\/wp-json\/wp\/v2\/users\/1"}],"replies":[{"embeddable":true,"href":"https:\/\/samanoticiasdurango.com\/index.php\/wp-json\/wp\/v2\/comments?post=6332"}],"version-history":[{"count":2,"href":"https:\/\/samanoticiasdurango.com\/index.php\/wp-json\/wp\/v2\/posts\/6332\/revisions"}],"predecessor-version":[{"id":6335,"href":"https:\/\/samanoticiasdurango.com\/index.php\/wp-json\/wp\/v2\/posts\/6332\/revisions\/6335"}],"wp:featuredmedia":[{"embeddable":true,"href":"https:\/\/samanoticiasdurango.com\/index.php\/wp-json\/wp\/v2\/media\/6333"}],"wp:attachment":[{"href":"https:\/\/samanoticiasdurango.com\/index.php\/wp-json\/wp\/v2\/media?parent=6332"}],"wp:term":[{"taxonomy":"category","embeddable":true,"href":"https:\/\/samanoticiasdurango.com\/index.php\/wp-json\/wp\/v2\/categories?post=6332"},{"taxonomy":"post_tag","embeddable":true,"href":"https:\/\/samanoticiasdurango.com\/index.php\/wp-json\/wp\/v2\/tags?post=6332"}],"curies":[{"name":"wp","href":"https:\/\/api.w.org\/{rel}","templated":true}]}}