{"id":6449,"date":"2023-08-28T04:49:29","date_gmt":"2023-08-28T04:49:29","guid":{"rendered":"http:\/\/samanoticiasdurango.com\/?p=6449"},"modified":"2023-08-28T05:38:49","modified_gmt":"2023-08-28T05:38:49","slug":"dia-del-abuelo-en-mexico-los-datos-de-maltrato-y-abandono-de-personas-de-la-tercera-edad-son-alarmantes","status":"publish","type":"post","link":"https:\/\/samanoticiasdurango.com\/index.php\/2023\/08\/28\/dia-del-abuelo-en-mexico-los-datos-de-maltrato-y-abandono-de-personas-de-la-tercera-edad-son-alarmantes\/","title":{"rendered":"D\u00eda del Abuelo en M\u00e9xico: Los datos de maltrato y abandono de personas de la tercera edad son alarmantes."},"content":{"rendered":"\n<p>En nuestro pa\u00eds se conmemora a los abuelos del hogar el 28 de agosto; sin embargo, los datos de maltrato y abandono de personas de la tercera edad son alarmantes<\/p>\n\n\n\n<p>Fue en 1982 cuando se decret\u00f3 que agosto ser\u00eda el mes del abuelo a nivel internacional. En M\u00e9xico se celebra el d\u00eda 28 desde hace ya varios a\u00f1os. La figura del abuelo es muy importante para las familias mexicanas; sin embargo, contrario a la tradici\u00f3n, en el pa\u00eds hay n\u00fameros alarmantes de personas de la tercera edad que sufren de abandono y maltrato.<\/p>\n\n\n\n<p>Es tanto el maltrato a los adultos mayores en la Rep\u00fablica Mexicana, que el Consejo Nacional para Prevenir la Discriminaci\u00f3n (CONAPRED) tiene dentro de sus luchas abogar por el bienestar de este sector de la poblaci\u00f3n, como lo hace con muchos otros grupos marginados como la comunicad LGTB+ y las personas v\u00edctimas de racismo.<\/p>\n\n\n\n<p>El consejo hace un llamado a \u201ccontrarrestar la gerontofobia debido a que excluye y limita los derechos humanos de las personas mayores de \u00e1mbitos como el laboral, educativo o de atenci\u00f3n m\u00e9dica, lo que tambi\u00e9n deriva en violencia por abandono, exclusi\u00f3n social y discriminaci\u00f3n\u201d.<\/p>\n\n\n\n<p>Las personas de la tercera edad tienen derechos como toda la poblaci\u00f3n, y sus garant\u00edas de servicios de salud, alimentaci\u00f3n, transporte, facilidades y vivienda son necesarias para el correcto funcionamiento de una sociedad que aboga por los derechos humanos fundamentales.<\/p>\n\n\n\n<p>Los n\u00fameros de maltrato a los adultos mayores son realmente preocupantes y se espera que \u00e9stos se multipliquen en los pr\u00f3ximos a\u00f1os.<\/p>\n","protected":false},"excerpt":{"rendered":"<p>En nuestro pa\u00eds se conmemora a los abuelos del hogar el 28 de agosto; sin<\/p>\n","protected":false},"author":1,"featured_media":6450,"comment_status":"open","ping_status":"open","sticky":false,"template":"","format":"standard","meta":{"om_disable_all_campaigns":false,"_monsterinsights_skip_tracking":false,"_monsterinsights_sitenote_active":false,"_monsterinsights_sitenote_note":"","_monsterinsights_sitenote_category":0,"_jetpack_memberships_contains_paid_content":false,"footnotes":"","jetpack_publicize_message":"","jetpack_publicize_feature_enabled":true,"jetpack_social_post_already_shared":false,"jetpack_social_options":{"image_generator_settings":{"template":"highway","enabled":false},"version":2}},"categories":[5],"tags":[],"class_list":["post-6449","post","type-post","status-publish","format-standard","has-post-thumbnail","hentry","category-nacional"],"jetpack_publicize_connections":[],"aioseo_notices":[],"jetpack_featured_media_url":"https:\/\/samanoticiasdurango.com\/wp-content\/uploads\/2023\/08\/ABUELOS-FINAL.jpg","featured_image_urls":{"full":["https:\/\/samanoticiasdurango.com\/wp-content\/uploads\/2023\/08\/ABUELOS-FINAL.jpg",1600,900,false],"thumbnail":["https:\/\/samanoticiasdurango.com\/wp-content\/uploads\/2023\/08\/ABUELOS-FINAL-150x150.jpg",150,150,true],"medium":["https:\/\/samanoticiasdurango.com\/wp-content\/uploads\/2023\/08\/ABUELOS-FINAL-300x169.jpg",300,169,true],"medium_large":["https:\/\/samanoticiasdurango.com\/wp-content\/uploads\/2023\/08\/ABUELOS-FINAL-768x432.jpg",640,360,true],"large":["https:\/\/samanoticiasdurango.com\/wp-content\/uploads\/2023\/08\/ABUELOS-FINAL-1024x576.jpg",640,360,true],"1536x1536":["https:\/\/samanoticiasdurango.com\/wp-content\/uploads\/2023\/08\/ABUELOS-FINAL-1536x864.jpg",1536,864,true],"2048x2048":["https:\/\/samanoticiasdurango.com\/wp-content\/uploads\/2023\/08\/ABUELOS-FINAL.jpg",1600,900,false],"chromenews-featured":["https:\/\/samanoticiasdurango.com\/wp-content\/uploads\/2023\/08\/ABUELOS-FINAL-1024x576.jpg",1024,576,true],"chromenews-large":["https:\/\/samanoticiasdurango.com\/wp-content\/uploads\/2023\/08\/ABUELOS-FINAL-825x575.jpg",825,575,true],"chromenews-medium":["https:\/\/samanoticiasdurango.com\/wp-content\/uploads\/2023\/08\/ABUELOS-FINAL-590x410.jpg",590,410,true]},"author_info":{"display_name":"Redacci\u00f3n","author_link":"https:\/\/samanoticiasdurango.com\/index.php\/author\/jjsama13gmail-com\/"},"category_info":"<a href=\"https:\/\/samanoticiasdurango.com\/index.php\/category\/nacional\/\" rel=\"category tag\">NACIONAL<\/a>","tag_info":"NACIONAL","comment_count":"0","jetpack_sharing_enabled":true,"_links":{"self":[{"href":"https:\/\/samanoticiasdurango.com\/index.php\/wp-json\/wp\/v2\/posts\/6449","targetHints":{"allow":["GET"]}}],"collection":[{"href":"https:\/\/samanoticiasdurango.com\/index.php\/wp-json\/wp\/v2\/posts"}],"about":[{"href":"https:\/\/samanoticiasdurango.com\/index.php\/wp-json\/wp\/v2\/types\/post"}],"author":[{"embeddable":true,"href":"https:\/\/samanoticiasdurango.com\/index.php\/wp-json\/wp\/v2\/users\/1"}],"replies":[{"embeddable":true,"href":"https:\/\/samanoticiasdurango.com\/index.php\/wp-json\/wp\/v2\/comments?post=6449"}],"version-history":[{"count":1,"href":"https:\/\/samanoticiasdurango.com\/index.php\/wp-json\/wp\/v2\/posts\/6449\/revisions"}],"predecessor-version":[{"id":6451,"href":"https:\/\/samanoticiasdurango.com\/index.php\/wp-json\/wp\/v2\/posts\/6449\/revisions\/6451"}],"wp:featuredmedia":[{"embeddable":true,"href":"https:\/\/samanoticiasdurango.com\/index.php\/wp-json\/wp\/v2\/media\/6450"}],"wp:attachment":[{"href":"https:\/\/samanoticiasdurango.com\/index.php\/wp-json\/wp\/v2\/media?parent=6449"}],"wp:term":[{"taxonomy":"category","embeddable":true,"href":"https:\/\/samanoticiasdurango.com\/index.php\/wp-json\/wp\/v2\/categories?post=6449"},{"taxonomy":"post_tag","embeddable":true,"href":"https:\/\/samanoticiasdurango.com\/index.php\/wp-json\/wp\/v2\/tags?post=6449"}],"curies":[{"name":"wp","href":"https:\/\/api.w.org\/{rel}","templated":true}]}}