{"id":6587,"date":"2023-09-06T20:08:53","date_gmt":"2023-09-06T20:08:53","guid":{"rendered":"http:\/\/samanoticiasdurango.com\/?p=6587"},"modified":"2023-09-06T20:08:54","modified_gmt":"2023-09-06T20:08:54","slug":"impulsan-en-durango-ley-alina","status":"publish","type":"post","link":"https:\/\/samanoticiasdurango.com\/index.php\/2023\/09\/06\/impulsan-en-durango-ley-alina\/","title":{"rendered":"Impulsan en Durango \u201cLey Alina\u201d"},"content":{"rendered":"\n<p>A fin que se consider\u00e9 la presunci\u00f3n de la \u201cleg\u00edtima defensa\u201d en los casos de las mujeres v\u00edctimas de violencia de g\u00e9nero que se defienden de sus agresores, la diputada Marisol Carrillo Quiroga present\u00f3 la iniciativa conocida como \u201cLey Alina\u201d, la cual busca reformar el C\u00f3digo Penal del Estado.<\/p>\n\n\n\n<p>\u201cHoy, como diputadas y diputados, tenemos la oportunidad de marcar la diferencia; podemos enviar un mensaje claro de que no toleraremos m\u00e1s la violencia de g\u00e9nero en nuestra sociedad, hacer nuestra parte para construir un mundo m\u00e1s seguro y equitativo para todas las mujeres\u201d, se\u00f1al\u00f3 al hacer uso de la tribuna.<\/p>\n\n\n\n<p>Como fiel promotora de los derechos y la defensa de las mujeres, la legisladora subray\u00f3 que la violencia de g\u00e9nero todav\u00eda es una realidad que afecta a millones de mujeres en el pa\u00eds y en todo el mundo. \u201cNo podemos cerrar los ojos ante esta tragedia cotidiana, que arrebata vidas, sue\u00f1os y dignidad. Debemos ser conscientes de la magnitud del problema y asumir la responsabilidad de ponerle fin\u201d, se\u00f1al\u00f3.<\/p>\n\n\n\n<p>Al realizar la ampliaci\u00f3n de motivos, explic\u00f3 que la \u201cLey Alina\u201d representa un paso crucial, ya que la iniciativa no solo busca reformar nuestro C\u00f3digo Penal, sino que tambi\u00e9n env\u00eda un mensaje claro y contundente en defensa y seguridad de las mujeres.<\/p>\n\n\n\n<p>Al respecto, Carrillo Quiroga se\u00f1al\u00f3 que muchas mujeres se ven obligadas a defenderse por s\u00ed mismas de la violencia f\u00edsica, sexual o feminicida, pero son juzgadas y sentenciadas de manera injusta y no se les brinda la claridad y la protecci\u00f3n que necesitan desesperadamente.<\/p>\n\n\n\n<p>\u201cEsta ley establece reglas precisas sobre la leg\u00edtima defensa y el exceso dentro de la misma, asegurando que las mujeres no sean penalizadas injustamente por proteger sus vidas\u201d, detall\u00f3 durante su intervenci\u00f3n.<\/p>\n\n\n\n<p>A nombre del Grupo Parlamentario de Morena, afirm\u00f3 que la propuesta va m\u00e1s all\u00e1 de las cuestiones legales, ya que representa un compromiso con la igualdad de g\u00e9nero y la justicia social, adem\u00e1s de desafiar las estructuras de poder que a\u00fan perpet\u00faan la violencia de g\u00e9nero.<\/p>\n\n\n\n<p>\u201cEsta presunci\u00f3n de leg\u00edtima defensa es esencial para proteger a las mujeres en situaciones de peligro y se defiendan sin temor a represalias injustas\u201d, finaliz\u00f3 la representante popular.<\/p>\n","protected":false},"excerpt":{"rendered":"<p>A fin que se consider\u00e9 la presunci\u00f3n de la \u201cleg\u00edtima defensa\u201d en los casos de<\/p>\n","protected":false},"author":1,"featured_media":6588,"comment_status":"open","ping_status":"open","sticky":false,"template":"","format":"standard","meta":{"om_disable_all_campaigns":false,"_monsterinsights_skip_tracking":false,"_monsterinsights_sitenote_active":false,"_monsterinsights_sitenote_note":"","_monsterinsights_sitenote_category":0,"_jetpack_memberships_contains_paid_content":false,"footnotes":"","jetpack_publicize_message":"","jetpack_publicize_feature_enabled":true,"jetpack_social_post_already_shared":false,"jetpack_social_options":{"image_generator_settings":{"template":"highway","enabled":false},"version":2}},"categories":[1],"tags":[],"class_list":["post-6587","post","type-post","status-publish","format-standard","has-post-thumbnail","hentry","category-archivo"],"jetpack_publicize_connections":[],"aioseo_notices":[],"jetpack_featured_media_url":"https:\/\/samanoticiasdurango.com\/wp-content\/uploads\/2023\/09\/marisol.png","featured_image_urls":{"full":["https:\/\/samanoticiasdurango.com\/wp-content\/uploads\/2023\/09\/marisol.png",1920,1080,false],"thumbnail":["https:\/\/samanoticiasdurango.com\/wp-content\/uploads\/2023\/09\/marisol-150x150.png",150,150,true],"medium":["https:\/\/samanoticiasdurango.com\/wp-content\/uploads\/2023\/09\/marisol-300x169.png",300,169,true],"medium_large":["https:\/\/samanoticiasdurango.com\/wp-content\/uploads\/2023\/09\/marisol-768x432.png",640,360,true],"large":["https:\/\/samanoticiasdurango.com\/wp-content\/uploads\/2023\/09\/marisol-1024x576.png",640,360,true],"1536x1536":["https:\/\/samanoticiasdurango.com\/wp-content\/uploads\/2023\/09\/marisol-1536x864.png",1536,864,true],"2048x2048":["https:\/\/samanoticiasdurango.com\/wp-content\/uploads\/2023\/09\/marisol.png",1920,1080,false],"chromenews-featured":["https:\/\/samanoticiasdurango.com\/wp-content\/uploads\/2023\/09\/marisol-1024x576.png",1024,576,true],"chromenews-large":["https:\/\/samanoticiasdurango.com\/wp-content\/uploads\/2023\/09\/marisol-825x575.png",825,575,true],"chromenews-medium":["https:\/\/samanoticiasdurango.com\/wp-content\/uploads\/2023\/09\/marisol-590x410.png",590,410,true]},"author_info":{"display_name":"Redacci\u00f3n","author_link":"https:\/\/samanoticiasdurango.com\/index.php\/author\/jjsama13gmail-com\/"},"category_info":"<a href=\"https:\/\/samanoticiasdurango.com\/index.php\/category\/archivo\/\" rel=\"category tag\">DURANGO<\/a>","tag_info":"DURANGO","comment_count":"0","jetpack_sharing_enabled":true,"_links":{"self":[{"href":"https:\/\/samanoticiasdurango.com\/index.php\/wp-json\/wp\/v2\/posts\/6587","targetHints":{"allow":["GET"]}}],"collection":[{"href":"https:\/\/samanoticiasdurango.com\/index.php\/wp-json\/wp\/v2\/posts"}],"about":[{"href":"https:\/\/samanoticiasdurango.com\/index.php\/wp-json\/wp\/v2\/types\/post"}],"author":[{"embeddable":true,"href":"https:\/\/samanoticiasdurango.com\/index.php\/wp-json\/wp\/v2\/users\/1"}],"replies":[{"embeddable":true,"href":"https:\/\/samanoticiasdurango.com\/index.php\/wp-json\/wp\/v2\/comments?post=6587"}],"version-history":[{"count":1,"href":"https:\/\/samanoticiasdurango.com\/index.php\/wp-json\/wp\/v2\/posts\/6587\/revisions"}],"predecessor-version":[{"id":6589,"href":"https:\/\/samanoticiasdurango.com\/index.php\/wp-json\/wp\/v2\/posts\/6587\/revisions\/6589"}],"wp:featuredmedia":[{"embeddable":true,"href":"https:\/\/samanoticiasdurango.com\/index.php\/wp-json\/wp\/v2\/media\/6588"}],"wp:attachment":[{"href":"https:\/\/samanoticiasdurango.com\/index.php\/wp-json\/wp\/v2\/media?parent=6587"}],"wp:term":[{"taxonomy":"category","embeddable":true,"href":"https:\/\/samanoticiasdurango.com\/index.php\/wp-json\/wp\/v2\/categories?post=6587"},{"taxonomy":"post_tag","embeddable":true,"href":"https:\/\/samanoticiasdurango.com\/index.php\/wp-json\/wp\/v2\/tags?post=6587"}],"curies":[{"name":"wp","href":"https:\/\/api.w.org\/{rel}","templated":true}]}}