{"id":6594,"date":"2023-09-06T22:45:50","date_gmt":"2023-09-06T22:45:50","guid":{"rendered":"http:\/\/samanoticiasdurango.com\/?p=6594"},"modified":"2023-09-06T22:59:12","modified_gmt":"2023-09-06T22:59:12","slug":"suprema-corte-despenalizo-el-aborto-en-todo-mexico-2","status":"publish","type":"post","link":"https:\/\/samanoticiasdurango.com\/index.php\/2023\/09\/06\/suprema-corte-despenalizo-el-aborto-en-todo-mexico-2\/","title":{"rendered":"Suprema Corte despenaliz\u00f3 el aborto en todo M\u00e9xico"},"content":{"rendered":"\n<p>Tras a\u00f1os de lucha en M\u00e9xico, la\u00a0<strong>Suprema Corte de Justicia de la Naci\u00f3n (SCJN) despenaliz\u00f3 el aborto\u00a0<\/strong>en todo el pa\u00eds, lo que invalida los art\u00edculos del C\u00f3digo Penal Federal que castigan que mujeres y personas gestantes lleven a cabo la interrupci\u00f3n del embarazo.<\/p>\n\n\n\n<p>\u201cLa Primera Sala de #LaCorte resolvi\u00f3 que\u00a0<strong>es inconstitucional el sistema jur\u00eddico que penaliza el aborto en el C\u00f3digo Penal Federal<\/strong>, ya que viola los derechos humanos de las mujeres y personas con capacidad de gestar\u201d, public\u00f3 la Corte.<\/p>\n\n\n\n<p><img loading=\"lazy\" decoding=\"async\" alt=\"El fallo result\u00f3 positivo para la lucha de miles de mujeres mexicanas. Foto: TW SCJN\" height=\"169\" width=\"590\" src=\"https:\/\/www.infobae.com\/new-resizer\/gQHRb-t_HCurn1g1teXDdWvLvaQ=\/arc-anglerfish-arc2-prod-infobae\/public\/LIASY5YMQRH2LOLW4BHYSCFFO4.jpg\">El fallo result\u00f3 positivo para la lucha de miles de mujeres mexicanas. Foto: TW SCJN<\/p>\n\n\n\n<h2 class=\"wp-block-heading\">Olga S\u00e1nchez Cordero explica resoluci\u00f3n<\/h2>\n\n\n\n<p>La senadora Olga S\u00e1nchez Cordero explic\u00f3 que la resoluci\u00f3n de la Corte significa que ninguna autoridad tiene la facultad de sancionar a quien acuda a realizarse un aborto o a quien lo realice en alguna instituci\u00f3n de salud. Sin embargo, aclar\u00f3 que todav\u00eda se debe interponer un amparo para llevar a cabo el procedimiento.<\/p>\n\n\n\n<p>Te puede interesar:<strong>Ministra Yasm\u00edn Esquivel recibi\u00f3 un reconocimiento por impulsar los derechos de la mujer<\/strong><\/p>\n\n\n\n<p>Indic\u00f3 que falta que el Congreso legisle sobre el tema y adem\u00e1s las cl\u00ednicas y hospitales p\u00fablicos del pa\u00eds deber\u00e1n dar el servicio de manera gratuita.<\/p>\n\n\n\n<p>\u201cLas mujeres o personas gestantes procesadas o sentenciadas por abortar deber\u00e1n ser absueltas\u201d, inform\u00f3 S\u00e1nchez Cordero.<\/p>\n\n\n\n<h2 class=\"wp-block-heading\">Celebran en redes sociales despenalizaci\u00f3n del aborto<\/h2>\n\n\n\n<p>El ministro Arturo Zald\u00edvar fue uno de los principales actores pol\u00edticos en celebrar la resoluci\u00f3n de la Corte: \u201c\u00a1Hasta que la igualdad y la dignidad se vuelvan costumbre!\u201d.<\/p>\n\n\n\n<p><\/p>\n","protected":false},"excerpt":{"rendered":"<p>Tras a\u00f1os de lucha en M\u00e9xico, la\u00a0Suprema Corte de Justicia de la Naci\u00f3n (SCJN) despenaliz\u00f3<\/p>\n","protected":false},"author":1,"featured_media":6595,"comment_status":"open","ping_status":"open","sticky":false,"template":"","format":"standard","meta":{"om_disable_all_campaigns":false,"_monsterinsights_skip_tracking":false,"_monsterinsights_sitenote_active":false,"_monsterinsights_sitenote_note":"","_monsterinsights_sitenote_category":0,"_jetpack_memberships_contains_paid_content":false,"footnotes":"","jetpack_publicize_message":"","jetpack_publicize_feature_enabled":true,"jetpack_social_post_already_shared":false,"jetpack_social_options":{"image_generator_settings":{"template":"highway","enabled":false},"version":2}},"categories":[5],"tags":[],"class_list":["post-6594","post","type-post","status-publish","format-standard","has-post-thumbnail","hentry","category-nacional"],"jetpack_publicize_connections":[],"aioseo_notices":[],"jetpack_featured_media_url":"https:\/\/samanoticiasdurango.com\/wp-content\/uploads\/2023\/09\/Aborto-1.png","featured_image_urls":{"full":["https:\/\/samanoticiasdurango.com\/wp-content\/uploads\/2023\/09\/Aborto-1.png",1600,900,false],"thumbnail":["https:\/\/samanoticiasdurango.com\/wp-content\/uploads\/2023\/09\/Aborto-1-150x150.png",150,150,true],"medium":["https:\/\/samanoticiasdurango.com\/wp-content\/uploads\/2023\/09\/Aborto-1-300x169.png",300,169,true],"medium_large":["https:\/\/samanoticiasdurango.com\/wp-content\/uploads\/2023\/09\/Aborto-1-768x432.png",640,360,true],"large":["https:\/\/samanoticiasdurango.com\/wp-content\/uploads\/2023\/09\/Aborto-1-1024x576.png",640,360,true],"1536x1536":["https:\/\/samanoticiasdurango.com\/wp-content\/uploads\/2023\/09\/Aborto-1-1536x864.png",1536,864,true],"2048x2048":["https:\/\/samanoticiasdurango.com\/wp-content\/uploads\/2023\/09\/Aborto-1.png",1600,900,false],"chromenews-featured":["https:\/\/samanoticiasdurango.com\/wp-content\/uploads\/2023\/09\/Aborto-1-1024x576.png",1024,576,true],"chromenews-large":["https:\/\/samanoticiasdurango.com\/wp-content\/uploads\/2023\/09\/Aborto-1-825x575.png",825,575,true],"chromenews-medium":["https:\/\/samanoticiasdurango.com\/wp-content\/uploads\/2023\/09\/Aborto-1-590x410.png",590,410,true]},"author_info":{"display_name":"Redacci\u00f3n","author_link":"https:\/\/samanoticiasdurango.com\/index.php\/author\/jjsama13gmail-com\/"},"category_info":"<a href=\"https:\/\/samanoticiasdurango.com\/index.php\/category\/nacional\/\" rel=\"category tag\">NACIONAL<\/a>","tag_info":"NACIONAL","comment_count":"0","jetpack_sharing_enabled":true,"_links":{"self":[{"href":"https:\/\/samanoticiasdurango.com\/index.php\/wp-json\/wp\/v2\/posts\/6594","targetHints":{"allow":["GET"]}}],"collection":[{"href":"https:\/\/samanoticiasdurango.com\/index.php\/wp-json\/wp\/v2\/posts"}],"about":[{"href":"https:\/\/samanoticiasdurango.com\/index.php\/wp-json\/wp\/v2\/types\/post"}],"author":[{"embeddable":true,"href":"https:\/\/samanoticiasdurango.com\/index.php\/wp-json\/wp\/v2\/users\/1"}],"replies":[{"embeddable":true,"href":"https:\/\/samanoticiasdurango.com\/index.php\/wp-json\/wp\/v2\/comments?post=6594"}],"version-history":[{"count":1,"href":"https:\/\/samanoticiasdurango.com\/index.php\/wp-json\/wp\/v2\/posts\/6594\/revisions"}],"predecessor-version":[{"id":6596,"href":"https:\/\/samanoticiasdurango.com\/index.php\/wp-json\/wp\/v2\/posts\/6594\/revisions\/6596"}],"wp:featuredmedia":[{"embeddable":true,"href":"https:\/\/samanoticiasdurango.com\/index.php\/wp-json\/wp\/v2\/media\/6595"}],"wp:attachment":[{"href":"https:\/\/samanoticiasdurango.com\/index.php\/wp-json\/wp\/v2\/media?parent=6594"}],"wp:term":[{"taxonomy":"category","embeddable":true,"href":"https:\/\/samanoticiasdurango.com\/index.php\/wp-json\/wp\/v2\/categories?post=6594"},{"taxonomy":"post_tag","embeddable":true,"href":"https:\/\/samanoticiasdurango.com\/index.php\/wp-json\/wp\/v2\/tags?post=6594"}],"curies":[{"name":"wp","href":"https:\/\/api.w.org\/{rel}","templated":true}]}}