{"id":6638,"date":"2023-09-08T18:11:15","date_gmt":"2023-09-08T18:11:15","guid":{"rendered":"http:\/\/samanoticiasdurango.com\/?p=6638"},"modified":"2023-09-08T18:22:03","modified_gmt":"2023-09-08T18:22:03","slug":"en-menos-de-una-hora-sismos-magnitud-5-7-y-5-8-en-costas-de-jalisco","status":"publish","type":"post","link":"https:\/\/samanoticiasdurango.com\/index.php\/2023\/09\/08\/en-menos-de-una-hora-sismos-magnitud-5-7-y-5-8-en-costas-de-jalisco\/","title":{"rendered":"<a href=\"https:\/\/lopezdoriga.com\/nacional\/dos-sismos-costas-jalisco\/\">En menos de una hora, sismos magnitud 5.7 y 5.8 en costas de Jalisco<\/a>"},"content":{"rendered":"\n<p>El&nbsp;<strong>Servicio Sismol\u00f3gico Nacional<\/strong>&nbsp;(<a href=\"https:\/\/twitter.com\/SismologicoMX\" target=\"_blank\" rel=\"noreferrer noopener\">SSN<\/a>) inform\u00f3 hoy por la ma\u00f1ana de&nbsp;<strong>dos<\/strong>&nbsp;<strong>sismos<\/strong>, los cuales se ubicaron en costas de&nbsp;<strong>Jalisco<\/strong>.<\/p>\n\n\n\n<p>Por medio de redes sociales, el SSN detall\u00f3 que el primero ocurri\u00f3 a las 9:53 h con una magnitud 5.7 y se localiz\u00f3 a 89 kil\u00f3metros al oeste de\u00a0<strong>Cihuatl\u00e1n<\/strong>, con una profundidad de 11 kil\u00f3metros.<\/p>\n\n\n\n<p>Tras el movimiento edificios p\u00fablicos de la Zona Metropolitana de Puerto Vallarta fueron evacuados de manera preventiva en tanto que el personal de Protecci\u00f3n Civil y brigadas internas realizan la valoraci\u00f3n de los inmuebles.<\/p>\n\n\n\n<p>El segundo sismo fue de magnitud 5.8 y se registr\u00f3 a las 10:37 h, a 64 kil\u00f3metros tambi\u00e9n al oeste de&nbsp;<strong>Cihuatl\u00e1n<\/strong>, con una profundidad de<strong>&nbsp;4.1 kil\u00f3metros<\/strong>.<\/p>\n\n\n\n<p>La\u00a0<strong>Coordinaci\u00f3n Nacional de Protecci\u00f3n Civil<\/strong>\u00a0(<strong>CNPC<\/strong>) detall\u00f3 que se contin\u00faa en comunicaci\u00f3n con las unidades estatales y municipales para realizar evaluaciones en la zona del temblor.<\/p>\n\n\n\n<p>Protecci\u00f3n Civil del estado de Jalisco apunt\u00f3 que de momento no se tiene reporte de afectaciones por ambos sismos.<\/p>\n\n\n\n<p>Con informaci\u00f3n de L\u00f3pez-D\u00f3riga Digital<\/p>\n","protected":false},"excerpt":{"rendered":"<p>El&nbsp;Servicio Sismol\u00f3gico Nacional&nbsp;(SSN) inform\u00f3 hoy por la ma\u00f1ana de&nbsp;dos&nbsp;sismos, los cuales se ubicaron en costas<\/p>\n","protected":false},"author":1,"featured_media":6639,"comment_status":"open","ping_status":"open","sticky":false,"template":"","format":"standard","meta":{"om_disable_all_campaigns":false,"_monsterinsights_skip_tracking":false,"_monsterinsights_sitenote_active":false,"_monsterinsights_sitenote_note":"","_monsterinsights_sitenote_category":0,"_jetpack_memberships_contains_paid_content":false,"footnotes":"","jetpack_publicize_message":"","jetpack_publicize_feature_enabled":true,"jetpack_social_post_already_shared":false,"jetpack_social_options":{"image_generator_settings":{"template":"highway","enabled":false},"version":2}},"categories":[5],"tags":[],"class_list":["post-6638","post","type-post","status-publish","format-standard","has-post-thumbnail","hentry","category-nacional"],"jetpack_publicize_connections":[],"aioseo_notices":[],"jetpack_featured_media_url":"https:\/\/samanoticiasdurango.com\/wp-content\/uploads\/2023\/09\/AGUA.00_00_02_26.Imagen-fija006.png","featured_image_urls":{"full":["https:\/\/samanoticiasdurango.com\/wp-content\/uploads\/2023\/09\/AGUA.00_00_02_26.Imagen-fija006.png",1600,900,false],"thumbnail":["https:\/\/samanoticiasdurango.com\/wp-content\/uploads\/2023\/09\/AGUA.00_00_02_26.Imagen-fija006-150x150.png",150,150,true],"medium":["https:\/\/samanoticiasdurango.com\/wp-content\/uploads\/2023\/09\/AGUA.00_00_02_26.Imagen-fija006-300x169.png",300,169,true],"medium_large":["https:\/\/samanoticiasdurango.com\/wp-content\/uploads\/2023\/09\/AGUA.00_00_02_26.Imagen-fija006-768x432.png",640,360,true],"large":["https:\/\/samanoticiasdurango.com\/wp-content\/uploads\/2023\/09\/AGUA.00_00_02_26.Imagen-fija006-1024x576.png",640,360,true],"1536x1536":["https:\/\/samanoticiasdurango.com\/wp-content\/uploads\/2023\/09\/AGUA.00_00_02_26.Imagen-fija006-1536x864.png",1536,864,true],"2048x2048":["https:\/\/samanoticiasdurango.com\/wp-content\/uploads\/2023\/09\/AGUA.00_00_02_26.Imagen-fija006.png",1600,900,false],"chromenews-featured":["https:\/\/samanoticiasdurango.com\/wp-content\/uploads\/2023\/09\/AGUA.00_00_02_26.Imagen-fija006-1024x576.png",1024,576,true],"chromenews-large":["https:\/\/samanoticiasdurango.com\/wp-content\/uploads\/2023\/09\/AGUA.00_00_02_26.Imagen-fija006-825x575.png",825,575,true],"chromenews-medium":["https:\/\/samanoticiasdurango.com\/wp-content\/uploads\/2023\/09\/AGUA.00_00_02_26.Imagen-fija006-590x410.png",590,410,true]},"author_info":{"display_name":"Redacci\u00f3n","author_link":"https:\/\/samanoticiasdurango.com\/index.php\/author\/jjsama13gmail-com\/"},"category_info":"<a href=\"https:\/\/samanoticiasdurango.com\/index.php\/category\/nacional\/\" rel=\"category tag\">NACIONAL<\/a>","tag_info":"NACIONAL","comment_count":"0","jetpack_sharing_enabled":true,"_links":{"self":[{"href":"https:\/\/samanoticiasdurango.com\/index.php\/wp-json\/wp\/v2\/posts\/6638","targetHints":{"allow":["GET"]}}],"collection":[{"href":"https:\/\/samanoticiasdurango.com\/index.php\/wp-json\/wp\/v2\/posts"}],"about":[{"href":"https:\/\/samanoticiasdurango.com\/index.php\/wp-json\/wp\/v2\/types\/post"}],"author":[{"embeddable":true,"href":"https:\/\/samanoticiasdurango.com\/index.php\/wp-json\/wp\/v2\/users\/1"}],"replies":[{"embeddable":true,"href":"https:\/\/samanoticiasdurango.com\/index.php\/wp-json\/wp\/v2\/comments?post=6638"}],"version-history":[{"count":1,"href":"https:\/\/samanoticiasdurango.com\/index.php\/wp-json\/wp\/v2\/posts\/6638\/revisions"}],"predecessor-version":[{"id":6640,"href":"https:\/\/samanoticiasdurango.com\/index.php\/wp-json\/wp\/v2\/posts\/6638\/revisions\/6640"}],"wp:featuredmedia":[{"embeddable":true,"href":"https:\/\/samanoticiasdurango.com\/index.php\/wp-json\/wp\/v2\/media\/6639"}],"wp:attachment":[{"href":"https:\/\/samanoticiasdurango.com\/index.php\/wp-json\/wp\/v2\/media?parent=6638"}],"wp:term":[{"taxonomy":"category","embeddable":true,"href":"https:\/\/samanoticiasdurango.com\/index.php\/wp-json\/wp\/v2\/categories?post=6638"},{"taxonomy":"post_tag","embeddable":true,"href":"https:\/\/samanoticiasdurango.com\/index.php\/wp-json\/wp\/v2\/tags?post=6638"}],"curies":[{"name":"wp","href":"https:\/\/api.w.org\/{rel}","templated":true}]}}